{"id":34243,"date":"2023-09-14T08:03:32","date_gmt":"2023-09-14T11:03:32","guid":{"rendered":"https:\/\/g1.globo.com\/pb\/paraiba\/noticia\/2023\/09\/14\/caso-victoria-aragao-suspeitos-teriam-usado-fogo-ou-produto-quimico-para-dissolver-corpo-de-adolescente.ghtml"},"modified":"2023-09-14T08:03:32","modified_gmt":"2023-09-14T11:03:32","slug":"caso-victoria-aragao-suspeitos-teriam-usado-fogo-ou-produto-quimico-para-dissolver-corpo-de-adolescente","status":"publish","type":"post","link":"https:\/\/sindaopcpb.org.br\/index.php\/2023\/09\/14\/caso-victoria-aragao-suspeitos-teriam-usado-fogo-ou-produto-quimico-para-dissolver-corpo-de-adolescente\/","title":{"rendered":"Caso Vict\u00f3ria Arag\u00e3o: suspeitos teriam usado fogo ou produto qu\u00edmico para dissolver corpo de adolescente"},"content":{"rendered":"   <img src=\"https:\/\/s2.glbimg.com\/HXDUroKYURH_5EBk-yDS6gyqNos=\/i.s3.glbimg.com\/v1\/AUTH_59edd422c0c84a879bd37670ae4f538a\/internal_photos\/bs\/2023\/A\/x\/CKpvJNTZCgZyfwUAav4A\/adolescente-desaparecida-galante.jpg\" \/><br \/>     Per\u00edcia constatou que t\u00f3rax apresentava les\u00f5es compat\u00edveis com abras\u00e3o por produto qu\u00edmico ou por fogo. Corpo foi identificado por meio de digitais e deve ser liberado para a fam\u00edlia.\n Vict\u00f3ria Arag\u00e3o, de 14 anos, est\u00e1 desaparecida h\u00e1 5 dias em Galante, distrito de Campina Grande.\nArquivo\/Vanessa Arag\u00e3o\nOs suspeitos de matar a adolescente Vict\u00f3ria Arag\u00e3o, de 14 anos, utilizaram fogo ou algum produto qu\u00edmico para tentar dissolver o corpo da v\u00edtima, segundo constatou a per\u00edcia feita pelo N\u00facleo de Medicina e Odontologia Legal de Campina Grande (Numol-CG). O corpo da jovem foi encontrado no distrito de Galante, em Campina Grande, no \u00faltimo dia 29, tr\u00eas dias depois do seu desaparecimento, mas a pol\u00edcia apenas confirmou que era a adolescente na ter\u00e7a-feira (5), depois de investiga\u00e7\u00f5es.\nO estado em que o corpo estava quando foi encontrado pela pol\u00edcia era incompat\u00edvel com a decomposi\u00e7\u00e3o natural relativa ao curto tempo entre o desaparecimento dela e a data em que o corpo foi encontrado e, segundo o diretor do Numol-CG, M\u00e1rcio Leandro, os suspeitos usaram algum produto qu\u00edmico, ou fogo, para tentar dissolver o corpo.\n\u201cOs membros inferiores do corpo estavam bem mais preservados do que o t\u00f3rax, que apresentava sinais de desgaste e pode ter rela\u00e7\u00e3o com algum conte\u00fado qu\u00edmico ou com fogo, porque os \u00f3rg\u00e3os j\u00e1 estavam dissolvidos. Pelo estado em que o corpo estava, com certeza houve algum agente externo na pr\u00e1tica do delito\u201d, disse. \nCaso Vict\u00f3ria: Fam\u00edlia ainda aguarda libera\u00e7\u00e3o do corpo da menina no Numol\nO inqu\u00e9rito sobre o homic\u00eddio de Vict\u00f3ria Arag\u00e3o deve ser conclu\u00eddo ainda esta semana, segundo a Pol\u00edcia Civil. At\u00e9 esta quinta-feira (14), dois adolescentes foram identificados pela pol\u00edcia como poss\u00edveis suspeitos do crime. A pol\u00edcia n\u00e3o deu detalhes sobre a motiva\u00e7\u00e3o e a din\u00e2mica da morte de Vict\u00f3ria.\nAinda de acordo com o diretor do Numol-CG, a identifica\u00e7\u00e3o de que o corpo se tratava do da adolescente foi feita por meio da digital dela, e ainda nesta quinta-feira ele deve ser liberado para a fam\u00edlia. \u201cEstamos providenciando os tr\u00e2mites administrativos, a prepara\u00e7\u00e3o de documentos e cadastro em sistemas, para que seja liberado o mais r\u00e1pido poss\u00edvel para a fam\u00edlia\u201d, completou.\nA fam\u00edlia da adolescente n\u00e3o divulgou detalhes sobre vel\u00f3rio e enterro, pois ainda n\u00e3o decidiram se ela vai ser enterrada no distrito de Galante, onde a fam\u00edlia mora, ou se vai para o cemit\u00e9rio da cidade de Serra Redonda, onde moram outros parentes da adolescente. \nEntenda o caso Vict\u00f3ria Arag\u00e3o\nVict\u00f3ria Arag\u00e3o, de 14 anos, foi achada morta dois dias depois de desaparecer em Galante, Campina Grande\nAmy Nascimento\/TV Para\u00edba\nVict\u00f3ria Arag\u00e3o, de 14 anos, desapareceu no dia 26 de agosto, no distrito de Galante, em Campina Grande. De acordo com a m\u00e3e da jovem, ela saiu de casa no s\u00e1bado por volta das 19h, usando saia jeans, cropped azul e casaco. A garota informou que iria encontrar as amigas na pra\u00e7a do distrito.\nPor volta das 21h, Vict\u00f3ria teria mandando uma mensagem para o av\u00f4 dizendo que odiava Galante, odiava a todos e que iria embora para Campina Grande. Ela sofria de depress\u00e3o e ansiedade, mas segundo a m\u00e3e, fazia tratamento e tomava rem\u00e9dios regularmente. Na madrugada do domingo (27), a fam\u00edlia fez um boletim de ocorr\u00eancia pelo desaparecimento de Vict\u00f3ria.\nAv\u00f4 de Vict\u00f3ria recebeu mensagem que a fam\u00edlia acredita que n\u00e3o foi enviada pela neta\nAmy Nascimento\/TV Para\u00edba\nNa ter\u00e7a-feira (29), um corpo em estado avan\u00e7ado de decomposi\u00e7\u00e3o foi encontrado em uma regi\u00e3o de mata do distrito. N\u00e3o foi poss\u00edvel determinar sexo ou idade da v\u00edtima sem a realiza\u00e7\u00e3o de exames. A \u00fanica informa\u00e7\u00e3o era que em uma das m\u00e3os do corpo tinha um anel preto.\nAp\u00f3s investiga\u00e7\u00f5es, a Pol\u00edcia Civil confirmou na ter\u00e7a-feira (5) que o corpo encontrado \u00e9 de Vict\u00f3ria. O corpo estava desfigurado e, no dia do encontro, o av\u00f4 desconfiou que pudesse se tratar de Vict\u00f3ria por causa das unhas, pintadas de azul, e de um anel que ela usava, mas a confirma\u00e7\u00e3o s\u00f3 foi poss\u00edvel ap\u00f3s per\u00edcia.\nConforme a fam\u00edlia, o local n\u00e3o tem resid\u00eancias e n\u00e3o era um lugar onde a adolescente transitava, e que algum conhecido deve ter levado a v\u00edtima para l\u00e1.\nTerreno baldio que d\u00e1 acesso \u00e0 mata onde corpo foi encontrado \u00e9 isolado pela pol\u00edcia em distrito de Campina Grande.\nEwerton Correia\/TVPB\nSegundo a av\u00f3 de Vict\u00f3ria, S\u00f4nia Dias, a adolescente tinha duas amigas pr\u00f3ximas, que frequentavam a casa h\u00e1 muito tempo, mas que no \u00faltimo m\u00eas, pessoas desconhecidas passaram a se aproximar da neta, e que ela n\u00e3o gostava dessas novas amizades.\nO av\u00f4, Geneton Arag\u00e3o, explicou que notou h\u00e1 algum tempo que a neta estava mais calada, e por diversas vezes a ouviu discutindo com outras pessoas e chorando no telefone. No dia do desaparecimento, foi Geneton quem recebeu a suposta mensagem da neta, indicando que iria fugir para Campina Grande.\nDe acordo com o superintendente da Pol\u00edcia Civil, Cristiano Santana, os agentes seguem recolhendo depoimentos.\nV\u00eddeos mais assistidos do g1 Para\u00edba  ","protected":false},"excerpt":{"rendered":"<p>        Per\u00edcia constatou que t\u00f3rax apresentava les\u00f5es compat\u00edveis com abras\u00e3o por produto qu\u00edmico ou por fogo. Corpo foi identificado por meio de digitais e deve ser liberado para a fam\u00edlia.<br \/>\n Vict\u00f3ria Arag\u00e3o, de 14 anos, est\u00e1 desaparecida h\u00e1 5 dias em&#8230;<\/p>\n","protected":false},"author":2,"featured_media":0,"comment_status":"closed","ping_status":"closed","sticky":false,"template":"","format":"standard","meta":{"advgb_blocks_editor_width":"","advgb_blocks_columns_visual_guide":"","footnotes":""},"categories":[34],"tags":[35],"class_list":["post-34243","post","type-post","status-publish","format-standard","hentry","category-g1","tag-g1"],"author_meta":{"display_name":"g1 &gt; Para\u00edba","author_link":"https:\/\/sindaopcpb.org.br\/author\/g1-paraiba\/"},"featured_img":null,"coauthors":[],"tax_additional":{"categories":{"linked":["<a href=\"https:\/\/sindaopcpb.org.br\/g1\/\" class=\"advgb-post-tax-term\">G1<\/a>"],"unlinked":["<span class=\"advgb-post-tax-term\">G1<\/span>"]},"tags":{"linked":["<a href=\"https:\/\/sindaopcpb.org.br\/g1\/\" class=\"advgb-post-tax-term\">g1<\/a>"],"unlinked":["<span class=\"advgb-post-tax-term\">g1<\/span>"]}},"comment_count":"0","relative_dates":{"created":"Publicado 3 anos atr\u00e1s","modified":"Atualizado 3 anos atr\u00e1s"},"absolute_dates":{"created":"Publicado em 14 de setembro de 2023","modified":"Atualizado em 14 de setembro de 2023"},"absolute_dates_time":{"created":"Publicado em 14 de setembro de 2023 08:03","modified":"Atualizado em 14 de setembro de 2023 08:03"},"featured_img_caption":"","series_order":"","_links":{"self":[{"href":"https:\/\/sindaopcpb.org.br\/index.php\/wp-json\/wp\/v2\/posts\/34243","targetHints":{"allow":["GET"]}}],"collection":[{"href":"https:\/\/sindaopcpb.org.br\/index.php\/wp-json\/wp\/v2\/posts"}],"about":[{"href":"https:\/\/sindaopcpb.org.br\/index.php\/wp-json\/wp\/v2\/types\/post"}],"author":[{"embeddable":true,"href":"https:\/\/sindaopcpb.org.br\/index.php\/wp-json\/wp\/v2\/users\/2"}],"replies":[{"embeddable":true,"href":"https:\/\/sindaopcpb.org.br\/index.php\/wp-json\/wp\/v2\/comments?post=34243"}],"version-history":[{"count":1,"href":"https:\/\/sindaopcpb.org.br\/index.php\/wp-json\/wp\/v2\/posts\/34243\/revisions"}],"predecessor-version":[{"id":34244,"href":"https:\/\/sindaopcpb.org.br\/index.php\/wp-json\/wp\/v2\/posts\/34243\/revisions\/34244"}],"wp:attachment":[{"href":"https:\/\/sindaopcpb.org.br\/index.php\/wp-json\/wp\/v2\/media?parent=34243"}],"wp:term":[{"taxonomy":"category","embeddable":true,"href":"https:\/\/sindaopcpb.org.br\/index.php\/wp-json\/wp\/v2\/categories?post=34243"},{"taxonomy":"post_tag","embeddable":true,"href":"https:\/\/sindaopcpb.org.br\/index.php\/wp-json\/wp\/v2\/tags?post=34243"}],"curies":[{"name":"wp","href":"https:\/\/api.w.org\/{rel}","templated":true}]}}