{"id":34233,"date":"2023-09-14T07:51:53","date_gmt":"2023-09-14T10:51:53","guid":{"rendered":"https:\/\/wpa.wscom.com.br\/?p=922895"},"modified":"2023-09-14T07:51:53","modified_gmt":"2023-09-14T10:51:53","slug":"governo-federal-reconhece-situacao-de-emergencia-por-estiagem-em-itaporanga","status":"publish","type":"post","link":"https:\/\/sindaopcpb.org.br\/index.php\/2023\/09\/14\/governo-federal-reconhece-situacao-de-emergencia-por-estiagem-em-itaporanga\/","title":{"rendered":"Governo Federal reconhece situa\u00e7\u00e3o de emerg\u00eancia por estiagem em Itaporanga"},"content":{"rendered":"<p>&nbsp;<\/p>\n<p>&nbsp;<\/p>\n<p>O munic\u00edpio de Itaporanga, no Sert\u00e3o da Para\u00edba, teve sua situa\u00e7\u00e3o de emerg\u00eancia decretada devido \u00e0 estiagem reconhecida pelo Governo Federal. A portaria oficial foi publicada nesta quinta-feira (14) pelo Minist\u00e9rio da Integra\u00e7\u00e3o e do Desenvolvimento Regional, por meio da Secretaria Nacional de Prote\u00e7\u00e3o e Defesa Civil.<\/p>\n<p>O reconhecimento, baseado em decreto emitido pela prefeitura no \u00faltimo dia 6, possibilita que Itaporanga solicite recursos da Uni\u00e3o para atender \u00e0 popula\u00e7\u00e3o afetada. As a\u00e7\u00f5es contemplam assist\u00eancia \u00e0s v\u00edtimas, restabelecimento de servi\u00e7os essenciais e a reconstru\u00e7\u00e3o de infraestrutura danificada.<\/p>\n<p>Para obter os recursos, os munic\u00edpios afetados por desastres devem realizar a solicita\u00e7\u00e3o por meio do Sistema Integrado de Informa\u00e7\u00f5es sobre Desastres (S2iD). A equipe t\u00e9cnica da Defesa Civil Nacional avalia as metas e valores requisitados, e, com a aprova\u00e7\u00e3o, uma portaria \u00e9 publicada no Di\u00e1rio Oficial da Uni\u00e3o, especificando o montante a ser disponibilizado.<\/p>\n<p>O post <a rel=\"nofollow noopener\" href=\"https:\/\/wscom.com.br\/governo-federal-reconhece-situacao-de-emergencia-por-estiagem-em-itaporanga\/\" target=\"_blank\">Governo Federal reconhece situa\u00e7\u00e3o de emerg\u00eancia por estiagem em Itaporanga<\/a> apareceu primeiro em <a rel=\"nofollow noopener\" href=\"https:\/\/wscom.com.br\/\" target=\"_blank\">WSCOM<\/a>.<\/p>\n","protected":false},"excerpt":{"rendered":"<p>\u00a0 \u00a0 O munic\u00edpio de Itaporanga, no Sert\u00e3o da Para\u00edba, teve sua situa\u00e7\u00e3o de emerg\u00eancia decretada devido \u00e0 estiagem reconhecida pelo Governo Federal. A portaria oficial foi publicada nesta quinta-feira (14) pelo Minist\u00e9rio da Integra\u00e7\u00e3o e do Desenvolvimento Regional, por meio da Secretaria Nacional de Prote\u00e7\u00e3o e Defesa Civil. O reconhecimento, baseado em decreto emitido [\u2026]<\/p>\n<p>O post <a rel=\"nofollow\" href=\"https:\/\/wscom.com.br\/governo-federal-reconhece-situacao-de-emergencia-por-estiagem-em-itaporanga\/\">Governo Federal reconhece situa\u00e7\u00e3o de emerg\u00eancia por estiagem em Itaporanga<\/a> apareceu primeiro em <a rel=\"nofollow\" href=\"https:\/\/wscom.com.br\/\">WSCOM<\/a>.<\/p>\n","protected":false},"author":42,"featured_media":0,"comment_status":"closed","ping_status":"closed","sticky":false,"template":"","format":"standard","meta":{"advgb_blocks_editor_width":"","advgb_blocks_columns_visual_guide":"","footnotes":""},"categories":[3391,34,187,1798,54],"tags":[35],"class_list":["post-34233","post","type-post","status-publish","format-standard","hentry","category-estiagem","category-g1","category-governo-federal","category-itaporanga","category-paraiba","tag-g1"],"author_meta":{"display_name":"Rafael Andrade","author_link":"https:\/\/sindaopcpb.org.br\/author\/rafael-andrade\/"},"featured_img":null,"coauthors":[],"tax_additional":{"categories":{"linked":["<a href=\"https:\/\/sindaopcpb.org.br\/estiagem\/\" class=\"advgb-post-tax-term\">Estiagem<\/a>","<a href=\"https:\/\/sindaopcpb.org.br\/g1\/\" class=\"advgb-post-tax-term\">G1<\/a>","<a href=\"https:\/\/sindaopcpb.org.br\/governo-federal\/\" class=\"advgb-post-tax-term\">Governo Federal<\/a>","<a href=\"https:\/\/sindaopcpb.org.br\/itaporanga\/\" class=\"advgb-post-tax-term\">itaporanga<\/a>","<a href=\"https:\/\/sindaopcpb.org.br\/paraiba\/\" class=\"advgb-post-tax-term\">Para\u00edba<\/a>"],"unlinked":["<span class=\"advgb-post-tax-term\">Estiagem<\/span>","<span class=\"advgb-post-tax-term\">G1<\/span>","<span class=\"advgb-post-tax-term\">Governo Federal<\/span>","<span class=\"advgb-post-tax-term\">itaporanga<\/span>","<span class=\"advgb-post-tax-term\">Para\u00edba<\/span>"]},"tags":{"linked":["<a href=\"https:\/\/sindaopcpb.org.br\/paraiba\/\" class=\"advgb-post-tax-term\">g1<\/a>"],"unlinked":["<span class=\"advgb-post-tax-term\">g1<\/span>"]}},"comment_count":"0","relative_dates":{"created":"Publicado 3 anos atr\u00e1s","modified":"Atualizado 3 anos atr\u00e1s"},"absolute_dates":{"created":"Publicado em 14 de setembro de 2023","modified":"Atualizado em 14 de setembro de 2023"},"absolute_dates_time":{"created":"Publicado em 14 de setembro de 2023 07:51","modified":"Atualizado em 14 de setembro de 2023 07:51"},"featured_img_caption":"","series_order":"","_links":{"self":[{"href":"https:\/\/sindaopcpb.org.br\/index.php\/wp-json\/wp\/v2\/posts\/34233","targetHints":{"allow":["GET"]}}],"collection":[{"href":"https:\/\/sindaopcpb.org.br\/index.php\/wp-json\/wp\/v2\/posts"}],"about":[{"href":"https:\/\/sindaopcpb.org.br\/index.php\/wp-json\/wp\/v2\/types\/post"}],"author":[{"embeddable":true,"href":"https:\/\/sindaopcpb.org.br\/index.php\/wp-json\/wp\/v2\/users\/42"}],"replies":[{"embeddable":true,"href":"https:\/\/sindaopcpb.org.br\/index.php\/wp-json\/wp\/v2\/comments?post=34233"}],"version-history":[{"count":1,"href":"https:\/\/sindaopcpb.org.br\/index.php\/wp-json\/wp\/v2\/posts\/34233\/revisions"}],"predecessor-version":[{"id":34234,"href":"https:\/\/sindaopcpb.org.br\/index.php\/wp-json\/wp\/v2\/posts\/34233\/revisions\/34234"}],"wp:attachment":[{"href":"https:\/\/sindaopcpb.org.br\/index.php\/wp-json\/wp\/v2\/media?parent=34233"}],"wp:term":[{"taxonomy":"category","embeddable":true,"href":"https:\/\/sindaopcpb.org.br\/index.php\/wp-json\/wp\/v2\/categories?post=34233"},{"taxonomy":"post_tag","embeddable":true,"href":"https:\/\/sindaopcpb.org.br\/index.php\/wp-json\/wp\/v2\/tags?post=34233"}],"curies":[{"name":"wp","href":"https:\/\/api.w.org\/{rel}","templated":true}]}}