{"id":34205,"date":"2023-09-13T19:38:59","date_gmt":"2023-09-13T22:38:59","guid":{"rendered":"https:\/\/wpa.wscom.com.br\/?p=922827"},"modified":"2023-09-13T19:38:59","modified_gmt":"2023-09-13T22:38:59","slug":"leila-obtem-medida-protetiva-contra-lideres-de-organizada-do-palmeiras-apos-ameacas-em-live","status":"publish","type":"post","link":"https:\/\/sindaopcpb.org.br\/index.php\/2023\/09\/13\/leila-obtem-medida-protetiva-contra-lideres-de-organizada-do-palmeiras-apos-ameacas-em-live\/","title":{"rendered":"Leila obt\u00e9m medida protetiva contra l\u00edderes de organizada do Palmeiras ap\u00f3s amea\u00e7as em live"},"content":{"rendered":"<p>A presidente do <strong>Palmeiras<\/strong>, Leila Pereira, conseguiu medida protetiva contra tr\u00eas membros da Mancha Alviverde, principal torcida organizada do clube, por amea\u00e7as sofridas de perfis fakes durante live que transmitia o protesto realizado por torcedores na porta da empresa dela, no dia 29 de junho de 2023.<\/p>\n<p>Depois disso, a mandat\u00e1ria ainda foi alvo de outras manifesta\u00e7\u00f5es, como antes da partida contra o Fortaleza, no Allianz Parque, pelo Brasileir\u00e3o, no dia 22 de julho (veja nos v\u00eddeos abaixo).<\/p>\n<p>Em decis\u00e3o do juiz Fabr\u00edcio Reali Zia, o presidente da Mancha Alviverde, Jorge Luis Sampaio Santos, e os vice-presidentes da organizada Thiago Melo, o &#8220;Pato Roko&#8221;, e Felipe de Mattos, o Fezinho, est\u00e3o proibidos de terem contato pessoal ou virtual com Leila Pereira.<\/p>\n<p>O trio precisa manter dist\u00e2ncia m\u00ednima de 300 metros do ambiente de trabalho ou da resid\u00eancia da presidente do Verd\u00e3o. O descumprimento pode resultar em pris\u00e3o preventiva, segundo o juiz.<\/p>\n<p>Na senten\u00e7a, o juiz Fabr\u00edcio Reali Zia menciona que a transmiss\u00e3o do protesto atrav\u00e9s das redes sociais tinha como objetivo gerar coment\u00e1rios e rea\u00e7\u00f5es ofensivas contra a presidente do Palmeiras.<\/p>\n<p>\u2013 Observa-se que o principal representante da torcida palmeirense postou o referido ato sem seus perfis e, segundo a v\u00edtima, utilizou-se do protesto para promover-se em suas redes sociais, atingindo com isso milhares de pessoas e intera\u00e7\u00f5es. Tais intera\u00e7\u00f5es possu\u00edam conte\u00fado como:<\/p>\n<p>&#8220;Tem que meter bala na Leila&#8221;<br \/>\n&#8220;Se me arrumar uma arma, eu mato a Leila&#8221;<br \/>\n&#8220;Vou aparecer nos jornais por ter encomendado a morte da Leila&#8221;<br \/>\n&#8220;N\u00e3o tem como usar de viol\u00eancia para cobrar a Leila?&#8221;<br \/>\n&#8220;Leila deveria ser espancada com barras de ferro&#8221;<br \/>\n&#8220;Coroa de flores para a Leila&#8221;<br \/>\n&#8220;Tem que quebrar a sede da Crefisa&#8221;<\/p>\n<p>O post <a rel=\"nofollow noopener\" href=\"https:\/\/wscom.com.br\/leila-obtem-medida-protetiva-contra-lideres-de-organizada\/\" target=\"_blank\">Leila obt\u00e9m medida protetiva contra l\u00edderes de organizada do Palmeiras ap\u00f3s amea\u00e7as em live<\/a> apareceu primeiro em <a rel=\"nofollow noopener\" href=\"https:\/\/wscom.com.br\/\" target=\"_blank\">WSCOM<\/a>.<\/p>\n","protected":false},"excerpt":{"rendered":"<p>A presidente do Palmeiras, Leila Pereira, conseguiu medida protetiva contra tr\u00eas membros da Mancha Alviverde, principal torcida organizada do clube, por amea\u00e7as sofridas de perfis fakes durante live que transmitia o protesto realizado por torcedores na porta da empresa dela, no dia 29 de junho de 2023. Depois disso, a mandat\u00e1ria ainda foi alvo de [\u2026]<\/p>\n<p>O post <a rel=\"nofollow\" href=\"https:\/\/wscom.com.br\/leila-obtem-medida-protetiva-contra-lideres-de-organizada\/\">Leila obt\u00e9m medida protetiva contra l\u00edderes de organizada do Palmeiras ap\u00f3s amea\u00e7as em live<\/a> apareceu primeiro em <a rel=\"nofollow\" href=\"https:\/\/wscom.com.br\/\">WSCOM<\/a>.<\/p>\n","protected":false},"author":50,"featured_media":0,"comment_status":"closed","ping_status":"closed","sticky":false,"template":"","format":"standard","meta":{"advgb_blocks_editor_width":"","advgb_blocks_columns_visual_guide":"","footnotes":""},"categories":[79,34,9077,9078,1485,453],"tags":[35],"class_list":["post-34205","post","type-post","status-publish","format-standard","hentry","category-futebol","category-g1","category-leila","category-mancha","category-palmeiras","category-pereira","tag-g1"],"author_meta":{"display_name":"Wallyson","author_link":"https:\/\/sindaopcpb.org.br\/author\/wallyson\/"},"featured_img":null,"coauthors":[],"tax_additional":{"categories":{"linked":["<a href=\"https:\/\/sindaopcpb.org.br\/futebol\/\" class=\"advgb-post-tax-term\">Futebol<\/a>","<a href=\"https:\/\/sindaopcpb.org.br\/g1\/\" class=\"advgb-post-tax-term\">G1<\/a>","<a href=\"https:\/\/sindaopcpb.org.br\/leila\/\" class=\"advgb-post-tax-term\">leila<\/a>","<a href=\"https:\/\/sindaopcpb.org.br\/mancha\/\" class=\"advgb-post-tax-term\">mancha<\/a>","<a href=\"https:\/\/sindaopcpb.org.br\/palmeiras\/\" class=\"advgb-post-tax-term\">palmeiras<\/a>","<a href=\"https:\/\/sindaopcpb.org.br\/pereira\/\" class=\"advgb-post-tax-term\">Pereira<\/a>"],"unlinked":["<span class=\"advgb-post-tax-term\">Futebol<\/span>","<span class=\"advgb-post-tax-term\">G1<\/span>","<span class=\"advgb-post-tax-term\">leila<\/span>","<span class=\"advgb-post-tax-term\">mancha<\/span>","<span class=\"advgb-post-tax-term\">palmeiras<\/span>","<span class=\"advgb-post-tax-term\">Pereira<\/span>"]},"tags":{"linked":["<a href=\"https:\/\/sindaopcpb.org.br\/pereira\/\" class=\"advgb-post-tax-term\">g1<\/a>"],"unlinked":["<span class=\"advgb-post-tax-term\">g1<\/span>"]}},"comment_count":"0","relative_dates":{"created":"Publicado 3 anos atr\u00e1s","modified":"Atualizado 3 anos atr\u00e1s"},"absolute_dates":{"created":"Publicado em 13 de setembro de 2023","modified":"Atualizado em 13 de setembro de 2023"},"absolute_dates_time":{"created":"Publicado em 13 de setembro de 2023 19:38","modified":"Atualizado em 13 de setembro de 2023 19:38"},"featured_img_caption":"","series_order":"","_links":{"self":[{"href":"https:\/\/sindaopcpb.org.br\/index.php\/wp-json\/wp\/v2\/posts\/34205","targetHints":{"allow":["GET"]}}],"collection":[{"href":"https:\/\/sindaopcpb.org.br\/index.php\/wp-json\/wp\/v2\/posts"}],"about":[{"href":"https:\/\/sindaopcpb.org.br\/index.php\/wp-json\/wp\/v2\/types\/post"}],"author":[{"embeddable":true,"href":"https:\/\/sindaopcpb.org.br\/index.php\/wp-json\/wp\/v2\/users\/50"}],"replies":[{"embeddable":true,"href":"https:\/\/sindaopcpb.org.br\/index.php\/wp-json\/wp\/v2\/comments?post=34205"}],"version-history":[{"count":1,"href":"https:\/\/sindaopcpb.org.br\/index.php\/wp-json\/wp\/v2\/posts\/34205\/revisions"}],"predecessor-version":[{"id":34206,"href":"https:\/\/sindaopcpb.org.br\/index.php\/wp-json\/wp\/v2\/posts\/34205\/revisions\/34206"}],"wp:attachment":[{"href":"https:\/\/sindaopcpb.org.br\/index.php\/wp-json\/wp\/v2\/media?parent=34205"}],"wp:term":[{"taxonomy":"category","embeddable":true,"href":"https:\/\/sindaopcpb.org.br\/index.php\/wp-json\/wp\/v2\/categories?post=34205"},{"taxonomy":"post_tag","embeddable":true,"href":"https:\/\/sindaopcpb.org.br\/index.php\/wp-json\/wp\/v2\/tags?post=34205"}],"curies":[{"name":"wp","href":"https:\/\/api.w.org\/{rel}","templated":true}]}}