{"id":34192,"date":"2023-09-13T19:07:06","date_gmt":"2023-09-13T22:07:06","guid":{"rendered":"https:\/\/www.infomoney.com.br\/?p=2241393"},"modified":"2023-09-13T19:07:06","modified_gmt":"2023-09-13T22:07:06","slug":"conselho-federativo-deve-aprimorar-regras-de-controle-externo-e-definir-criterios-de-governanca-defendem-debatedores","status":"publish","type":"post","link":"https:\/\/sindaopcpb.org.br\/index.php\/2023\/09\/13\/conselho-federativo-deve-aprimorar-regras-de-controle-externo-e-definir-criterios-de-governanca-defendem-debatedores\/","title":{"rendered":"Conselho Federativo deve aprimorar regras de controle externo e definir crit\u00e9rios de governan\u00e7a, defendem debatedores"},"content":{"rendered":"<p><img loading=\"lazy\" width=\"300\" height=\"225\" src=\"https:\/\/www.infomoney.com.br\/wp-content\/uploads\/2023\/08\/29082023-lula4144.jpg?fit=300%2C225&amp;quality=70&amp;strip=all\" class=\"attachment-medium size-medium wp-post-image\" alt=\"\" decoding=\"async\" style=\"float:right; margin:0 0 10px 10px;\" srcset=\"https:\/\/www.infomoney.com.br\/wp-content\/uploads\/2023\/08\/29082023-lula4144.jpg?w=1024&amp;quality=70&amp;strip=all 1024w, https:\/\/www.infomoney.com.br\/wp-content\/uploads\/2023\/08\/29082023-lula4144.jpg?w=300&amp;quality=70&amp;strip=all 300w, https:\/\/www.infomoney.com.br\/wp-content\/uploads\/2023\/08\/29082023-lula4144.jpg?w=768&amp;quality=70&amp;strip=all 768w, https:\/\/www.infomoney.com.br\/wp-content\/uploads\/2023\/08\/29082023-lula4144.jpg?w=150&amp;quality=70&amp;strip=all 150w\" sizes=\"auto, (max-width: 300px) 100vw, 300px\" data-attachment-id=\"2228625\" data-permalink=\"https:\/\/www.infomoney.com.br\/politica\/reforma-tributaria-governadores-do-norte-e-nordeste-querem-representacao-igualitaria-em-conselho-federativo\/attachment\/29082023-lula4144\/\" data-orig-file=\"https:\/\/www.infomoney.com.br\/wp-content\/uploads\/2023\/08\/29082023-lula4144.jpg?fit=1024%2C768&amp;quality=70&amp;strip=all\" data-orig-size=\"1024,768\" data-comments-opened=\"0\" data-image-meta=\"{&quot;aperture&quot;:&quot;4.5&quot;,&quot;credit&quot;:&quot;LULA MARQUES&quot;,&quot;camera&quot;:&quot;Canon EOS-1D X Mark II&quot;,&quot;caption&quot;:&quot;Bras\\u00edlia (DF) 29\\\/08\\\/2023  Sess\\u00e3o tem\\u00e1tica para debater a proposta de emenda \\u00e0 Constitui\\u00e7\\u00e3o (PEC 45\\\/2019) da reforma tribut\\u00e1ria. Foram convidados os 27 governadores dos estados e do Distrito Federal. Foto Lula Marques\\\/ Ag\\u00eancia Brasil&quot;,&quot;created_timestamp&quot;:&quot;1693305835&quot;,&quot;copyright&quot;:&quot;&quot;,&quot;focal_length&quot;:&quot;30&quot;,&quot;iso&quot;:&quot;3200&quot;,&quot;shutter_speed&quot;:&quot;0.005&quot;,&quot;title&quot;:&quot;&quot;,&quot;orientation&quot;:&quot;0&quot;}\" data-image-title=\"Plen\u00e1rio do Senado\" data-image-description=\"\" data-image-caption=\"&lt;p&gt;Bras\u00edlia (DF) 29\/08\/2023  Sess\u00e3o tem\u00e1tica para debater a proposta de emenda \u00e0 Constitui\u00e7\u00e3o (PEC 45\/2019) da reforma tribut\u00e1ria. Foram convidados os 27 governadores dos estados e do Distrito Federal. Foto Lula Marques\/ Ag\u00eancia Brasil&lt;\/p&gt;\n\" data-medium-file=\"https:\/\/www.infomoney.com.br\/wp-content\/uploads\/2023\/08\/29082023-lula4144.jpg?fit=300%2C225&amp;quality=70&amp;strip=all\" data-large-file=\"https:\/\/www.infomoney.com.br\/wp-content\/uploads\/2023\/08\/29082023-lula4144.jpg?fit=1024%2C768&amp;quality=70&amp;strip=all\" title=\"\"><\/p>\n<p>Um dos pontos de diverg&ecirc;ncia entre governadores e parlamentares no &acirc;mbito da reforma tribut&aacute;ria (PEC 45\/2019), a institui&ccedil;&atilde;o de um Conselho Federativo para a gest&atilde;o dos recursos arrecadados pelo Imposto sobre Bens e Servi&ccedil;os (IBS) foi defendida por especialistas durante em debate na Comiss&atilde;o de Constitui&ccedil;&atilde;o, Justi&ccedil;a e Cidadania do Senado, na tarde desta quarta-feira (13), ainda que, na avalia&ccedil;&atilde;o deles, sejam necess&aacute;rios ajustes na proposta.<\/p>\n<p>Atualmente, o dissenso entre gestores estaduais est&aacute; nos crit&eacute;rios envolvendo mecanismos de delibera&ccedil;&atilde;o e governan&ccedil;a. Segundo o texto da PEC aprovado em dois turnos pela C&acirc;mara dos Deputados, o &oacute;rg&atilde;o conter&aacute; tr&ecirc;s inst&acirc;ncias de veto, al&eacute;m de independ&ecirc;ncia t&eacute;cnica e administrativa, e representa&ccedil;&atilde;o parit&aacute;ria em sua inst&acirc;ncia m&aacute;xima para todos os Estados, o Distrito Federal e todos os munic&iacute;pios. E ainda que o governo reafirme que o &oacute;rg&atilde;o ter&aacute; apenas fun&ccedil;&atilde;o administrativa, os governadores n&atilde;o querem perder poder de influ&ecirc;ncia no colegiado.<\/p>\n<p>A proposta prev&ecirc; que ser&atilde;o consideradas aprovadas as mat&eacute;rias que obtiverem, cumulativamente, os votos da maioria absoluta dos representantes de cada unidade da federa&ccedil;&atilde;o e de representantes que correspondam a mais de 60% da popula&ccedil;&atilde;o do Pa&iacute;s. Por fim, tamb&eacute;m ser&aacute; necess&aacute;rio o aval da maioria absoluta dos representantes do segundo grupo, formado pelo DF e o conjunto de munic&iacute;pios.<\/p>\n<p>Para al&eacute;m do debate de representatividade, o auditor de controle externo do Tribunal de Contas da Uni&atilde;o, Eduardo F&aacute;vero, cr&ecirc; que ainda &eacute; preciso definir o &oacute;rg&atilde;o respons&aacute;vel por analisar den&uacute;ncias sobre eventuais abusos ou infra&ccedil;&otilde;es cometidas pelo colegiado.<\/p>\n<p>&ldquo;O artigo 156b, par&aacute;grafo 2&ordm; e inciso 4&ordm;, prev&ecirc; que o controle externo do Conselho Federativo vai ser exercido pelos poderes legislativos dos entes federativos, ou seja, todas as Assembleias Legislativas, mas todas as C&acirc;maras de Vereadores, com aux&iacute;lio dos Tribunais de Contas dos Estados, do DF, bem como dos Tribunais e Conselhos de Contas dos Munic&iacute;pios, que atuar&atilde;o de forma coordenada. E ponto, o projeto silencia nessa etapa. N&oacute;s identificamos um alto risco de uma indefini&ccedil;&atilde;o nessa operacionaliza&ccedil;&atilde;o desse controle externo. Porque o desenho, por enquanto, ainda est&aacute; muito aberto&rdquo;, questionou. o auditor de controle externo do Tribunal de Contas da Uni&atilde;o, Eduardo F&aacute;vero.<\/p>\n<p>&ldquo;Tudo aquilo que a PEC determina que deve ser resolvido por lei complementar n&atilde;o competir&aacute; ao Conselho Federativo. Toda disciplina relacionada ao IBS est&aacute; relacionada a lei complementar e tudo que &eacute; remetido a lei complementar s&atilde;o compet&ecirc;ncias do parlamento. O Conselho vai t&atilde;o somente aplicar a legisla&ccedil;&atilde;o&rdquo;, defendeu Manoel Nazareno Proc&oacute;pio de Moura J&uacute;nior, auditor fiscal do Estado de Minas Gerais e diretor de Programa da Secretaria Extraordin&aacute;ria da Reforma Tribut&aacute;ria.<\/p>\n<p>Segundo Moura J&uacute;nior, boa parte das fun&ccedil;&otilde;es administrativas vai permanecer nas secretarias estaduais de Fazenda, como a fiscaliza&ccedil;&atilde;o e a cobran&ccedil;a. No entanto, h&aacute; quest&otilde;es operacionais que, por se tratar de um tributo de compet&ecirc;ncia conjunta, devem ser solucionadas conjuntamente pelos entes subnacionais (Estados e munic&iacute;pios).<\/p>\n<p>&ldquo;N&atilde;o tem Uni&atilde;o, n&atilde;o tem terceiros. A mesa em torno da qual se senta o Estado e o munic&iacute;pio, na PEC 45, na vers&atilde;o da c&acirc;mara, convencionou-se chamar Conselho Federativo. Dada a sua natureza operacional, podemos chamar de Ag&ecirc;ncia Tribut&aacute;ria Nacional, Comit&ecirc; Gestor, realmente, talvez sejam at&eacute; terminologias mais adequadas&rdquo;, complementou.<\/p>\n<p>Segundo a consultora internacional e especialista em Imposto sobre Valor Agregado (IVA), Melina Rocha, que tamb&eacute;m participou do debate, a cria&ccedil;&atilde;o de uma &ldquo;c&acirc;mara de compensa&ccedil;&atilde;o&rdquo; sem concentrar a arrecada&ccedil;&atilde;o do IBS em um Conselho Federativo deixaria os entes federativos dependentes um dos outros, e n&atilde;o atacaria um dos problemas que a reforma se prop&otilde;e a resolver, de tornar mais simples a rela&ccedil;&atilde;o entre contribuintes e fisco.<\/p>\n<p>&ldquo;Um Estado teria que repassar recursos&nbsp; para o outro, e para os munic&iacute;pios. Haveria maior n&uacute;mero de conflitos entre as unidades, e os Estados seriam dependentes dos repasses de S&atilde;o Paulo, de onde sai a maioria dos bens e servi&ccedil;os consumidos no pa&iacute;s. Vejo que a distribui&ccedil;&atilde;o dos recursos pelo Conselho Federativo vai seguir regras e f&oacute;rmulas previstas na lei complementar, sem qualquer tipo de discricionariedade&rdquo;, defendeu.<\/p>\n<p>A inclus&atilde;o de representatividade de 60% da popula&ccedil;&atilde;o no texto aprovado pela C&acirc;mara beneficia Estados mais populosos, como S&atilde;o Paulo e Minas Gerais, que passariam a ter mais poder de influ&ecirc;ncia na tomada de decis&atilde;o do &oacute;rg&atilde;o, caso a reda&ccedil;&atilde;o seja mantida pelos senadores. Durante sua apresenta&ccedil;&atilde;o Cristiane Alkmin Junqueira Schmidt, consultora s&ecirc;nior do Banco Mundial e ex-secret&aacute;ria Estadual de Fazenda de Goi&aacute;s defendeu que as decis&otilde;es no &acirc;mbito do Conselho levem em considera&ccedil;&atilde;o maioria formada por dois ter&ccedil;os dos representantes somada ao voto favor&aacute;vel de um ter&ccedil;o dos representantes em cada regi&atilde;o regi&atilde;o.<\/p>\n<p>&ldquo;O Conselho n&atilde;o vai receber ordem de ente A, B ou C. Vai passar por um processo de vota&ccedil;&atilde;o. O primeiro modelo que foi falado levou em considera&ccedil;&atilde;o a isonomia. E a&iacute;, n&oacute;s temos uma experi&ecirc;ncia que n&atilde;o foi bem-sucedida dentro do Confaz [Conselho Nacional de Pol&iacute;tica Fazend&aacute;ria] e do Comsefaz [Comit&ecirc; Nacional de Secret&aacute;rios de Fazenda, Finan&ccedil;as, Receita ou Tributa&ccedil;&atilde;o dos Estados e do Distrito Federal], com Nordeste e Norte se juntando fazendo maioria e se sobrepondo &agrave;s outras regi&otilde;es. Dentro do Comsefaz sempre houve presidentes do Nordeste&rdquo;, observou.<\/p>\n<p>Diferentemente dos senadores Esperidi&atilde;o Amin (PP-SC) e Marcos Rog&eacute;rio (PL-RO), que se manifestaram durante a audi&ecirc;ncia de maneira contr&aacute;ria &agrave; cria&ccedil;&atilde;o do Conselho, os especialistas foram un&acirc;nimes ao defender a cria&ccedil;&atilde;o do Conselho como ferramenta indispens&aacute;vel para a implementa&ccedil;&atilde;o da reforma, que prev&ecirc; a simplifica&ccedil;&atilde;o do sistema tribut&aacute;rio a partir da unifica&ccedil;&atilde;o dos tributos federais PIS e Cofins na Contribui&ccedil;&atilde;o sobre Opera&ccedil;&otilde;es com Bens e Servi&ccedil;os (CBS), e com o IBS correspondendo aos impostos estaduais e municipais (ICMS e ISS).<\/p>\n<p>De acordo com Luiz Dias, representante do Encontro de Coordenadores e Administradores Tribut&aacute;rios (ENCAT), o &oacute;rg&atilde;o tem trabalhado junto ao secret&aacute;rio extraordin&aacute;rio Bernard Appy e a Receita para desenvolver um sistema com foco na integra&ccedil;&atilde;o dos documentos fiscais eletr&ocirc;nicos ao longo da transi&ccedil;&atilde;o. Ele destacou o papel do Conselho como colegiado administrativo respons&aacute;vel por fiscalizar o cumprimento da legisla&ccedil;&atilde;o e aplicar as normas que ser&atilde;o estabelecidas por meio de leis complementares, como as regras que estar&atilde;o vigentes para os regimes diferenciados de tributa&ccedil;&atilde;o, por exemplo.<\/p>\n<\/p>\n<div class=\"cta-end\">\n<div class=\"im-cta\" >\n<div class=\"im-shortcode-forms bg-light bg-opacity-25 border rounded-4 p-3 p-sm-4 p-md-3 p-lg-4 px-xxl-5 my-5\" data-configuration='{\"form_name\":false,\"form_hat\":\"Newsletter\",\"form_email\":true,\"form_icon\":\"newsletter\",\"form_phone\":false,\"form_campaign\":\"NIM\",\"form_thankyou\":\"\",\"form_journey\":\"APIEvent-26a5198d-8e09-06ef-5f80-cd9127757ad1\",\"form_button\":\"Quero receber\",\"form_context\":\"newsletter\",\"form_origin\":\"https:\\\/\\\/www.infomoney.com.br\\\/politica\\\/feed\\\/?utm_medium=materia&#038;utm_source=infomoney&#038;utm_campaign=NIM&#038;utm_term=politica&#038;utm_content=newsletter\",\"form_position\":\"final\",\"form_category\":\"cta_form\"}'>\n<div class=\"d-flex flex-column align-items-center align-items-lg-start mb-4 flex-lg-row\">\n<div class=\"rounded-circle mb-2 mb-lg-0 mr-lg-4 me-lg-4 p-3 p-lg-4 bg-blue-400\"><svg width=\"40\" height=\"40\" viewBox=\"0 0 40 40\" fill=\"none\" xmlns=\"http:\/\/www.w3.org\/2000\/svg\"><path d=\"M20 20.25 6.042 11.042v19.041c0 .167.048.299.146.396a.535.535 0 0 0 .395.146h15.792V32.5H6.583a2.328 2.328 0 0 1-1.708-.708 2.328 2.328 0 0 1-.708-1.709V9.917c0-.667.236-1.236.708-1.709A2.328 2.328 0 0 1 6.583 7.5h26.834c.666 0 1.236.236 1.708.708a2.33 2.33 0 0 1 .708 1.709v12.458h-1.875V11.042L20 20.25Zm0-2 13.667-8.875H6.333L20 18.25Zm11.75 18.958-1.292-1.333 3.334-3.375h-9v-1.875h9l-3.375-3.417 1.333-1.291 5.667 5.625-5.667 5.666ZM6.042 11.042v20.791-9.458.25-13.25 1.667Z\" fill=\"#fff\"\/><\/svg><\/div>\n<div class=\"flex-fill text-center text-lg-left\">\n<div class=\"h6 small text-orange-700 lh-base mb-1\">Newsletter<\/div>\n<div class=\"text-body h4 m-0\">Infomorning<\/div>\n<div class=\"text-body small lh-base mt-2\">Receba no seu e-mail logo pela manh&atilde; as not&iacute;cias que v&atilde;o mexer com os mercados, com os seus investimentos e o seu bolso durante o dia<\/div>\n<\/div>\n<\/div>\n<\/div>\n<\/div>\n<\/div>\n<p>The post <a rel=\"nofollow noopener\" href=\"https:\/\/www.infomoney.com.br\/politica\/conselho-federativo-deve-aprimorar-regras-de-controle-externo-e-definir-criterios-de-governanca-defendem-debatedores\/\" target=\"_blank\">Conselho Federativo deve aprimorar regras de controle externo e definir crit\u00e9rios de governan\u00e7a, defendem debatedores<\/a> appeared first on <a rel=\"nofollow noopener\" href=\"https:\/\/www.infomoney.com.br\/\" target=\"_blank\">InfoMoney<\/a>.<\/p>\n","protected":false},"excerpt":{"rendered":"<p><img loading=\"lazy\" decoding=\"async\" width=\"300\" height=\"225\" src=\"https:\/\/www.infomoney.com.br\/wp-content\/uploads\/2023\/08\/29082023-lula4144.jpg?fit=300%2C225&amp;quality=70&amp;strip=all\" class=\"attachment-medium size-medium wp-post-image\" alt=\"\" data-attachment-id=\"2228625\" data-permalink=\"https:\/\/www.infomoney.com.br\/politica\/reforma-tributaria-governadores-do-norte-e-nordeste-querem-representacao-igualitaria-em-conselho-federativo\/attachment\/29082023-lula4144\/\" data-orig-file=\"https:\/\/www.infomoney.com.br\/wp-content\/uploads\/2023\/08\/29082023-lula4144.jpg?fit=1024%2C768&amp;quality=70&amp;strip=all\" data-orig-size=\"1024,768\" data-comments-opened=\"0\" data-image-meta='{\"aperture\":\"4.5\",\"credit\":\"LULA MARQUES\",\"camera\":\"Canon EOS-1D X Mark II\",\"caption\":\"Bras\\u00edlia (DF) 29\\\/08\\\/2023  Sess\\u00e3o tem\\u00e1tica para debater a proposta de emenda \\u00e0 Constitui\\u00e7\\u00e3o (PEC 45\\\/2019) da reforma tribut\\u00e1ria. Foram convidados os 27 governadores dos estados e do Distrito Federal. Foto Lula Marques\\\/ Ag\\u00eancia Brasil\",\"created_timestamp\":\"1693305835\",\"copyright\":\"\",\"focal_length\":\"30\",\"iso\":\"3200\",\"shutter_speed\":\"0.005\",\"title\":\"\",\"orientation\":\"0\"}' data-image-title=\"Plen\u00e1rio do Senado\" data-image-description=\"\" data-image-caption=\"&lt;p&gt;Bras\u00edlia (DF) 29\/08\/2023  Sess\u00e3o tem\u00e1tica para debater a proposta de emenda \u00e0 Constitui\u00e7\u00e3o (PEC 45\/2019) da reforma tribut\u00e1ria. Foram convidados os 27 governadores dos estados e do Distrito Federal. Foto Lula Marques\/ Ag\u00eancia Brasil&lt;\/p&gt;\n\" data-medium-file=\"https:\/\/www.infomoney.com.br\/wp-content\/uploads\/2023\/08\/29082023-lula4144.jpg?fit=300%2C225&amp;quality=70&amp;strip=all\" data-large-file=\"https:\/\/www.infomoney.com.br\/wp-content\/uploads\/2023\/08\/29082023-lula4144.jpg?fit=1024%2C768&amp;quality=70&amp;strip=all\">Participantes tamb\u00e9m defendem atua\u00e7\u00e3o do colegiado como indispens\u00e1vel para viabilizar reforma tribut\u00e1ria<\/p>\n<p>The post <a rel=\"nofollow\" href=\"https:\/\/www.infomoney.com.br\/politica\/conselho-federativo-deve-aprimorar-regras-de-controle-externo-e-definir-criterios-de-governanca-defendem-debatedores\/\">Conselho Federativo deve aprimorar regras de controle externo e definir crit\u00e9rios de governan\u00e7a, defendem debatedores<\/a> appeared first on <a rel=\"nofollow\" href=\"https:\/\/www.infomoney.com.br\/\">InfoMoney<\/a>.<\/p>\n","protected":false},"author":47,"featured_media":0,"comment_status":"closed","ping_status":"closed","sticky":false,"template":"","format":"standard","meta":{"advgb_blocks_editor_width":"","advgb_blocks_columns_visual_guide":"","footnotes":""},"categories":[3354,34,47,191,403],"tags":[35],"class_list":["post-34192","post","type-post","status-publish","format-standard","hentry","category-audiencia-publica","category-g1","category-politica","category-reforma-tributaria","category-senado","tag-g1"],"author_meta":{"display_name":"luispereira","author_link":"https:\/\/sindaopcpb.org.br\/author\/luispereira\/"},"featured_img":null,"coauthors":[],"tax_additional":{"categories":{"linked":["<a href=\"https:\/\/sindaopcpb.org.br\/audiencia-publica\/\" class=\"advgb-post-tax-term\">audi\u00eancia p\u00fablica<\/a>","<a href=\"https:\/\/sindaopcpb.org.br\/g1\/\" class=\"advgb-post-tax-term\">G1<\/a>","<a href=\"https:\/\/sindaopcpb.org.br\/politica\/\" class=\"advgb-post-tax-term\">POLITICA<\/a>","<a href=\"https:\/\/sindaopcpb.org.br\/reforma-tributaria\/\" class=\"advgb-post-tax-term\">reforma tribut\u00e1ria<\/a>","<a href=\"https:\/\/sindaopcpb.org.br\/senado\/\" class=\"advgb-post-tax-term\">Senado<\/a>"],"unlinked":["<span class=\"advgb-post-tax-term\">audi\u00eancia p\u00fablica<\/span>","<span class=\"advgb-post-tax-term\">G1<\/span>","<span class=\"advgb-post-tax-term\">POLITICA<\/span>","<span class=\"advgb-post-tax-term\">reforma tribut\u00e1ria<\/span>","<span class=\"advgb-post-tax-term\">Senado<\/span>"]},"tags":{"linked":["<a href=\"https:\/\/sindaopcpb.org.br\/senado\/\" class=\"advgb-post-tax-term\">g1<\/a>"],"unlinked":["<span class=\"advgb-post-tax-term\">g1<\/span>"]}},"comment_count":"0","relative_dates":{"created":"Publicado 3 anos atr\u00e1s","modified":"Atualizado 3 anos atr\u00e1s"},"absolute_dates":{"created":"Publicado em 13 de setembro de 2023","modified":"Atualizado em 13 de setembro de 2023"},"absolute_dates_time":{"created":"Publicado em 13 de setembro de 2023 19:07","modified":"Atualizado em 13 de setembro de 2023 19:07"},"featured_img_caption":"","series_order":"","_links":{"self":[{"href":"https:\/\/sindaopcpb.org.br\/index.php\/wp-json\/wp\/v2\/posts\/34192","targetHints":{"allow":["GET"]}}],"collection":[{"href":"https:\/\/sindaopcpb.org.br\/index.php\/wp-json\/wp\/v2\/posts"}],"about":[{"href":"https:\/\/sindaopcpb.org.br\/index.php\/wp-json\/wp\/v2\/types\/post"}],"author":[{"embeddable":true,"href":"https:\/\/sindaopcpb.org.br\/index.php\/wp-json\/wp\/v2\/users\/47"}],"replies":[{"embeddable":true,"href":"https:\/\/sindaopcpb.org.br\/index.php\/wp-json\/wp\/v2\/comments?post=34192"}],"version-history":[{"count":2,"href":"https:\/\/sindaopcpb.org.br\/index.php\/wp-json\/wp\/v2\/posts\/34192\/revisions"}],"predecessor-version":[{"id":34215,"href":"https:\/\/sindaopcpb.org.br\/index.php\/wp-json\/wp\/v2\/posts\/34192\/revisions\/34215"}],"wp:attachment":[{"href":"https:\/\/sindaopcpb.org.br\/index.php\/wp-json\/wp\/v2\/media?parent=34192"}],"wp:term":[{"taxonomy":"category","embeddable":true,"href":"https:\/\/sindaopcpb.org.br\/index.php\/wp-json\/wp\/v2\/categories?post=34192"},{"taxonomy":"post_tag","embeddable":true,"href":"https:\/\/sindaopcpb.org.br\/index.php\/wp-json\/wp\/v2\/tags?post=34192"}],"curies":[{"name":"wp","href":"https:\/\/api.w.org\/{rel}","templated":true}]}}