{"id":34168,"date":"2023-09-13T15:37:01","date_gmt":"2023-09-13T18:37:01","guid":{"rendered":"https:\/\/wpa.wscom.com.br\/?p=922795"},"modified":"2023-09-13T15:37:01","modified_gmt":"2023-09-13T18:37:01","slug":"ruy-defende-qualificacao-profissional-e-reforca-incentivo-a-geracao-de-emprego","status":"publish","type":"post","link":"https:\/\/sindaopcpb.org.br\/index.php\/2023\/09\/13\/ruy-defende-qualificacao-profissional-e-reforca-incentivo-a-geracao-de-emprego\/","title":{"rendered":"Ruy defende qualifica\u00e7\u00e3o profissional e refor\u00e7a incentivo \u00e0 gera\u00e7\u00e3o de emprego"},"content":{"rendered":"<p>A amplia\u00e7\u00e3o de servi\u00e7os que oferecem qualifica\u00e7\u00e3o profissional foi defendida pelo deputado federal Ruy Carneiro como uma das prioridades para alavancar a gera\u00e7\u00e3o de emprego e renda na Para\u00edba. \u201cA capacita\u00e7\u00e3o dos trabalhadores e a melhoria da m\u00e3o de obra \u00e9 uma das molas propulsoras do crescimento econ\u00f4mico de uma regi\u00e3o. Na Para\u00edba, j\u00e1 existem diversas institui\u00e7\u00f5es que realizam esse tipo de trabalho. Atrav\u00e9s de novos incentivos, essas entidades podem ampliar sua contribui\u00e7\u00e3o para o desenvolvimento do estado\u201d, destacou o parlamentar.<\/p>\n<p>Entre as iniciativas citadas por Ruy como refer\u00eancia nesse segmento, est\u00e1 a Associa\u00e7\u00e3o Beneficente S\u00e3o Jos\u00e9, que funciona no bairro de Mangabeira, em Jo\u00e3o Pessoa. \u201cA Associa\u00e7\u00e3o S\u00e3o Jos\u00e9 \u00e9 uma das muitas institui\u00e7\u00f5es que eu tenho o orgulho de contribuir atrav\u00e9s da destina\u00e7\u00e3o de emendas. L\u00e1 s\u00e3o oferecidos cursos e oficinas voltados para o ingresso no mercado de trabalho. Fiquei muito feliz com a amplia\u00e7\u00e3o recente do projeto, porque sei da miss\u00e3o deles com a dignidade das pessoas, seja incentivando a busca pelo primeiro emprego ou reciclando as habilidades de profissionais com mais idade\u201d, complementou.<\/p>\n<p>O deputado acredita que os poderes p\u00fablicos podem ajudar a potencializar esse trabalho, atrav\u00e9s de parcerias e novos investimentos. \u201cA burocracia das institui\u00e7\u00f5es p\u00fablicas muitas vezes atrapalham a velocidade das coisas. Nem sempre \u00e9 preciso criar iniciativas partido do zero. Quando j\u00e1 existem institui\u00e7\u00f5es s\u00e9rias e que j\u00e1 realizam esse tipo de trabalho, \u00e9 poss\u00edvel construir parcerias e ampliar as a\u00e7\u00f5es para qualificar a m\u00e3o de obra\u201d, defendeu.<\/p>\n<p>Atualmente, a Para\u00edba possui a quinta maior taxa de desocupa\u00e7\u00e3o do pa\u00eds. Os dados s\u00e3o referentes ao segundo trimestre de 2023. De acordo com levantamento do IBGE, 11,3% das pessoas est\u00e3o em busca de trabalho mas n\u00e3o conseguem emprego. Apesar da queda em 8 das 27 unidades da Federa\u00e7\u00e3o, na Para\u00edba a taxa se manteve est\u00e1vel em rela\u00e7\u00e3o ao trimestre anterior.<\/p>\n<p>O post <a rel=\"nofollow noopener\" href=\"https:\/\/wscom.com.br\/ruy-defende-qualificacao-profissional-e-reforca-incentivo-a-geracao-de-emprego\/\" target=\"_blank\">Ruy defende qualifica\u00e7\u00e3o profissional e refor\u00e7a incentivo \u00e0 gera\u00e7\u00e3o de emprego<\/a> apareceu primeiro em <a rel=\"nofollow noopener\" href=\"https:\/\/wscom.com.br\/\" target=\"_blank\">WSCOM<\/a>.<\/p>\n","protected":false},"excerpt":{"rendered":"<p>A amplia\u00e7\u00e3o de servi\u00e7os que oferecem qualifica\u00e7\u00e3o profissional foi defendida pelo deputado federal Ruy Carneiro como uma das prioridades para alavancar a gera\u00e7\u00e3o de emprego e renda na Para\u00edba. \u201cA capacita\u00e7\u00e3o dos trabalhadores e a melhoria da m\u00e3o de obra \u00e9 uma das molas propulsoras do crescimento econ\u00f4mico de uma regi\u00e3o. Na Para\u00edba, j\u00e1 existem [\u2026]<\/p>\n<p>O post <a rel=\"nofollow\" href=\"https:\/\/wscom.com.br\/ruy-defende-qualificacao-profissional-e-reforca-incentivo-a-geracao-de-emprego\/\">Ruy defende qualifica\u00e7\u00e3o profissional e refor\u00e7a incentivo \u00e0 gera\u00e7\u00e3o de emprego<\/a> apareceu primeiro em <a rel=\"nofollow\" href=\"https:\/\/wscom.com.br\/\">WSCOM<\/a>.<\/p>\n","protected":false},"author":247,"featured_media":0,"comment_status":"closed","ping_status":"closed","sticky":false,"template":"","format":"standard","meta":{"advgb_blocks_editor_width":"","advgb_blocks_columns_visual_guide":"","footnotes":""},"categories":[1363,34,9073,47,5958,764],"tags":[35],"class_list":["post-34168","post","type-post","status-publish","format-standard","hentry","category-deputado-federal","category-g1","category-geracao-de-emprego","category-politica","category-qualificacao","category-ruy-carneiro","tag-g1"],"author_meta":{"display_name":"Anderson Costa","author_link":"https:\/\/sindaopcpb.org.br\/author\/anderson-costa\/"},"featured_img":null,"coauthors":[],"tax_additional":{"categories":{"linked":["<a href=\"https:\/\/sindaopcpb.org.br\/deputado-federal\/\" class=\"advgb-post-tax-term\">deputado federal<\/a>","<a href=\"https:\/\/sindaopcpb.org.br\/g1\/\" class=\"advgb-post-tax-term\">G1<\/a>","<a href=\"https:\/\/sindaopcpb.org.br\/geracao-de-emprego\/\" class=\"advgb-post-tax-term\">gera\u00e7\u00e3o de emprego<\/a>","<a href=\"https:\/\/sindaopcpb.org.br\/politica\/\" class=\"advgb-post-tax-term\">POLITICA<\/a>","<a href=\"https:\/\/sindaopcpb.org.br\/qualificacao\/\" class=\"advgb-post-tax-term\">qualifica\u00e7\u00e3o<\/a>","<a href=\"https:\/\/sindaopcpb.org.br\/ruy-carneiro\/\" class=\"advgb-post-tax-term\">ruy carneiro<\/a>"],"unlinked":["<span class=\"advgb-post-tax-term\">deputado federal<\/span>","<span class=\"advgb-post-tax-term\">G1<\/span>","<span class=\"advgb-post-tax-term\">gera\u00e7\u00e3o de emprego<\/span>","<span class=\"advgb-post-tax-term\">POLITICA<\/span>","<span class=\"advgb-post-tax-term\">qualifica\u00e7\u00e3o<\/span>","<span class=\"advgb-post-tax-term\">ruy carneiro<\/span>"]},"tags":{"linked":["<a href=\"https:\/\/sindaopcpb.org.br\/ruy-carneiro\/\" class=\"advgb-post-tax-term\">g1<\/a>"],"unlinked":["<span class=\"advgb-post-tax-term\">g1<\/span>"]}},"comment_count":"0","relative_dates":{"created":"Publicado 3 anos atr\u00e1s","modified":"Atualizado 3 anos atr\u00e1s"},"absolute_dates":{"created":"Publicado em 13 de setembro de 2023","modified":"Atualizado em 13 de setembro de 2023"},"absolute_dates_time":{"created":"Publicado em 13 de setembro de 2023 15:37","modified":"Atualizado em 13 de setembro de 2023 15:37"},"featured_img_caption":"","series_order":"","_links":{"self":[{"href":"https:\/\/sindaopcpb.org.br\/index.php\/wp-json\/wp\/v2\/posts\/34168","targetHints":{"allow":["GET"]}}],"collection":[{"href":"https:\/\/sindaopcpb.org.br\/index.php\/wp-json\/wp\/v2\/posts"}],"about":[{"href":"https:\/\/sindaopcpb.org.br\/index.php\/wp-json\/wp\/v2\/types\/post"}],"author":[{"embeddable":true,"href":"https:\/\/sindaopcpb.org.br\/index.php\/wp-json\/wp\/v2\/users\/247"}],"replies":[{"embeddable":true,"href":"https:\/\/sindaopcpb.org.br\/index.php\/wp-json\/wp\/v2\/comments?post=34168"}],"version-history":[{"count":1,"href":"https:\/\/sindaopcpb.org.br\/index.php\/wp-json\/wp\/v2\/posts\/34168\/revisions"}],"predecessor-version":[{"id":34169,"href":"https:\/\/sindaopcpb.org.br\/index.php\/wp-json\/wp\/v2\/posts\/34168\/revisions\/34169"}],"wp:attachment":[{"href":"https:\/\/sindaopcpb.org.br\/index.php\/wp-json\/wp\/v2\/media?parent=34168"}],"wp:term":[{"taxonomy":"category","embeddable":true,"href":"https:\/\/sindaopcpb.org.br\/index.php\/wp-json\/wp\/v2\/categories?post=34168"},{"taxonomy":"post_tag","embeddable":true,"href":"https:\/\/sindaopcpb.org.br\/index.php\/wp-json\/wp\/v2\/tags?post=34168"}],"curies":[{"name":"wp","href":"https:\/\/api.w.org\/{rel}","templated":true}]}}