{"id":34149,"date":"2023-09-13T13:32:12","date_gmt":"2023-09-13T16:32:12","guid":{"rendered":"https:\/\/wpa.wscom.com.br\/?p=922768"},"modified":"2023-09-13T13:32:12","modified_gmt":"2023-09-13T16:32:12","slug":"medico-que-agrediu-a-esposa-presta-depoimento-na-delegacia-da-mulher-e-e-liberado-em-joao-pessoa","status":"publish","type":"post","link":"https:\/\/sindaopcpb.org.br\/index.php\/2023\/09\/13\/medico-que-agrediu-a-esposa-presta-depoimento-na-delegacia-da-mulher-e-e-liberado-em-joao-pessoa\/","title":{"rendered":"M\u00e9dico que agrediu a esposa presta depoimento na Delegacia da Mulher e \u00e9 liberado, em Jo\u00e3o Pessoa"},"content":{"rendered":"<p><span data-contrast=\"auto\">O m\u00e9dico Jo\u00e3o Paulo Casado prestou depoimento \u00e0 Delegacia da Mulher nesta quinta-feira (13) em virtude das den\u00fancias apresentadas contra ele por sua noiva. Um pedido de pris\u00e3o preventiva contra o ex-diretor-t\u00e9cnico do Trauminha de Mangabeira foi apresentado pela delegada Cl\u00e1udia Germano. <\/span><span data-ccp-props=\"{&quot;201341983&quot;:0,&quot;335559739&quot;:160,&quot;335559740&quot;:259}\">\u00a0<\/span><\/p>\n<p><span data-contrast=\"auto\">A defesa do m\u00e9dico defende que o pedido de pris\u00e3o preventiva \u201cperdeu o objeto\u201d uma vez que o m\u00e9dico de forma espont\u00e2nea compareceu para depor. Durante entrevista Jo\u00e3o Paulo afirmou que as agress\u00f5es cometidas contra a ex-companheira, que vieram \u00e0 p\u00fablico atrav\u00e9s de v\u00eddeos divulgados pela imprensa paraibana no \u00faltimo domingo, aconteceram em um momento de estresse. Atualmente o m\u00e9dico \u00e9 defendido pelo advogado A\u00e9cio Farias que tamb\u00e9m j\u00e1 foi acusado de viol\u00eancia dom\u00e9stica.<\/span><span data-ccp-props=\"{&quot;201341983&quot;:0,&quot;335559739&quot;:160,&quot;335559740&quot;:259}\">\u00a0<\/span><\/p>\n<p>O post <a rel=\"nofollow noopener\" href=\"https:\/\/wscom.com.br\/joao-paulo-casado-presta-depoimento-na-delegacia-da-mulher\/\" target=\"_blank\">M\u00e9dico que agrediu a esposa presta depoimento na Delegacia da Mulher e \u00e9 liberado, em Jo\u00e3o Pessoa<\/a> apareceu primeiro em <a rel=\"nofollow noopener\" href=\"https:\/\/wscom.com.br\/\" target=\"_blank\">WSCOM<\/a>.<\/p>\n","protected":false},"excerpt":{"rendered":"<p>O m\u00e9dico Jo\u00e3o Paulo Casado prestou depoimento \u00e0 Delegacia da Mulher nesta quinta-feira (13) em virtude das den\u00fancias apresentadas contra ele por sua noiva. Um pedido de pris\u00e3o preventiva contra o ex-diretor-t\u00e9cnico do Trauminha de Mangabeira foi apresentado pela delegada Cl\u00e1udia Germano. \u00a0 A defesa do m\u00e9dico defende que o pedido de pris\u00e3o preventiva \u201cperdeu [\u2026]<\/p>\n<p>O post <a rel=\"nofollow\" href=\"https:\/\/wscom.com.br\/joao-paulo-casado-presta-depoimento-na-delegacia-da-mulher\/\">M\u00e9dico que agrediu a esposa presta depoimento na Delegacia da Mulher e \u00e9 liberado, em Jo\u00e3o Pessoa<\/a> apareceu primeiro em <a rel=\"nofollow\" href=\"https:\/\/wscom.com.br\/\">WSCOM<\/a>.<\/p>\n","protected":false},"author":247,"featured_media":0,"comment_status":"closed","ping_status":"closed","sticky":false,"template":"","format":"standard","meta":{"advgb_blocks_editor_width":"","advgb_blocks_columns_visual_guide":"","footnotes":""},"categories":[9068,34,8955,6189,66],"tags":[35],"class_list":["post-34149","post","type-post","status-publish","format-standard","hentry","category-delegacia","category-g1","category-joao-paulo-casado","category-medico","category-policial","tag-g1"],"author_meta":{"display_name":"Anderson Costa","author_link":"https:\/\/sindaopcpb.org.br\/author\/anderson-costa\/"},"featured_img":null,"coauthors":[],"tax_additional":{"categories":{"linked":["<a href=\"https:\/\/sindaopcpb.org.br\/delegacia\/\" class=\"advgb-post-tax-term\">delegacia<\/a>","<a href=\"https:\/\/sindaopcpb.org.br\/g1\/\" class=\"advgb-post-tax-term\">G1<\/a>","<a href=\"https:\/\/sindaopcpb.org.br\/joao-paulo-casado\/\" class=\"advgb-post-tax-term\">Jo\u00e3o Paulo Casado<\/a>","<a href=\"https:\/\/sindaopcpb.org.br\/medico\/\" class=\"advgb-post-tax-term\">M\u00e9dico<\/a>","<a href=\"https:\/\/sindaopcpb.org.br\/policial\/\" class=\"advgb-post-tax-term\">Policial<\/a>"],"unlinked":["<span class=\"advgb-post-tax-term\">delegacia<\/span>","<span class=\"advgb-post-tax-term\">G1<\/span>","<span class=\"advgb-post-tax-term\">Jo\u00e3o Paulo Casado<\/span>","<span class=\"advgb-post-tax-term\">M\u00e9dico<\/span>","<span class=\"advgb-post-tax-term\">Policial<\/span>"]},"tags":{"linked":["<a href=\"https:\/\/sindaopcpb.org.br\/policial\/\" class=\"advgb-post-tax-term\">g1<\/a>"],"unlinked":["<span class=\"advgb-post-tax-term\">g1<\/span>"]}},"comment_count":"0","relative_dates":{"created":"Publicado 3 anos atr\u00e1s","modified":"Atualizado 3 anos atr\u00e1s"},"absolute_dates":{"created":"Publicado em 13 de setembro de 2023","modified":"Atualizado em 13 de setembro de 2023"},"absolute_dates_time":{"created":"Publicado em 13 de setembro de 2023 13:32","modified":"Atualizado em 13 de setembro de 2023 13:32"},"featured_img_caption":"","series_order":"","_links":{"self":[{"href":"https:\/\/sindaopcpb.org.br\/index.php\/wp-json\/wp\/v2\/posts\/34149","targetHints":{"allow":["GET"]}}],"collection":[{"href":"https:\/\/sindaopcpb.org.br\/index.php\/wp-json\/wp\/v2\/posts"}],"about":[{"href":"https:\/\/sindaopcpb.org.br\/index.php\/wp-json\/wp\/v2\/types\/post"}],"author":[{"embeddable":true,"href":"https:\/\/sindaopcpb.org.br\/index.php\/wp-json\/wp\/v2\/users\/247"}],"replies":[{"embeddable":true,"href":"https:\/\/sindaopcpb.org.br\/index.php\/wp-json\/wp\/v2\/comments?post=34149"}],"version-history":[{"count":1,"href":"https:\/\/sindaopcpb.org.br\/index.php\/wp-json\/wp\/v2\/posts\/34149\/revisions"}],"predecessor-version":[{"id":34150,"href":"https:\/\/sindaopcpb.org.br\/index.php\/wp-json\/wp\/v2\/posts\/34149\/revisions\/34150"}],"wp:attachment":[{"href":"https:\/\/sindaopcpb.org.br\/index.php\/wp-json\/wp\/v2\/media?parent=34149"}],"wp:term":[{"taxonomy":"category","embeddable":true,"href":"https:\/\/sindaopcpb.org.br\/index.php\/wp-json\/wp\/v2\/categories?post=34149"},{"taxonomy":"post_tag","embeddable":true,"href":"https:\/\/sindaopcpb.org.br\/index.php\/wp-json\/wp\/v2\/tags?post=34149"}],"curies":[{"name":"wp","href":"https:\/\/api.w.org\/{rel}","templated":true}]}}