{"id":34141,"date":"2023-09-13T14:37:17","date_gmt":"2023-09-13T17:37:17","guid":{"rendered":"https:\/\/wpa.wscom.com.br\/?p=922790"},"modified":"2023-09-13T14:37:17","modified_gmt":"2023-09-13T17:37:17","slug":"em-cerimonia-privada-lula-da-posse-a-novos-ministros-do-seu-governo","status":"publish","type":"post","link":"https:\/\/sindaopcpb.org.br\/index.php\/2023\/09\/13\/em-cerimonia-privada-lula-da-posse-a-novos-ministros-do-seu-governo\/","title":{"rendered":"Em cerim\u00f4nia privada, Lula d\u00e1 posse a novos ministros do seu governo"},"content":{"rendered":"<p><span data-contrast=\"auto\">O presidente da Rep\u00fablica, Luiz In\u00e1cio Lula da Silva (PT), deu posse aos dois novos ministros do seu governo durante uma cerim\u00f4nia privada na manh\u00e3 desta quarta-feira (13). Andr\u00e9 Fufuca foi nomeado como o novo ministro dos Esportes, Silvio Costa Filho assumiu o minist\u00e9rio de Portos e Aeroportos e M\u00e1rcio Fra\u00e7a comandar\u00e1 a pasta da Pequena e M\u00e9dia Empresa. <\/span><span data-ccp-props=\"{&quot;201341983&quot;:0,&quot;335559739&quot;:160,&quot;335559740&quot;:259}\">\u00a0<\/span><\/p>\n<p><span data-contrast=\"auto\">A cerim\u00f4nia ocorreu a portas fechadas no gabinete presidencial, no Pal\u00e1cio do Planalto, e n\u00e3o estava inicialmente listada na agenda oficial do presidente como um evento de posse. Ao inv\u00e9s disso, seus assessores trataram o evento como uma simples &#8220;reuni\u00e3o&#8221;. Essa mudan\u00e7a abrupta de protocolo surpreendeu muitos, j\u00e1 que as posse ministeriais anteriores eram marcadas por discursos, a presen\u00e7a de autoridades e parlamentares, e realizadas em sal\u00f5es nobres do Planalto.<\/span><span data-ccp-props=\"{&quot;201341983&quot;:0,&quot;335559739&quot;:160,&quot;335559740&quot;:259}\">\u00a0<\/span><\/p>\n<p><span data-contrast=\"auto\">A inusitada cerim\u00f4nia reservada gerou desconforto em alguns setores do Centr\u00e3o, que j\u00e1 havia expressado cr\u00edticas \u00e0 demora na realiza\u00e7\u00e3o da reforma ministerial que abriu espa\u00e7o para partidos como o PP e o Republicanos no governo, informou a\u00a0Folha de S.Paulo. Para membros desse grupo, a falta de uma posse ostensiva no Pal\u00e1cio do Planalto demonstrou uma falta de prest\u00edgio por parte do presidente em rela\u00e7\u00e3o aos novos ministros indicados pelo Centr\u00e3o.<\/span><span data-ccp-props=\"{&quot;201341983&quot;:0,&quot;335559739&quot;:160,&quot;335559740&quot;:259}\">\u00a0<\/span><\/p>\n<p><span data-contrast=\"auto\">O l\u00edder do Republicanos na C\u00e2mara, Hugo Motta, comentou sobre a posse discreta afirmando que &#8220;n\u00e3o incomoda de maneira nenhuma&#8221; essa situa\u00e7\u00e3o e que a bancada estava tranquila com o convite para a transmiss\u00e3o de cargo, que ocorreria mais tarde no dia.<\/span><span data-ccp-props=\"{&quot;201341983&quot;:0,&quot;335559739&quot;:160,&quot;335559740&quot;:259}\">\u00a0<\/span><\/p>\n<p><span data-contrast=\"auto\">A reforma ministerial, que culminou na nomea\u00e7\u00e3o dos novos ministros, foi uma estrat\u00e9gia de Lula para fortalecer sua base de apoio no Congresso Nacional e avan\u00e7ar com suas propostas pol\u00edticas. Durante uma transmiss\u00e3o semanal anterior, o presidente Lula enfatizou a dificuldade de demitir ministros para cumprir acordos pol\u00edticos, mas destacou a import\u00e2ncia de construir uma base s\u00f3lida no Congresso para sua governabilidade.<\/span><span data-ccp-props=\"{&quot;201341983&quot;:0,&quot;335559739&quot;:160,&quot;335559740&quot;:259}\">\u00a0<\/span><\/p>\n<p><span data-contrast=\"auto\">O an\u00fancio dos novos ministros j\u00e1 havia sido discreto, com poucos gestos p\u00fablicos do presidente. Fufuca e Silvio Costa Filho foram anunciados atrav\u00e9s de uma breve nota da Secom (Secretaria de Comunica\u00e7\u00e3o da Presid\u00eancia), que tamb\u00e9m tratou do remanejamento de M\u00e1rcio Fran\u00e7a. Lula n\u00e3o apareceu em nenhuma imagem ao lado dos novos ministros, apesar de t\u00ea-los recebido no Pal\u00e1cio da Alvorada antes do an\u00fancio oficial.<\/span><span data-ccp-props=\"{&quot;201341983&quot;:0,&quot;335559739&quot;:160,&quot;335559740&quot;:259}\">\u00a0<\/span><\/p>\n<p>O post <a rel=\"nofollow noopener\" href=\"https:\/\/wscom.com.br\/em-cerimonia-privada-lula-da-posse-a-novos-ministros-do-seu-governo\/\" target=\"_blank\">Em cerim\u00f4nia privada, Lula d\u00e1 posse a novos ministros do seu governo<\/a> apareceu primeiro em <a rel=\"nofollow noopener\" href=\"https:\/\/wscom.com.br\/\" target=\"_blank\">WSCOM<\/a>.<\/p>\n","protected":false},"excerpt":{"rendered":"<p>O presidente da Rep\u00fablica, Luiz In\u00e1cio Lula da Silva (PT), deu posse aos dois novos ministros do seu governo durante uma cerim\u00f4nia privada na manh\u00e3 desta quarta-feira (13). Andr\u00e9 Fufuca foi nomeado como o novo ministro dos Esportes, Silvio Costa Filho assumiu o minist\u00e9rio de Portos e Aeroportos e M\u00e1rcio Fra\u00e7a comandar\u00e1 a pasta da [\u2026]<\/p>\n<p>O post <a rel=\"nofollow\" href=\"https:\/\/wscom.com.br\/em-cerimonia-privada-lula-da-posse-a-novos-ministros-do-seu-governo\/\">Em cerim\u00f4nia privada, Lula d\u00e1 posse a novos ministros do seu governo<\/a> apareceu primeiro em <a rel=\"nofollow\" href=\"https:\/\/wscom.com.br\/\">WSCOM<\/a>.<\/p>\n","protected":false},"author":247,"featured_media":0,"comment_status":"closed","ping_status":"closed","sticky":false,"template":"","format":"standard","meta":{"advgb_blocks_editor_width":"","advgb_blocks_columns_visual_guide":"","footnotes":""},"categories":[9065,34,260,110,4030,47],"tags":[35],"class_list":["post-34141","post","type-post","status-publish","format-standard","hentry","category-cerimonia-privada","category-g1","category-governo","category-lula","category-ministros","category-politica","tag-g1"],"author_meta":{"display_name":"Anderson Costa","author_link":"https:\/\/sindaopcpb.org.br\/author\/anderson-costa\/"},"featured_img":null,"coauthors":[],"tax_additional":{"categories":{"linked":["<a href=\"https:\/\/sindaopcpb.org.br\/cerimonia-privada\/\" class=\"advgb-post-tax-term\">cerim\u00f4nia privada<\/a>","<a href=\"https:\/\/sindaopcpb.org.br\/g1\/\" class=\"advgb-post-tax-term\">G1<\/a>","<a href=\"https:\/\/sindaopcpb.org.br\/governo\/\" class=\"advgb-post-tax-term\">Governo<\/a>","<a href=\"https:\/\/sindaopcpb.org.br\/lula\/\" class=\"advgb-post-tax-term\">Lula<\/a>","<a href=\"https:\/\/sindaopcpb.org.br\/ministros\/\" class=\"advgb-post-tax-term\">Ministros<\/a>","<a href=\"https:\/\/sindaopcpb.org.br\/politica\/\" class=\"advgb-post-tax-term\">POLITICA<\/a>"],"unlinked":["<span class=\"advgb-post-tax-term\">cerim\u00f4nia privada<\/span>","<span class=\"advgb-post-tax-term\">G1<\/span>","<span class=\"advgb-post-tax-term\">Governo<\/span>","<span class=\"advgb-post-tax-term\">Lula<\/span>","<span class=\"advgb-post-tax-term\">Ministros<\/span>","<span class=\"advgb-post-tax-term\">POLITICA<\/span>"]},"tags":{"linked":["<a href=\"https:\/\/sindaopcpb.org.br\/politica\/\" class=\"advgb-post-tax-term\">g1<\/a>"],"unlinked":["<span class=\"advgb-post-tax-term\">g1<\/span>"]}},"comment_count":"0","relative_dates":{"created":"Publicado 3 anos atr\u00e1s","modified":"Atualizado 3 anos atr\u00e1s"},"absolute_dates":{"created":"Publicado em 13 de setembro de 2023","modified":"Atualizado em 13 de setembro de 2023"},"absolute_dates_time":{"created":"Publicado em 13 de setembro de 2023 14:37","modified":"Atualizado em 13 de setembro de 2023 14:37"},"featured_img_caption":"","series_order":"","_links":{"self":[{"href":"https:\/\/sindaopcpb.org.br\/index.php\/wp-json\/wp\/v2\/posts\/34141","targetHints":{"allow":["GET"]}}],"collection":[{"href":"https:\/\/sindaopcpb.org.br\/index.php\/wp-json\/wp\/v2\/posts"}],"about":[{"href":"https:\/\/sindaopcpb.org.br\/index.php\/wp-json\/wp\/v2\/types\/post"}],"author":[{"embeddable":true,"href":"https:\/\/sindaopcpb.org.br\/index.php\/wp-json\/wp\/v2\/users\/247"}],"replies":[{"embeddable":true,"href":"https:\/\/sindaopcpb.org.br\/index.php\/wp-json\/wp\/v2\/comments?post=34141"}],"version-history":[{"count":1,"href":"https:\/\/sindaopcpb.org.br\/index.php\/wp-json\/wp\/v2\/posts\/34141\/revisions"}],"predecessor-version":[{"id":34142,"href":"https:\/\/sindaopcpb.org.br\/index.php\/wp-json\/wp\/v2\/posts\/34141\/revisions\/34142"}],"wp:attachment":[{"href":"https:\/\/sindaopcpb.org.br\/index.php\/wp-json\/wp\/v2\/media?parent=34141"}],"wp:term":[{"taxonomy":"category","embeddable":true,"href":"https:\/\/sindaopcpb.org.br\/index.php\/wp-json\/wp\/v2\/categories?post=34141"},{"taxonomy":"post_tag","embeddable":true,"href":"https:\/\/sindaopcpb.org.br\/index.php\/wp-json\/wp\/v2\/tags?post=34141"}],"curies":[{"name":"wp","href":"https:\/\/api.w.org\/{rel}","templated":true}]}}