{"id":34110,"date":"2023-09-13T11:10:55","date_gmt":"2023-09-13T14:10:55","guid":{"rendered":"https:\/\/wpa.wscom.com.br\/?p=922742"},"modified":"2023-09-13T11:10:55","modified_gmt":"2023-09-13T14:10:55","slug":"sefaz-apreende-carga-de-tecidos-e-fios-de-poliester-sem-nota-fiscal-no-sertao-da-paraiba","status":"publish","type":"post","link":"https:\/\/sindaopcpb.org.br\/index.php\/2023\/09\/13\/sefaz-apreende-carga-de-tecidos-e-fios-de-poliester-sem-nota-fiscal-no-sertao-da-paraiba\/","title":{"rendered":"Sefaz apreende carga de tecidos e fios de poli\u00e9ster sem nota fiscal no Sert\u00e3o da Para\u00edba"},"content":{"rendered":"<p>&nbsp;<\/p>\n<div><\/div>\n<div>O Comando Fiscal da 4\u00aa Ger\u00eancia Regional da Secretaria de Estado da Fazenda (Sefaz-PB) apreendeu uma carga contendo tecidos e fios de poli\u00e9ster, avaliada em R$ 60.333,00, que estava sendo transportada em um caminh\u00e3o ba\u00fa desacompanhadas de documentos fiscais. A apreens\u00e3o aconteceu pr\u00f3ximo ao munic\u00edpio de Coremas, sentido S\u00e3o Bento, no Sert\u00e3o paraibano. O caminh\u00e3o vinha de Pernambuco com mercadorias destinadas a S\u00e3o Bento, Cajazeiras, Campina Grande e Jo\u00e3o Pessoa.<\/div>\n<div><\/div>\n<div>Ap\u00f3s a abordagem, os auditores fiscais do Comando Fiscal de Patos confirmaram a irregularidade do transporte de mercadorias sem documentos fiscais e o caminh\u00e3o foi levado para confer\u00eancia no dep\u00f3sito da Sefaz-PB de Patos, resultando no recolhimento aos cofres do Estado da Para\u00edba de R$ 16.289,91, sendo R$ 10.859,94 de ICMS e R$ 5.429,97, de multa por infra\u00e7\u00e3o.<\/div>\n<p><strong>A\u00c7\u00d5ES FISCAIS PERMANENTES \u2013<\/strong>\u00a0O Sistema de Monitoramento de Controle do Estado tem demonstrado ser uma nova ferramenta de apoio efetiva para as a\u00e7\u00f5es da Fiscaliza\u00e7\u00e3o de Mercadoria e Tr\u00e2nsito da SEFAZ-PB. Com ajuda de recursos tecnol\u00f3gicos e monitoramento permanente, a Sefaz-PB tem avan\u00e7ado no combate \u00e0 sonega\u00e7\u00e3o e \u00e0 concorr\u00eancia desleal no mercado paraibano nas cinco Ger\u00eancias Regionais, buscando coibir a circula\u00e7\u00e3o de mercadoria com documenta\u00e7\u00e3o inid\u00f4nea, irregulares ou sem nota fiscal.<\/p>\n<p>O post <a rel=\"nofollow noopener\" href=\"https:\/\/wscom.com.br\/sefaz-apreende-carga-de-tecidos-e-fios-de-poliester-sem-nota-fiscal-no-sertao-da-paraiba\/\" target=\"_blank\">Sefaz apreende carga de tecidos e fios de poli\u00e9ster sem nota fiscal no Sert\u00e3o da Para\u00edba<\/a> apareceu primeiro em <a rel=\"nofollow noopener\" href=\"https:\/\/wscom.com.br\/\" target=\"_blank\">WSCOM<\/a>.<\/p>\n","protected":false},"excerpt":{"rendered":"<p>\u00a0 O Comando Fiscal da 4\u00aa Ger\u00eancia Regional da Secretaria de Estado da Fazenda (Sefaz-PB) apreendeu uma carga contendo tecidos e fios de poli\u00e9ster, avaliada em R$ 60.333,00, que estava sendo transportada em um caminh\u00e3o ba\u00fa desacompanhadas de documentos fiscais. A apreens\u00e3o aconteceu pr\u00f3ximo ao munic\u00edpio de Coremas, sentido S\u00e3o Bento, no Sert\u00e3o paraibano. O [\u2026]<\/p>\n<p>O post <a rel=\"nofollow\" href=\"https:\/\/wscom.com.br\/sefaz-apreende-carga-de-tecidos-e-fios-de-poliester-sem-nota-fiscal-no-sertao-da-paraiba\/\">Sefaz apreende carga de tecidos e fios de poli\u00e9ster sem nota fiscal no Sert\u00e3o da Para\u00edba<\/a> apareceu primeiro em <a rel=\"nofollow\" href=\"https:\/\/wscom.com.br\/\">WSCOM<\/a>.<\/p>\n","protected":false},"author":42,"featured_media":0,"comment_status":"closed","ping_status":"closed","sticky":false,"template":"","format":"standard","meta":{"advgb_blocks_editor_width":"","advgb_blocks_columns_visual_guide":"","footnotes":""},"categories":[1150,5912,9054,9055,34,66,1925,1588,9056],"tags":[35],"class_list":["post-34110","post","type-post","status-publish","format-standard","hentry","category-apreensao","category-caminhao","category-coremas","category-fios-de-poliester","category-g1","category-policial","category-sefaz-pb","category-sertao-da-paraiba","category-tecidos","tag-g1"],"author_meta":{"display_name":"Rafael Andrade","author_link":"https:\/\/sindaopcpb.org.br\/author\/rafael-andrade\/"},"featured_img":null,"coauthors":[],"tax_additional":{"categories":{"linked":["<a href=\"https:\/\/sindaopcpb.org.br\/apreensao\/\" class=\"advgb-post-tax-term\">Apreens\u00e3o<\/a>","<a href=\"https:\/\/sindaopcpb.org.br\/caminhao\/\" class=\"advgb-post-tax-term\">Caminh\u00e3o<\/a>","<a href=\"https:\/\/sindaopcpb.org.br\/coremas\/\" class=\"advgb-post-tax-term\">coremas<\/a>","<a href=\"https:\/\/sindaopcpb.org.br\/fios-de-poliester\/\" class=\"advgb-post-tax-term\">fios de poli\u00e9ster<\/a>","<a href=\"https:\/\/sindaopcpb.org.br\/g1\/\" class=\"advgb-post-tax-term\">G1<\/a>","<a href=\"https:\/\/sindaopcpb.org.br\/policial\/\" class=\"advgb-post-tax-term\">Policial<\/a>","<a href=\"https:\/\/sindaopcpb.org.br\/sefaz-pb\/\" class=\"advgb-post-tax-term\">Sefaz-PB<\/a>","<a href=\"https:\/\/sindaopcpb.org.br\/sertao-da-paraiba\/\" class=\"advgb-post-tax-term\">Sert\u00e3o da Para\u00edba<\/a>","<a href=\"https:\/\/sindaopcpb.org.br\/tecidos\/\" class=\"advgb-post-tax-term\">tecidos<\/a>"],"unlinked":["<span class=\"advgb-post-tax-term\">Apreens\u00e3o<\/span>","<span class=\"advgb-post-tax-term\">Caminh\u00e3o<\/span>","<span class=\"advgb-post-tax-term\">coremas<\/span>","<span class=\"advgb-post-tax-term\">fios de poli\u00e9ster<\/span>","<span class=\"advgb-post-tax-term\">G1<\/span>","<span class=\"advgb-post-tax-term\">Policial<\/span>","<span class=\"advgb-post-tax-term\">Sefaz-PB<\/span>","<span class=\"advgb-post-tax-term\">Sert\u00e3o da Para\u00edba<\/span>","<span class=\"advgb-post-tax-term\">tecidos<\/span>"]},"tags":{"linked":["<a href=\"https:\/\/sindaopcpb.org.br\/tecidos\/\" class=\"advgb-post-tax-term\">g1<\/a>"],"unlinked":["<span class=\"advgb-post-tax-term\">g1<\/span>"]}},"comment_count":"0","relative_dates":{"created":"Publicado 3 anos atr\u00e1s","modified":"Atualizado 3 anos atr\u00e1s"},"absolute_dates":{"created":"Publicado em 13 de setembro de 2023","modified":"Atualizado em 13 de setembro de 2023"},"absolute_dates_time":{"created":"Publicado em 13 de setembro de 2023 11:10","modified":"Atualizado em 13 de setembro de 2023 11:10"},"featured_img_caption":"","series_order":"","_links":{"self":[{"href":"https:\/\/sindaopcpb.org.br\/index.php\/wp-json\/wp\/v2\/posts\/34110","targetHints":{"allow":["GET"]}}],"collection":[{"href":"https:\/\/sindaopcpb.org.br\/index.php\/wp-json\/wp\/v2\/posts"}],"about":[{"href":"https:\/\/sindaopcpb.org.br\/index.php\/wp-json\/wp\/v2\/types\/post"}],"author":[{"embeddable":true,"href":"https:\/\/sindaopcpb.org.br\/index.php\/wp-json\/wp\/v2\/users\/42"}],"replies":[{"embeddable":true,"href":"https:\/\/sindaopcpb.org.br\/index.php\/wp-json\/wp\/v2\/comments?post=34110"}],"version-history":[{"count":1,"href":"https:\/\/sindaopcpb.org.br\/index.php\/wp-json\/wp\/v2\/posts\/34110\/revisions"}],"predecessor-version":[{"id":34111,"href":"https:\/\/sindaopcpb.org.br\/index.php\/wp-json\/wp\/v2\/posts\/34110\/revisions\/34111"}],"wp:attachment":[{"href":"https:\/\/sindaopcpb.org.br\/index.php\/wp-json\/wp\/v2\/media?parent=34110"}],"wp:term":[{"taxonomy":"category","embeddable":true,"href":"https:\/\/sindaopcpb.org.br\/index.php\/wp-json\/wp\/v2\/categories?post=34110"},{"taxonomy":"post_tag","embeddable":true,"href":"https:\/\/sindaopcpb.org.br\/index.php\/wp-json\/wp\/v2\/tags?post=34110"}],"curies":[{"name":"wp","href":"https:\/\/api.w.org\/{rel}","templated":true}]}}