{"id":34108,"date":"2023-09-13T11:35:13","date_gmt":"2023-09-13T14:35:13","guid":{"rendered":"https:\/\/wpa.wscom.com.br\/?p=922745"},"modified":"2023-09-13T11:35:13","modified_gmt":"2023-09-13T14:35:13","slug":"veiculo-locado-no-rio-grande-do-norte-em-2017-e-nunca-devolvido-e-recuperado-pela-prf-em-joao-pessoa","status":"publish","type":"post","link":"https:\/\/sindaopcpb.org.br\/index.php\/2023\/09\/13\/veiculo-locado-no-rio-grande-do-norte-em-2017-e-nunca-devolvido-e-recuperado-pela-prf-em-joao-pessoa\/","title":{"rendered":"Ve\u00edculo locado no Rio Grande do Norte em 2017 e nunca devolvido \u00e9 recuperado pela PRF em Jo\u00e3o Pessoa"},"content":{"rendered":"<p>&nbsp;<\/p>\n<p>&nbsp;<\/p>\n<p>A Pol\u00edcia Rodovi\u00e1ria Federal (PRF) na Para\u00edba recuperou, na manh\u00e3 da \u00faltima ter\u00e7a-feira (12), na capital paraibana, um carro que havia sido locado h\u00e1 mais de seis anos e nunca devolvido. Durante a ocorr\u00eancia, uma pessoa foi detida pelo crime de apropria\u00e7\u00e3o ind\u00e9bita.<\/p>\n<p>A a\u00e7\u00e3o se deu ontem, por volta das 09h46, na BR 230, em Jo\u00e3o Pessoa, quando policiais abordaram um Ford Fusion. No decorrer da fiscaliza\u00e7\u00e3o, foram realizadas consultas aos sistemas de seguran\u00e7a, sendo identificado que o carro estava com o licenciamento atrasado e tinha um registro de apropria\u00e7\u00e3o ind\u00e9bita, ele havia sido locado em abril de 2017 no Rio Grande do Norte.<\/p>\n<p>O condutor, um homem de 30 anos, estava com a Carteira Nacional de Habilita\u00e7\u00e3o (CNH) vencida, ele relatou que o ve\u00edculo pertencia a um conhecido. Diante dos fatos flagrados, o indiv\u00edduo que transitava com o Ford Fusion, foi encaminhado para a Central de Flagrantes, onde poder\u00e1 responder criminalmente por apropria\u00e7\u00e3o ind\u00e9bita.<\/p>\n<p>O post <a rel=\"nofollow noopener\" href=\"https:\/\/wscom.com.br\/veiculo-locado-no-rio-grande-do-norte-em-2017-e-nunca-devolvido-e-recuperado-pela-prf-em-joao-pessoa\/\" target=\"_blank\">Ve\u00edculo locado no Rio Grande do Norte em 2017 e nunca devolvido \u00e9 recuperado pela PRF em Jo\u00e3o Pessoa<\/a> apareceu primeiro em <a rel=\"nofollow noopener\" href=\"https:\/\/wscom.com.br\/\" target=\"_blank\">WSCOM<\/a>.<\/p>\n","protected":false},"excerpt":{"rendered":"<p>\u00a0 \u00a0 A Pol\u00edcia Rodovi\u00e1ria Federal (PRF) na Para\u00edba recuperou, na manh\u00e3 da \u00faltima ter\u00e7a-feira (12), na capital paraibana, um carro que havia sido locado h\u00e1 mais de seis anos e nunca devolvido. Durante a ocorr\u00eancia, uma pessoa foi detida pelo crime de apropria\u00e7\u00e3o ind\u00e9bita. A a\u00e7\u00e3o se deu ontem, por volta das 09h46, na [\u2026]<\/p>\n<p>O post <a rel=\"nofollow\" href=\"https:\/\/wscom.com.br\/veiculo-locado-no-rio-grande-do-norte-em-2017-e-nunca-devolvido-e-recuperado-pela-prf-em-joao-pessoa\/\">Ve\u00edculo locado no Rio Grande do Norte em 2017 e nunca devolvido \u00e9 recuperado pela PRF em Jo\u00e3o Pessoa<\/a> apareceu primeiro em <a rel=\"nofollow\" href=\"https:\/\/wscom.com.br\/\">WSCOM<\/a>.<\/p>\n","protected":false},"author":42,"featured_media":0,"comment_status":"closed","ping_status":"closed","sticky":false,"template":"","format":"standard","meta":{"advgb_blocks_editor_width":"","advgb_blocks_columns_visual_guide":"","footnotes":""},"categories":[9052,34,71,54,66,1152,9053],"tags":[35],"class_list":["post-34108","post","type-post","status-publish","format-standard","hentry","category-apropriacao-indebita","category-g1","category-joao-pessoa","category-paraiba","category-policial","category-prf","category-veiculo-recuperado","tag-g1"],"author_meta":{"display_name":"Rafael Andrade","author_link":"https:\/\/sindaopcpb.org.br\/author\/rafael-andrade\/"},"featured_img":null,"coauthors":[],"tax_additional":{"categories":{"linked":["<a href=\"https:\/\/sindaopcpb.org.br\/apropriacao-indebita\/\" class=\"advgb-post-tax-term\">apropria\u00e7\u00e3o ind\u00e9bita<\/a>","<a href=\"https:\/\/sindaopcpb.org.br\/g1\/\" class=\"advgb-post-tax-term\">G1<\/a>","<a href=\"https:\/\/sindaopcpb.org.br\/joao-pessoa\/\" class=\"advgb-post-tax-term\">Jo\u00e3o Pessoa<\/a>","<a href=\"https:\/\/sindaopcpb.org.br\/paraiba\/\" class=\"advgb-post-tax-term\">Para\u00edba<\/a>","<a href=\"https:\/\/sindaopcpb.org.br\/policial\/\" class=\"advgb-post-tax-term\">Policial<\/a>","<a href=\"https:\/\/sindaopcpb.org.br\/prf\/\" class=\"advgb-post-tax-term\">PRf<\/a>","<a href=\"https:\/\/sindaopcpb.org.br\/veiculo-recuperado\/\" class=\"advgb-post-tax-term\">ve\u00edculo recuperado<\/a>"],"unlinked":["<span class=\"advgb-post-tax-term\">apropria\u00e7\u00e3o ind\u00e9bita<\/span>","<span class=\"advgb-post-tax-term\">G1<\/span>","<span class=\"advgb-post-tax-term\">Jo\u00e3o Pessoa<\/span>","<span class=\"advgb-post-tax-term\">Para\u00edba<\/span>","<span class=\"advgb-post-tax-term\">Policial<\/span>","<span class=\"advgb-post-tax-term\">PRf<\/span>","<span class=\"advgb-post-tax-term\">ve\u00edculo recuperado<\/span>"]},"tags":{"linked":["<a href=\"https:\/\/sindaopcpb.org.br\/veiculo-recuperado\/\" class=\"advgb-post-tax-term\">g1<\/a>"],"unlinked":["<span class=\"advgb-post-tax-term\">g1<\/span>"]}},"comment_count":"0","relative_dates":{"created":"Publicado 3 anos atr\u00e1s","modified":"Atualizado 3 anos atr\u00e1s"},"absolute_dates":{"created":"Publicado em 13 de setembro de 2023","modified":"Atualizado em 13 de setembro de 2023"},"absolute_dates_time":{"created":"Publicado em 13 de setembro de 2023 11:35","modified":"Atualizado em 13 de setembro de 2023 11:35"},"featured_img_caption":"","series_order":"","_links":{"self":[{"href":"https:\/\/sindaopcpb.org.br\/index.php\/wp-json\/wp\/v2\/posts\/34108","targetHints":{"allow":["GET"]}}],"collection":[{"href":"https:\/\/sindaopcpb.org.br\/index.php\/wp-json\/wp\/v2\/posts"}],"about":[{"href":"https:\/\/sindaopcpb.org.br\/index.php\/wp-json\/wp\/v2\/types\/post"}],"author":[{"embeddable":true,"href":"https:\/\/sindaopcpb.org.br\/index.php\/wp-json\/wp\/v2\/users\/42"}],"replies":[{"embeddable":true,"href":"https:\/\/sindaopcpb.org.br\/index.php\/wp-json\/wp\/v2\/comments?post=34108"}],"version-history":[{"count":1,"href":"https:\/\/sindaopcpb.org.br\/index.php\/wp-json\/wp\/v2\/posts\/34108\/revisions"}],"predecessor-version":[{"id":34109,"href":"https:\/\/sindaopcpb.org.br\/index.php\/wp-json\/wp\/v2\/posts\/34108\/revisions\/34109"}],"wp:attachment":[{"href":"https:\/\/sindaopcpb.org.br\/index.php\/wp-json\/wp\/v2\/media?parent=34108"}],"wp:term":[{"taxonomy":"category","embeddable":true,"href":"https:\/\/sindaopcpb.org.br\/index.php\/wp-json\/wp\/v2\/categories?post=34108"},{"taxonomy":"post_tag","embeddable":true,"href":"https:\/\/sindaopcpb.org.br\/index.php\/wp-json\/wp\/v2\/tags?post=34108"}],"curies":[{"name":"wp","href":"https:\/\/api.w.org\/{rel}","templated":true}]}}