{"id":34106,"date":"2023-09-13T10:09:22","date_gmt":"2023-09-13T13:09:22","guid":{"rendered":"https:\/\/www.infomoney.com.br\/?p=2240713"},"modified":"2023-09-13T10:09:22","modified_gmt":"2023-09-13T13:09:22","slug":"lula-anuncia-r-1-bilhao-do-bndes-para-o-rio-grande-do-sul","status":"publish","type":"post","link":"https:\/\/sindaopcpb.org.br\/index.php\/2023\/09\/13\/lula-anuncia-r-1-bilhao-do-bndes-para-o-rio-grande-do-sul\/","title":{"rendered":"Lula anuncia R$ 1 bilh\u00e3o do BNDES para o Rio Grande do Sul"},"content":{"rendered":"<p><img loading=\"lazy\" width=\"300\" height=\"200\" src=\"https:\/\/www.infomoney.com.br\/wp-content\/uploads\/2023\/09\/05184838_2095895_GDO.jpeg?fit=300%2C200&amp;quality=70&amp;strip=all\" class=\"attachment-medium size-medium wp-post-image\" alt=\"\" decoding=\"async\" style=\"float:right; margin:0 0 10px 10px;\" srcset=\"https:\/\/www.infomoney.com.br\/wp-content\/uploads\/2023\/09\/05184838_2095895_GDO.jpeg?w=800&amp;quality=70&amp;strip=all 800w, https:\/\/www.infomoney.com.br\/wp-content\/uploads\/2023\/09\/05184838_2095895_GDO.jpeg?w=300&amp;quality=70&amp;strip=all 300w, https:\/\/www.infomoney.com.br\/wp-content\/uploads\/2023\/09\/05184838_2095895_GDO.jpeg?w=768&amp;quality=70&amp;strip=all 768w, https:\/\/www.infomoney.com.br\/wp-content\/uploads\/2023\/09\/05184838_2095895_GDO.jpeg?w=150&amp;quality=70&amp;strip=all 150w\" sizes=\"auto, (max-width: 300px) 100vw, 300px\" data-attachment-id=\"2236157\" data-permalink=\"https:\/\/www.infomoney.com.br\/politica\/sobe-para-27-numero-de-mortos-pelos-temporais-no-rio-grande-do-sul-diz-defesa-civil\/attachment\/05184838_2095895_gdo\/\" data-orig-file=\"https:\/\/www.infomoney.com.br\/wp-content\/uploads\/2023\/09\/05184838_2095895_GDO.jpeg?fit=800%2C533&amp;quality=70&amp;strip=all\" data-orig-size=\"800,533\" data-comments-opened=\"0\" data-image-meta=\"{&quot;aperture&quot;:&quot;0&quot;,&quot;credit&quot;:&quot;&quot;,&quot;camera&quot;:&quot;&quot;,&quot;caption&quot;:&quot;&quot;,&quot;created_timestamp&quot;:&quot;0&quot;,&quot;copyright&quot;:&quot;&quot;,&quot;focal_length&quot;:&quot;0&quot;,&quot;iso&quot;:&quot;0&quot;,&quot;shutter_speed&quot;:&quot;0&quot;,&quot;title&quot;:&quot;&quot;,&quot;orientation&quot;:&quot;0&quot;}\" data-image-title=\"Vale do Taquari (RS)\" data-image-description=\"\" data-image-caption=\"&lt;p&gt;Vale do Taquari foi uma das regi\u00f5es mais atingidas pelos temporais. Foto: Secom\/RS&lt;\/p&gt;\n\" data-medium-file=\"https:\/\/www.infomoney.com.br\/wp-content\/uploads\/2023\/09\/05184838_2095895_GDO.jpeg?fit=300%2C200&amp;quality=70&amp;strip=all\" data-large-file=\"https:\/\/www.infomoney.com.br\/wp-content\/uploads\/2023\/09\/05184838_2095895_GDO.jpeg?fit=800%2C533&amp;quality=70&amp;strip=all\" title=\"\"><\/p>\n<p>O presidente Luiz In&aacute;cio Lula da Silva anunciou, na noite desta ter&ccedil;a-feira (12), que o governo federal vai conceder R$ 1 bilh&atilde;o em empr&eacute;stimos por meio do Banco Nacional de Desenvolvimento Econ&ocirc;mico e Social (BNDES), para ajudar a recuperar a economia do Rio Grande do Sul, que sofre com os efeitos devastadores de um ciclone extratropical que atingiu diversas regi&otilde;es do estado na &uacute;ltima semana. Al&eacute;m disso, Lula informou que mais 354 mil trabalhadores com carteira assinada poder&atilde;o acessar os recursos depositados nas contas do Fundo de Garantia do Tempo de Servi&ccedil;o (FGTS).<\/p>\n<p>&ldquo;Tomamos a decis&atilde;o de fazer uma concess&atilde;o de empr&eacute;stimo do BNDES de R$ 1 bilh&atilde;o para ajudar a recuperar a economia de todas as cidades e, ao mesmo tempo, a libera&ccedil;&atilde;o de R$ 600 milh&otilde;es do Fundo de Garantia [do Tempo de Servi&ccedil;o] para atender 354 mil trabalhadores que t&ecirc;m Fundo de Garantia&rdquo;, disse o presidente em v&iacute;deo postado nas redes sociais ap&oacute;s reuni&atilde;o, no Pal&aacute;cio da Alvorada, com ministros que fazem parte de um grupo de trabalho montado para lidar com a situa&ccedil;&atilde;o no estado do Sul do pa&iacute;s.<\/p>\n<p>&ldquo;O que eu posso garantir ao povo do Rio Grande do Sul, ao povo da regi&atilde;o que foi prejudicada pela chuva, &eacute; que o governo federal n&atilde;o faltar&aacute; no atendimento das necessidades do povo da regi&atilde;o, seja pequeno e m&eacute;dio empres&aacute;rio, morador, pessoas que perderam as casas. Vamos cuidar do povo com muito carinho porque o povo n&atilde;o pode sofrer do jeito que est&aacute; sofrendo&rdquo;, completou Lula.<\/p>\n<p>No &uacute;ltimo domingo (10), o vice-presidente Geraldo Alckmin esteve pessoalmente na regi&atilde;o, quando ocupava interinamente a Presid&ecirc;ncia da Rep&uacute;blica em fun&ccedil;&atilde;o da viagem de Lula &agrave; &Iacute;ndia. Na ocasi&atilde;o, Alckmin anunciou a disponibiliza&ccedil;&atilde;o de R$ 741 milh&otilde;es em ajuda ao governo ga&uacute;cho. Alckmin visitou o munic&iacute;pio ga&uacute;cho de Lajeado, na regi&atilde;o do Vale do Taquari, um dos mais atingidos, onde se reuniu com prefeitos locais, ministros e o governador Eduardo Leite.<\/p>\n<p>As chuvas no Rio Grande do Sul, que come&ccedil;aram na segunda-feira da semana passada (4), j&aacute; deixaram quase 50 mortos e cerca de 8 mil pessoas desabrigadas.<\/p>\n<\/p>\n<div class=\"cta-end\">\n<div class=\"im-cta\" >\n<div class=\"im-shortcode-forms bg-light bg-opacity-25 border rounded-4 p-3 p-sm-4 p-md-3 p-lg-4 px-xxl-5 my-5\" data-configuration='{\"form_name\":false,\"form_hat\":\"Newsletter\",\"form_email\":true,\"form_icon\":\"newsletter\",\"form_phone\":false,\"form_campaign\":\"NIM\",\"form_thankyou\":\"\",\"form_journey\":\"APIEvent-26a5198d-8e09-06ef-5f80-cd9127757ad1\",\"form_button\":\"Quero receber\",\"form_context\":\"newsletter\",\"form_origin\":\"https:\\\/\\\/www.infomoney.com.br\\\/politica\\\/feed\\\/?utm_medium=materia&#038;utm_source=infomoney&#038;utm_campaign=NIM&#038;utm_term=politica&#038;utm_content=newsletter\",\"form_position\":\"final\",\"form_category\":\"cta_form\"}'>\n<div class=\"d-flex flex-column align-items-center align-items-lg-start mb-4 flex-lg-row\">\n<div class=\"rounded-circle mb-2 mb-lg-0 mr-lg-4 me-lg-4 p-3 p-lg-4 bg-blue-400\"><svg width=\"40\" height=\"40\" viewBox=\"0 0 40 40\" fill=\"none\" xmlns=\"http:\/\/www.w3.org\/2000\/svg\"><path d=\"M20 20.25 6.042 11.042v19.041c0 .167.048.299.146.396a.535.535 0 0 0 .395.146h15.792V32.5H6.583a2.328 2.328 0 0 1-1.708-.708 2.328 2.328 0 0 1-.708-1.709V9.917c0-.667.236-1.236.708-1.709A2.328 2.328 0 0 1 6.583 7.5h26.834c.666 0 1.236.236 1.708.708a2.33 2.33 0 0 1 .708 1.709v12.458h-1.875V11.042L20 20.25Zm0-2 13.667-8.875H6.333L20 18.25Zm11.75 18.958-1.292-1.333 3.334-3.375h-9v-1.875h9l-3.375-3.417 1.333-1.291 5.667 5.625-5.667 5.666ZM6.042 11.042v20.791-9.458.25-13.25 1.667Z\" fill=\"#fff\"\/><\/svg><\/div>\n<div class=\"flex-fill text-center text-lg-left\">\n<div class=\"h6 small text-orange-700 lh-base mb-1\">Newsletter<\/div>\n<div class=\"text-body h4 m-0\">Infomorning<\/div>\n<div class=\"text-body small lh-base mt-2\">Receba no seu e-mail logo pela manh&atilde; as not&iacute;cias que v&atilde;o mexer com os mercados, com os seus investimentos e o seu bolso durante o dia<\/div>\n<\/div>\n<\/div>\n<\/div>\n<\/div>\n<\/div>\n<p>The post <a rel=\"nofollow noopener\" href=\"https:\/\/www.infomoney.com.br\/politica\/lula-anuncia-r-1-bilhao-do-bndes-para-o-rio-grande-do-sul\/\" target=\"_blank\">Lula anuncia R$ 1 bilh\u00e3o do BNDES para o Rio Grande do Sul<\/a> appeared first on <a rel=\"nofollow noopener\" href=\"https:\/\/www.infomoney.com.br\/\" target=\"_blank\">InfoMoney<\/a>.<\/p>\n","protected":false},"excerpt":{"rendered":"<p><img loading=\"lazy\" decoding=\"async\" width=\"300\" height=\"200\" src=\"https:\/\/www.infomoney.com.br\/wp-content\/uploads\/2023\/09\/05184838_2095895_GDO.jpeg?fit=300%2C200&amp;quality=70&amp;strip=all\" class=\"attachment-medium size-medium wp-post-image\" alt=\"\" data-attachment-id=\"2236157\" data-permalink=\"https:\/\/www.infomoney.com.br\/politica\/sobe-para-27-numero-de-mortos-pelos-temporais-no-rio-grande-do-sul-diz-defesa-civil\/attachment\/05184838_2095895_gdo\/\" data-orig-file=\"https:\/\/www.infomoney.com.br\/wp-content\/uploads\/2023\/09\/05184838_2095895_GDO.jpeg?fit=800%2C533&amp;quality=70&amp;strip=all\" data-orig-size=\"800,533\" data-comments-opened=\"0\" data-image-meta='{\"aperture\":\"0\",\"credit\":\"\",\"camera\":\"\",\"caption\":\"\",\"created_timestamp\":\"0\",\"copyright\":\"\",\"focal_length\":\"0\",\"iso\":\"0\",\"shutter_speed\":\"0\",\"title\":\"\",\"orientation\":\"0\"}' data-image-title=\"Vale do Taquari (RS)\" data-image-description=\"\" data-image-caption=\"&lt;p&gt;Vale do Taquari foi uma das regi\u00f5es mais atingidas pelos temporais. Foto: Secom\/RS&lt;\/p&gt;\n\" data-medium-file=\"https:\/\/www.infomoney.com.br\/wp-content\/uploads\/2023\/09\/05184838_2095895_GDO.jpeg?fit=300%2C200&amp;quality=70&amp;strip=all\" data-large-file=\"https:\/\/www.infomoney.com.br\/wp-content\/uploads\/2023\/09\/05184838_2095895_GDO.jpeg?fit=800%2C533&amp;quality=70&amp;strip=all\">Presidente tamb\u00e9m confirma libera\u00e7\u00e3o de R$ 600 milh\u00f5es do FGTS<\/p>\n<p>The post <a rel=\"nofollow\" href=\"https:\/\/www.infomoney.com.br\/politica\/lula-anuncia-r-1-bilhao-do-bndes-para-o-rio-grande-do-sul\/\">Lula anuncia R$ 1 bilh\u00e3o do BNDES para o Rio Grande do Sul<\/a> appeared first on <a rel=\"nofollow\" href=\"https:\/\/www.infomoney.com.br\/\">InfoMoney<\/a>.<\/p>\n","protected":false},"author":44,"featured_media":0,"comment_status":"closed","ping_status":"closed","sticky":false,"template":"","format":"standard","meta":{"advgb_blocks_editor_width":"","advgb_blocks_columns_visual_guide":"","footnotes":""},"categories":[139,34,129,47,3017],"tags":[35],"class_list":["post-34106","post","type-post","status-publish","format-standard","hentry","category-bndes","category-g1","category-luiz-inacio-lula-da-silva","category-politica","category-rio-grande-do-sul","tag-g1"],"author_meta":{"display_name":"Ag\u00eancia Brasil","author_link":"https:\/\/sindaopcpb.org.br\/author\/agencia-brasil\/"},"featured_img":null,"coauthors":[],"tax_additional":{"categories":{"linked":["<a href=\"https:\/\/sindaopcpb.org.br\/bndes\/\" class=\"advgb-post-tax-term\">BNDES<\/a>","<a href=\"https:\/\/sindaopcpb.org.br\/g1\/\" class=\"advgb-post-tax-term\">G1<\/a>","<a href=\"https:\/\/sindaopcpb.org.br\/luiz-inacio-lula-da-silva\/\" class=\"advgb-post-tax-term\">Luiz In\u00e1cio Lula da Silva<\/a>","<a href=\"https:\/\/sindaopcpb.org.br\/politica\/\" class=\"advgb-post-tax-term\">POLITICA<\/a>","<a href=\"https:\/\/sindaopcpb.org.br\/rio-grande-do-sul\/\" class=\"advgb-post-tax-term\">Rio Grande do Sul<\/a>"],"unlinked":["<span class=\"advgb-post-tax-term\">BNDES<\/span>","<span class=\"advgb-post-tax-term\">G1<\/span>","<span class=\"advgb-post-tax-term\">Luiz In\u00e1cio Lula da Silva<\/span>","<span class=\"advgb-post-tax-term\">POLITICA<\/span>","<span class=\"advgb-post-tax-term\">Rio Grande do Sul<\/span>"]},"tags":{"linked":["<a href=\"https:\/\/sindaopcpb.org.br\/rio-grande-do-sul\/\" class=\"advgb-post-tax-term\">g1<\/a>"],"unlinked":["<span class=\"advgb-post-tax-term\">g1<\/span>"]}},"comment_count":"0","relative_dates":{"created":"Publicado 3 anos atr\u00e1s","modified":"Atualizado 3 anos atr\u00e1s"},"absolute_dates":{"created":"Publicado em 13 de setembro de 2023","modified":"Atualizado em 13 de setembro de 2023"},"absolute_dates_time":{"created":"Publicado em 13 de setembro de 2023 10:09","modified":"Atualizado em 13 de setembro de 2023 10:09"},"featured_img_caption":"","series_order":"","_links":{"self":[{"href":"https:\/\/sindaopcpb.org.br\/index.php\/wp-json\/wp\/v2\/posts\/34106","targetHints":{"allow":["GET"]}}],"collection":[{"href":"https:\/\/sindaopcpb.org.br\/index.php\/wp-json\/wp\/v2\/posts"}],"about":[{"href":"https:\/\/sindaopcpb.org.br\/index.php\/wp-json\/wp\/v2\/types\/post"}],"author":[{"embeddable":true,"href":"https:\/\/sindaopcpb.org.br\/index.php\/wp-json\/wp\/v2\/users\/44"}],"replies":[{"embeddable":true,"href":"https:\/\/sindaopcpb.org.br\/index.php\/wp-json\/wp\/v2\/comments?post=34106"}],"version-history":[{"count":1,"href":"https:\/\/sindaopcpb.org.br\/index.php\/wp-json\/wp\/v2\/posts\/34106\/revisions"}],"predecessor-version":[{"id":34107,"href":"https:\/\/sindaopcpb.org.br\/index.php\/wp-json\/wp\/v2\/posts\/34106\/revisions\/34107"}],"wp:attachment":[{"href":"https:\/\/sindaopcpb.org.br\/index.php\/wp-json\/wp\/v2\/media?parent=34106"}],"wp:term":[{"taxonomy":"category","embeddable":true,"href":"https:\/\/sindaopcpb.org.br\/index.php\/wp-json\/wp\/v2\/categories?post=34106"},{"taxonomy":"post_tag","embeddable":true,"href":"https:\/\/sindaopcpb.org.br\/index.php\/wp-json\/wp\/v2\/tags?post=34106"}],"curies":[{"name":"wp","href":"https:\/\/api.w.org\/{rel}","templated":true}]}}