{"id":34094,"date":"2023-09-13T10:43:45","date_gmt":"2023-09-13T13:43:45","guid":{"rendered":"https:\/\/www.infomoney.com.br\/?p=2240693"},"modified":"2023-09-13T10:43:45","modified_gmt":"2023-09-13T13:43:45","slug":"camara-pode-votar-compensacao-de-r-27-bilhoes-a-estados-e-socorro-financeiro-a-municipios","status":"publish","type":"post","link":"https:\/\/sindaopcpb.org.br\/index.php\/2023\/09\/13\/camara-pode-votar-compensacao-de-r-27-bilhoes-a-estados-e-socorro-financeiro-a-municipios\/","title":{"rendered":"C\u00e2mara pode votar compensa\u00e7\u00e3o de R$ 27 bilh\u00f5es a Estados e socorro financeiro a munic\u00edpios"},"content":{"rendered":"<p><img loading=\"lazy\" width=\"300\" height=\"185\" src=\"https:\/\/www.infomoney.com.br\/wp-content\/uploads\/2023\/07\/img20230707133532985MED.jpg?fit=300%2C185&amp;quality=70&amp;strip=all\" class=\"attachment-medium size-medium wp-post-image\" alt=\"\" decoding=\"async\" style=\"float:right; margin:0 0 10px 10px;\" srcset=\"https:\/\/www.infomoney.com.br\/wp-content\/uploads\/2023\/07\/img20230707133532985MED.jpg?w=1000&amp;quality=70&amp;strip=all 1000w, https:\/\/www.infomoney.com.br\/wp-content\/uploads\/2023\/07\/img20230707133532985MED.jpg?w=300&amp;quality=70&amp;strip=all 300w, https:\/\/www.infomoney.com.br\/wp-content\/uploads\/2023\/07\/img20230707133532985MED.jpg?w=768&amp;quality=70&amp;strip=all 768w, https:\/\/www.infomoney.com.br\/wp-content\/uploads\/2023\/07\/img20230707133532985MED.jpg?w=150&amp;quality=70&amp;strip=all 150w\" sizes=\"auto, (max-width: 300px) 100vw, 300px\" data-attachment-id=\"2182298\" data-permalink=\"https:\/\/www.infomoney.com.br\/politica\/camara-conclui-votacao-de-texto-base-da-reforma-tributaria-materia-segue-para-o-senado\/attachment\/img20230707133532985med\/\" data-orig-file=\"https:\/\/www.infomoney.com.br\/wp-content\/uploads\/2023\/07\/img20230707133532985MED.jpg?fit=1000%2C616&amp;quality=70&amp;strip=all\" data-orig-size=\"1000,616\" data-comments-opened=\"0\" data-image-meta=\"{&quot;aperture&quot;:&quot;0&quot;,&quot;credit&quot;:&quot;&quot;,&quot;camera&quot;:&quot;&quot;,&quot;caption&quot;:&quot;&quot;,&quot;created_timestamp&quot;:&quot;0&quot;,&quot;copyright&quot;:&quot;&quot;,&quot;focal_length&quot;:&quot;0&quot;,&quot;iso&quot;:&quot;0&quot;,&quot;shutter_speed&quot;:&quot;0&quot;,&quot;title&quot;:&quot;&quot;,&quot;orientation&quot;:&quot;0&quot;}\" data-image-title=\"Plen\u00e1rio da C\u00e2mara dos Deputados\" data-image-description=\"\" data-image-caption=\"&lt;p&gt;O plen\u00e1rio da C\u00e2mara dos Deputados (Fotos: Zeca Ribeiro \/ C\u00e2mara dos Deputados)&lt;\/p&gt;\n\" data-medium-file=\"https:\/\/www.infomoney.com.br\/wp-content\/uploads\/2023\/07\/img20230707133532985MED.jpg?fit=300%2C185&amp;quality=70&amp;strip=all\" data-large-file=\"https:\/\/www.infomoney.com.br\/wp-content\/uploads\/2023\/07\/img20230707133532985MED.jpg?fit=1000%2C616&amp;quality=70&amp;strip=all\" title=\"\"><\/p>\n<p>O presidente <strong>Luiz In&aacute;cio Lula da Silva (PT)<\/strong> decidiu antecipar para este ano o pagamento de <span class=\"font-bold\">cerca de R$ 10 bilh&otilde;es em indeniza&ccedil;&otilde;es a Estados e munic&iacute;pios<\/span>&nbsp;<span class=\"font-bold\">para compensa&ccedil;&atilde;o de perdas com o ICMS (Imposto sobre Opera&ccedil;&otilde;es relativas &agrave; Circula&ccedil;&atilde;o de Mercadorias e sobre Presta&ccedil;&otilde;es de Servi&ccedil;os de Transporte Interestadual e Intermunicipal e de Comunica&ccedil;&atilde;o).<\/span><\/p>\n<p>O debate deve ocorrer no &acirc;mbito do projeto de lei complementar que trata da perda de arrecada&ccedil;&atilde;o gerada pela Lei Complementar n&ordm; 194, de 2022, que promoveu a redu&ccedil;&atilde;o nas al&iacute;quotas do tributo estadual incidentes sobre combust&iacute;veis, energia el&eacute;trica, comunica&ccedil;&otilde;es, e transporte coletivo, considerados servi&ccedil;os essenciais, para o teto de 18%.<\/p>\n<p>Em coletiva de imprensa ontem (12), o ministro da Secretaria de Rela&ccedil;&otilde;es Institucionais da Presid&ecirc;ncia da Rep&uacute;blica, Alexandre Padilha (PT), anunciou que o governo tamb&eacute;m vai propor compensar especificamente os munic&iacute;pios em R$ 2,3 bilh&otilde;es pela queda nos repasses do Fundo de Participa&ccedil;&atilde;o dos Munic&iacute;pios (FPM) dos &uacute;ltimos tr&ecirc;s meses.<\/p>\n<p>&ldquo;Discuti com o presidente <em>[Lula]<\/em> hoje o apoio necess&aacute;rio aos munic&iacute;pios brasileiros por conta da queda de arrecada&ccedil;&atilde;o, que &eacute; resultante das medidas do governo anterior. O presidente autorizou discutir com o relator a antecipa&ccedil;&atilde;o da compensa&ccedil;&atilde;o de 2024 para este ano&rdquo;, disse o ministro.<\/p>\n<p>Segundo Padilha, at&eacute; julho, o FPM vinha repassando valores maiores do que no mesmo per&iacute;odo em 2022, apesar das medidas que prejudicaram a arrecada&ccedil;&atilde;o dos entes subnacionais. Mas em julho e agosto houve uma queda. A ideia &eacute; que o governo libere uma parcela extra para socorrer os munic&iacute;pios.<\/p>\n<p>O projeto de lei complementar que trata dos assuntos (PLP 136\/2023) est&aacute; sob relatoria do deputado federal Zeca Dirceu (PT-PR), l&iacute;der da Federa&ccedil;&atilde;o Brasil da Esperan&ccedil;a &ndash; F&eacute; Brasil (PT-PCdoB-PV) na C&acirc;mara dos Deputados, e traz, entre outros pontos, a previs&atilde;o de compensa&ccedil;&atilde;o de perdas de R$ 27,015 bilh&otilde;es aos entes subnacionais, referente aos exerc&iacute;cios de 2023, 2024 e 2025.<\/p>\n<p>O texto estabelece o modo de compensa&ccedil;&atilde;o das perdas, que consistir&aacute;, primordialmente, na dedu&ccedil;&atilde;o do valor atribu&iacute;do a cada Estado e ao Distrito Federal dos valores das presta&ccedil;&otilde;es de d&iacute;vidas refinanciadas. Eis a distribui&ccedil;&atilde;o para cada ente:<\/p>\n<p><img loading=\"lazy\" data-attachment-id=\"2240798\" data-permalink=\"https:\/\/www.infomoney.com.br\/politica\/camara-pode-votar-compensacao-de-r-27-bilhoes-a-estados-e-socorro-financeiro-a-municipios\/attachment\/compensacao_estados\/\" data-orig-file=\"https:\/\/www.infomoney.com.br\/wp-content\/uploads\/2023\/09\/Compensacao_Estados.jpg?fit=643%2C727&amp;quality=70&amp;strip=all\" data-orig-size=\"643,727\" data-comments-opened=\"0\" data-image-meta=\"{&quot;aperture&quot;:&quot;0&quot;,&quot;credit&quot;:&quot;&quot;,&quot;camera&quot;:&quot;&quot;,&quot;caption&quot;:&quot;&quot;,&quot;created_timestamp&quot;:&quot;0&quot;,&quot;copyright&quot;:&quot;&quot;,&quot;focal_length&quot;:&quot;0&quot;,&quot;iso&quot;:&quot;0&quot;,&quot;shutter_speed&quot;:&quot;0&quot;,&quot;title&quot;:&quot;&quot;,&quot;orientation&quot;:&quot;0&quot;}\" data-image-title=\"Compensa\u00e7\u00e3o_Estados\" data-image-description=\"\" data-image-caption=\"\" data-medium-file=\"https:\/\/www.infomoney.com.br\/wp-content\/uploads\/2023\/09\/Compensacao_Estados.jpg?fit=265%2C300&amp;quality=70&amp;strip=all\" data-large-file=\"https:\/\/www.infomoney.com.br\/wp-content\/uploads\/2023\/09\/Compensacao_Estados.jpg?fit=643%2C727&amp;quality=70&amp;strip=all\" decoding=\"async\" class=\"img-fluid alignnone wp-image-2240798\" src=\"https:\/\/www.infomoney.com.br\/wp-content\/uploads\/2023\/09\/Compensacao_Estados.jpg?quality=70&#038;resize=401%2C453&#038;%23038;strip=all\" alt=\"\" width=\"401\" height=\"453\" srcset=\"https:\/\/www.infomoney.com.br\/wp-content\/uploads\/2023\/09\/Compensacao_Estados.jpg?w=643&amp;quality=70&amp;strip=all 643w, https:\/\/www.infomoney.com.br\/wp-content\/uploads\/2023\/09\/Compensacao_Estados.jpg?w=265&amp;quality=70&amp;strip=all 265w, https:\/\/www.infomoney.com.br\/wp-content\/uploads\/2023\/09\/Compensacao_Estados.jpg?w=150&amp;quality=70&amp;strip=all 150w\" sizes=\"auto, (max-width: 401px) 100vw, 401px\" data-recalc-dims=\"1\" title=\"\"><\/p>\n<p><em>Fonte: C&acirc;mara dos Deputados<\/em><\/p>\n<p>Segundo o relator, o substitutivo tamb&eacute;m incorporar&aacute; gatilhos em caso de outras quedas de receitas do FPM em outubro, novembro e dezembro para eventual recomposi&ccedil;&atilde;o por parte da Uni&atilde;o. A expectativa &eacute; que o texto seja votado em plen&aacute;rio nesta quarta-feira (13).<\/p>\n<p>&ldquo;Esse gatilho de dezembro garante que esse ano n&atilde;o vai ter nenhum tipo de perda de arrecada&ccedil;&atilde;o comparado com 2022 falando de FPM&rdquo;, disse Direceu em entrevista a jornalistas.<\/p>\n<p>Segundo o l&iacute;der do governo na C&acirc;mara dos Deputados, Jos&eacute; Guimar&atilde;es (PT-CE), a proposta tamb&eacute;m vai prever socorro aos munic&iacute;pios para garantir que nenhum receba menos do que recebeu em 2022 do Fundo de Participa&ccedil;&atilde;o dos Munic&iacute;pios (FPM). &ldquo;O governo tem compromisso com o municipalismo, apresentamos uma ajuda financeira emergencial aos munic&iacute;pios&rdquo;, disse.<\/p>\n<p>A ideia com o governo &eacute; negociar a inclus&atilde;o desses pontos a favor do caixa dos entes subnacionais com a blindagem da casa legislativa a &ldquo;pautas-bomba&rdquo;, que possam prejudicar o objetivo da equipe econ&ocirc;mica de cumprir a meta de zerar o d&eacute;ficit prim&aacute;rio em 2024.<\/p>\n<p>Duas semanas atr&aacute;s, o plen&aacute;rio da C&acirc;mara dos Deputados aprovou projeto de lei que prorroga a desonera&ccedil;&atilde;o da folha de pagamentos para 17 setores da economia at&eacute; 31 de dezembro de 2027.<\/p>\n<p>Durante a tramita&ccedil;&atilde;o da mat&eacute;ria, tamb&eacute;m foi inclu&iacute;da a diminui&ccedil;&atilde;o da contribui&ccedil;&atilde;o previdenci&aacute;ria de todos os munic&iacute;pios, que valer&aacute; igualmente at&eacute; 2027 e ter&aacute; uma varia&ccedil;&atilde;o de 8% a 18% de acordo com o Produto Interno Bruto (PIB) de cada cidade. Apenas este &uacute;ltimo ponto tem impacto fiscal estimado em R$ 7,2 bilh&otilde;es &#8210; menor, portanto, do que o esperado com o socorro pelas perdas no FPM.<\/p>\n<p>A press&atilde;o sobre o governo federal, no entanto, tende a ser maior, tamb&eacute;m por conta da redu&ccedil;&atilde;o do volume de emendas parlamentares &agrave;s cidades e o aumento das despesas das prefeituras, sobretudo ap&oacute;s a cria&ccedil;&atilde;o do piso nacional de enfermagem.<\/p>\n<p>(com Ag&ecirc;ncia C&acirc;mara)<\/p>\n<\/p>\n<div class=\"cta-end\">\n<div class=\"im-cta\" >\n<div class=\"im-shortcode-forms bg-light bg-opacity-25 border rounded-4 p-3 p-sm-4 p-md-3 p-lg-4 px-xxl-5 my-5\" data-configuration='{\"form_name\":false,\"form_hat\":\"Newsletter\",\"form_email\":true,\"form_icon\":\"newsletter\",\"form_phone\":false,\"form_campaign\":\"NIM\",\"form_thankyou\":\"\",\"form_journey\":\"APIEvent-26a5198d-8e09-06ef-5f80-cd9127757ad1\",\"form_button\":\"Quero receber\",\"form_context\":\"newsletter\",\"form_origin\":\"https:\\\/\\\/www.infomoney.com.br\\\/politica\\\/feed\\\/?utm_medium=materia&#038;utm_source=infomoney&#038;utm_campaign=NIM&#038;utm_term=politica&#038;utm_content=newsletter\",\"form_position\":\"final\",\"form_category\":\"cta_form\"}'>\n<div class=\"d-flex flex-column align-items-center align-items-lg-start mb-4 flex-lg-row\">\n<div class=\"rounded-circle mb-2 mb-lg-0 mr-lg-4 me-lg-4 p-3 p-lg-4 bg-blue-400\"><svg width=\"40\" height=\"40\" viewBox=\"0 0 40 40\" fill=\"none\" xmlns=\"http:\/\/www.w3.org\/2000\/svg\"><path d=\"M20 20.25 6.042 11.042v19.041c0 .167.048.299.146.396a.535.535 0 0 0 .395.146h15.792V32.5H6.583a2.328 2.328 0 0 1-1.708-.708 2.328 2.328 0 0 1-.708-1.709V9.917c0-.667.236-1.236.708-1.709A2.328 2.328 0 0 1 6.583 7.5h26.834c.666 0 1.236.236 1.708.708a2.33 2.33 0 0 1 .708 1.709v12.458h-1.875V11.042L20 20.25Zm0-2 13.667-8.875H6.333L20 18.25Zm11.75 18.958-1.292-1.333 3.334-3.375h-9v-1.875h9l-3.375-3.417 1.333-1.291 5.667 5.625-5.667 5.666ZM6.042 11.042v20.791-9.458.25-13.25 1.667Z\" fill=\"#fff\"\/><\/svg><\/div>\n<div class=\"flex-fill text-center text-lg-left\">\n<div class=\"h6 small text-orange-700 lh-base mb-1\">Newsletter<\/div>\n<div class=\"text-body h4 m-0\">Infomorning<\/div>\n<div class=\"text-body small lh-base mt-2\">Receba no seu e-mail logo pela manh&atilde; as not&iacute;cias que v&atilde;o mexer com os mercados, com os seus investimentos e o seu bolso durante o dia<\/div>\n<\/div>\n<\/div>\n<\/div>\n<\/div>\n<\/div>\n<p>The post <a rel=\"nofollow noopener\" href=\"https:\/\/www.infomoney.com.br\/politica\/camara-pode-votar-compensacao-de-r-27-bilhoes-a-estados-e-socorro-financeiro-a-municipios\/\" target=\"_blank\">C\u00e2mara pode votar compensa\u00e7\u00e3o de R$ 27 bilh\u00f5es a Estados e socorro financeiro a munic\u00edpios<\/a> appeared first on <a rel=\"nofollow noopener\" href=\"https:\/\/www.infomoney.com.br\/\" target=\"_blank\">InfoMoney<\/a>.<\/p>\n","protected":false},"excerpt":{"rendered":"<p><img loading=\"lazy\" decoding=\"async\" width=\"300\" height=\"185\" src=\"https:\/\/www.infomoney.com.br\/wp-content\/uploads\/2023\/07\/img20230707133532985MED.jpg?fit=300%2C185&amp;quality=70&amp;strip=all\" class=\"attachment-medium size-medium wp-post-image\" alt=\"\" data-attachment-id=\"2182298\" data-permalink=\"https:\/\/www.infomoney.com.br\/politica\/camara-conclui-votacao-de-texto-base-da-reforma-tributaria-materia-segue-para-o-senado\/attachment\/img20230707133532985med\/\" data-orig-file=\"https:\/\/www.infomoney.com.br\/wp-content\/uploads\/2023\/07\/img20230707133532985MED.jpg?fit=1000%2C616&amp;quality=70&amp;strip=all\" data-orig-size=\"1000,616\" data-comments-opened=\"0\" data-image-meta='{\"aperture\":\"0\",\"credit\":\"\",\"camera\":\"\",\"caption\":\"\",\"created_timestamp\":\"0\",\"copyright\":\"\",\"focal_length\":\"0\",\"iso\":\"0\",\"shutter_speed\":\"0\",\"title\":\"\",\"orientation\":\"0\"}' data-image-title=\"Plen\u00e1rio da C\u00e2mara dos Deputados\" data-image-description=\"\" data-image-caption=\"&lt;p&gt;O plen\u00e1rio da C\u00e2mara dos Deputados (Fotos: Zeca Ribeiro \/ C\u00e2mara dos Deputados)&lt;\/p&gt;\n\" data-medium-file=\"https:\/\/www.infomoney.com.br\/wp-content\/uploads\/2023\/07\/img20230707133532985MED.jpg?fit=300%2C185&amp;quality=70&amp;strip=all\" data-large-file=\"https:\/\/www.infomoney.com.br\/wp-content\/uploads\/2023\/07\/img20230707133532985MED.jpg?fit=1000%2C616&amp;quality=70&amp;strip=all\">Projeto de lei complementar pode ser votado nesta quarta-feira em plen\u00e1rio e trar\u00e1 antecipa\u00e7\u00e3o de recursos para entes subnacionais<\/p>\n<p>The post <a rel=\"nofollow\" href=\"https:\/\/www.infomoney.com.br\/politica\/camara-pode-votar-compensacao-de-r-27-bilhoes-a-estados-e-socorro-financeiro-a-municipios\/\">C\u00e2mara pode votar compensa\u00e7\u00e3o de R$ 27 bilh\u00f5es a Estados e socorro financeiro a munic\u00edpios<\/a> appeared first on <a rel=\"nofollow\" href=\"https:\/\/www.infomoney.com.br\/\">InfoMoney<\/a>.<\/p>\n","protected":false},"author":52,"featured_media":0,"comment_status":"closed","ping_status":"closed","sticky":false,"template":"","format":"standard","meta":{"advgb_blocks_editor_width":"","advgb_blocks_columns_visual_guide":"","footnotes":""},"categories":[276,359,4293,34,128,556,129,47],"tags":[35],"class_list":["post-34094","post","type-post","status-publish","format-standard","hentry","category-camara-dos-deputados","category-congresso-nacional","category-estados","category-g1","category-icms","category-impostos","category-luiz-inacio-lula-da-silva","category-politica","tag-g1"],"author_meta":{"display_name":"Marcos Mortari","author_link":"https:\/\/sindaopcpb.org.br\/author\/marcos-mortari\/"},"featured_img":null,"coauthors":[],"tax_additional":{"categories":{"linked":["<a href=\"https:\/\/sindaopcpb.org.br\/camara-dos-deputados\/\" class=\"advgb-post-tax-term\">C\u00e2mara dos Deputados<\/a>","<a href=\"https:\/\/sindaopcpb.org.br\/congresso-nacional\/\" class=\"advgb-post-tax-term\">Congresso Nacional<\/a>","<a href=\"https:\/\/sindaopcpb.org.br\/estados\/\" class=\"advgb-post-tax-term\">Estados<\/a>","<a href=\"https:\/\/sindaopcpb.org.br\/g1\/\" class=\"advgb-post-tax-term\">G1<\/a>","<a href=\"https:\/\/sindaopcpb.org.br\/icms\/\" class=\"advgb-post-tax-term\">ICMS<\/a>","<a href=\"https:\/\/sindaopcpb.org.br\/impostos\/\" class=\"advgb-post-tax-term\">Impostos<\/a>","<a href=\"https:\/\/sindaopcpb.org.br\/luiz-inacio-lula-da-silva\/\" class=\"advgb-post-tax-term\">Luiz In\u00e1cio Lula da Silva<\/a>","<a href=\"https:\/\/sindaopcpb.org.br\/politica\/\" class=\"advgb-post-tax-term\">POLITICA<\/a>"],"unlinked":["<span class=\"advgb-post-tax-term\">C\u00e2mara dos Deputados<\/span>","<span class=\"advgb-post-tax-term\">Congresso Nacional<\/span>","<span class=\"advgb-post-tax-term\">Estados<\/span>","<span class=\"advgb-post-tax-term\">G1<\/span>","<span class=\"advgb-post-tax-term\">ICMS<\/span>","<span class=\"advgb-post-tax-term\">Impostos<\/span>","<span class=\"advgb-post-tax-term\">Luiz In\u00e1cio Lula da Silva<\/span>","<span class=\"advgb-post-tax-term\">POLITICA<\/span>"]},"tags":{"linked":["<a href=\"https:\/\/sindaopcpb.org.br\/politica\/\" class=\"advgb-post-tax-term\">g1<\/a>"],"unlinked":["<span class=\"advgb-post-tax-term\">g1<\/span>"]}},"comment_count":"0","relative_dates":{"created":"Publicado 3 anos atr\u00e1s","modified":"Atualizado 3 anos atr\u00e1s"},"absolute_dates":{"created":"Publicado em 13 de setembro de 2023","modified":"Atualizado em 13 de setembro de 2023"},"absolute_dates_time":{"created":"Publicado em 13 de setembro de 2023 10:43","modified":"Atualizado em 13 de setembro de 2023 10:43"},"featured_img_caption":"","series_order":"","_links":{"self":[{"href":"https:\/\/sindaopcpb.org.br\/index.php\/wp-json\/wp\/v2\/posts\/34094","targetHints":{"allow":["GET"]}}],"collection":[{"href":"https:\/\/sindaopcpb.org.br\/index.php\/wp-json\/wp\/v2\/posts"}],"about":[{"href":"https:\/\/sindaopcpb.org.br\/index.php\/wp-json\/wp\/v2\/types\/post"}],"author":[{"embeddable":true,"href":"https:\/\/sindaopcpb.org.br\/index.php\/wp-json\/wp\/v2\/users\/52"}],"replies":[{"embeddable":true,"href":"https:\/\/sindaopcpb.org.br\/index.php\/wp-json\/wp\/v2\/comments?post=34094"}],"version-history":[{"count":1,"href":"https:\/\/sindaopcpb.org.br\/index.php\/wp-json\/wp\/v2\/posts\/34094\/revisions"}],"predecessor-version":[{"id":34095,"href":"https:\/\/sindaopcpb.org.br\/index.php\/wp-json\/wp\/v2\/posts\/34094\/revisions\/34095"}],"wp:attachment":[{"href":"https:\/\/sindaopcpb.org.br\/index.php\/wp-json\/wp\/v2\/media?parent=34094"}],"wp:term":[{"taxonomy":"category","embeddable":true,"href":"https:\/\/sindaopcpb.org.br\/index.php\/wp-json\/wp\/v2\/categories?post=34094"},{"taxonomy":"post_tag","embeddable":true,"href":"https:\/\/sindaopcpb.org.br\/index.php\/wp-json\/wp\/v2\/tags?post=34094"}],"curies":[{"name":"wp","href":"https:\/\/api.w.org\/{rel}","templated":true}]}}