{"id":34079,"date":"2023-09-13T08:18:27","date_gmt":"2023-09-13T11:18:27","guid":{"rendered":"https:\/\/g1.globo.com\/pb\/paraiba\/musica\/noticia\/2023\/09\/13\/gravacao-dvd-magnificos-aniversario-de-campina-grande.ghtml"},"modified":"2023-09-13T08:18:27","modified_gmt":"2023-09-13T11:18:27","slug":"banda-magnificos-anuncia-gravacao-de-dvd-em-show-gratuito-no-aniversario-de-campina-grande","status":"publish","type":"post","link":"https:\/\/sindaopcpb.org.br\/index.php\/2023\/09\/13\/banda-magnificos-anuncia-gravacao-de-dvd-em-show-gratuito-no-aniversario-de-campina-grande\/","title":{"rendered":"Banda &#8216;Magn\u00edficos&#8217; anuncia grava\u00e7\u00e3o de DVD em show gratuito no anivers\u00e1rio de Campina Grande"},"content":{"rendered":"   <img src=\"https:\/\/s2.glbimg.com\/QxgPzcRQxePdiMdKVT0uKQOR3Qk=\/i.s3.glbimg.com\/v1\/AUTH_59edd422c0c84a879bd37670ae4f538a\/internal_photos\/bs\/2023\/d\/r\/dP69ueTtGAXUIWJ1HmEQ\/banda-magnificos.jpg\" \/><br \/>     DVD \"A Preferida do Brasil\" ser\u00e1 gravado no Parque do Povo. P\u00fablico poder\u00e1 entrar no local mediante doa\u00e7\u00e3o de dois quilos de alimento. Samara Souto e Fernando Frajola, vocalistas da Banda Magn\u00edficos\nReprodu\u00e7\u00e3o\/Instagram\nA banda Magn\u00edficos anunciou nessa ter\u00e7a-feira (12) a grava\u00e7\u00e3o de um novo DVD em Campina Grande, em um show gratuito no dia 11 de outubro, anivers\u00e1rio da cidade. O show vai acontecer no Parque do Povo, local que sedia \"O Maior S\u00e3o Jo\u00e3o do Mundo\" h\u00e1 40 anos.\nAcesse o Guia Qual \u00e9 a Boa\nA informa\u00e7\u00e3o foi divulgada por representantes da banda Magn\u00edficos em um evento para imprensa. O grupo surgiu em Monteiro, no Cariri paraibano, na d\u00e9cada de 1990 e acumula sucessos como \u201cCarta Branca\u201c, \u201cMe Usa\u201d e \u201cChamego ou Xaveco\u201d. Atualmente a banda tem como vocalistas Fernando Frajola e Samara Souto.\nDe acordo com a banda, o DVD \u201cA Preferida do Brasil\u201d ser\u00e1 gravado no dia 11 de outubro deste ano, em um show aberto ao p\u00fablico. A previs\u00e3o \u00e9 que o show tenha in\u00edcio no turno da tarde.\n\"A gente est\u00e1 muito feliz de ter escolhido Campina Grande, esse lugar maravilhoso que nos acolhe com todo carinho\u201d, disse Fernando Frajola no an\u00fancio da festa.\nO evento ser\u00e1 aberto ao p\u00fablico, mas a banda pede que as pessoas levem dois quilos de alimento. Os mantimentos arrecadados ser\u00e3o doados para institui\u00e7\u00f5es de ajuda a pessoas em vulnerabilidade social.\n\"A gente est\u00e1 preparando uma estrutura linda, com m\u00fasicas lindas. Vamos contar essa hist\u00f3ria para quem j\u00e1 \u00e9 f\u00e3 e para quem n\u00e3o conhece tamb\u00e9m\u201d, afirmou Samara Souto, vocalista da banda.\nV\u00eddeos mais assistidos do g1 Para\u00edba  ","protected":false},"excerpt":{"rendered":"<p>        DVD &#8220;A Preferida do Brasil&#8221; ser\u00e1 gravado no Parque do Povo. P\u00fablico poder\u00e1 entrar no local mediante doa\u00e7\u00e3o de dois quilos de alimento. Samara Souto e Fernando Frajola, vocalistas da Banda Magn\u00edficos<br \/>\nReprodu\u00e7\u00e3o\/Instagram<br \/>\nA banda Magn\u00edficos anunc&#8230;<\/p>\n","protected":false},"author":2,"featured_media":0,"comment_status":"closed","ping_status":"closed","sticky":false,"template":"","format":"standard","meta":{"advgb_blocks_editor_width":"","advgb_blocks_columns_visual_guide":"","footnotes":""},"categories":[34],"tags":[35],"class_list":["post-34079","post","type-post","status-publish","format-standard","hentry","category-g1","tag-g1"],"author_meta":{"display_name":"g1 &gt; Para\u00edba","author_link":"https:\/\/sindaopcpb.org.br\/author\/g1-paraiba\/"},"featured_img":null,"coauthors":[],"tax_additional":{"categories":{"linked":["<a href=\"https:\/\/sindaopcpb.org.br\/g1\/\" class=\"advgb-post-tax-term\">G1<\/a>"],"unlinked":["<span class=\"advgb-post-tax-term\">G1<\/span>"]},"tags":{"linked":["<a href=\"https:\/\/sindaopcpb.org.br\/g1\/\" class=\"advgb-post-tax-term\">g1<\/a>"],"unlinked":["<span class=\"advgb-post-tax-term\">g1<\/span>"]}},"comment_count":"0","relative_dates":{"created":"Publicado 3 anos atr\u00e1s","modified":"Atualizado 3 anos atr\u00e1s"},"absolute_dates":{"created":"Publicado em 13 de setembro de 2023","modified":"Atualizado em 13 de setembro de 2023"},"absolute_dates_time":{"created":"Publicado em 13 de setembro de 2023 08:18","modified":"Atualizado em 13 de setembro de 2023 08:18"},"featured_img_caption":"","series_order":"","_links":{"self":[{"href":"https:\/\/sindaopcpb.org.br\/index.php\/wp-json\/wp\/v2\/posts\/34079","targetHints":{"allow":["GET"]}}],"collection":[{"href":"https:\/\/sindaopcpb.org.br\/index.php\/wp-json\/wp\/v2\/posts"}],"about":[{"href":"https:\/\/sindaopcpb.org.br\/index.php\/wp-json\/wp\/v2\/types\/post"}],"author":[{"embeddable":true,"href":"https:\/\/sindaopcpb.org.br\/index.php\/wp-json\/wp\/v2\/users\/2"}],"replies":[{"embeddable":true,"href":"https:\/\/sindaopcpb.org.br\/index.php\/wp-json\/wp\/v2\/comments?post=34079"}],"version-history":[{"count":2,"href":"https:\/\/sindaopcpb.org.br\/index.php\/wp-json\/wp\/v2\/posts\/34079\/revisions"}],"predecessor-version":[{"id":34344,"href":"https:\/\/sindaopcpb.org.br\/index.php\/wp-json\/wp\/v2\/posts\/34079\/revisions\/34344"}],"wp:attachment":[{"href":"https:\/\/sindaopcpb.org.br\/index.php\/wp-json\/wp\/v2\/media?parent=34079"}],"wp:term":[{"taxonomy":"category","embeddable":true,"href":"https:\/\/sindaopcpb.org.br\/index.php\/wp-json\/wp\/v2\/categories?post=34079"},{"taxonomy":"post_tag","embeddable":true,"href":"https:\/\/sindaopcpb.org.br\/index.php\/wp-json\/wp\/v2\/tags?post=34079"}],"curies":[{"name":"wp","href":"https:\/\/api.w.org\/{rel}","templated":true}]}}