{"id":34073,"date":"2023-09-13T08:52:54","date_gmt":"2023-09-13T11:52:54","guid":{"rendered":"https:\/\/wpa.wscom.com.br\/?p=922724"},"modified":"2023-09-13T08:52:54","modified_gmt":"2023-09-13T11:52:54","slug":"avo-de-vitima-de-feminicidio-morre-durante-o-velorio-da-neta-em-sao-bento","status":"publish","type":"post","link":"https:\/\/sindaopcpb.org.br\/index.php\/2023\/09\/13\/avo-de-vitima-de-feminicidio-morre-durante-o-velorio-da-neta-em-sao-bento\/","title":{"rendered":"Av\u00f3 de v\u00edtima de feminic\u00eddio morre durante o vel\u00f3rio da neta em S\u00e3o Bento"},"content":{"rendered":"<p>&nbsp;<\/p>\n<p>&nbsp;<\/p>\n<p>Durante o vel\u00f3rio da orientadora Kaliane Medeiros em S\u00e3o Bento, no Sert\u00e3o da Para\u00edba, assassinada por Jucelio Dantas, seu ex-namorado, um triste epis\u00f3dio aconteceu. Dona Iraci, av\u00f3 da neta, veio a \u00f3bito.<\/p>\n<p>Kaliane foi morta a tiros na tarde de segunda-feira (11). O crime ocorreu quando ela sa\u00eda de um supermercado. Jucelio disparou diversas vezes contra a v\u00edtima e fugiu do local. Ele n\u00e3o aceitava o fim do relacionamento.<\/p>\n<p>Jailson Dami\u00e3o, pai do suspeito, identificou o pr\u00f3prio filho como autor dos disparos em seu depoimento \u00e0 Pol\u00edcia Civil. Familiares j\u00e1 temiam pela possibilidade de uma trag\u00e9dia acontecer.<\/p>\n<p>De acordo com o delegado Homero Perazzo, Juc\u00e9lio \u00e9 praticante de tiro esportivo, o que lhe proporcionou f\u00e1cil acesso a armas.<\/p>\n<p>O suspeito est\u00e1 detido na penitenci\u00e1ria de Catol\u00e9 do Rocha, tamb\u00e9m localizada no Sert\u00e3o.<\/p>\n<p>O post <a rel=\"nofollow noopener\" href=\"https:\/\/wscom.com.br\/avo-de-vitima-de-feminicidio-morre-durante-o-velorio-da-neta-em-sao-bento\/\" target=\"_blank\">Av\u00f3 de v\u00edtima de feminic\u00eddio morre durante o vel\u00f3rio da neta em S\u00e3o Bento<\/a> apareceu primeiro em <a rel=\"nofollow noopener\" href=\"https:\/\/wscom.com.br\/\" target=\"_blank\">WSCOM<\/a>.<\/p>\n","protected":false},"excerpt":{"rendered":"<p>\u00a0 \u00a0 Durante o vel\u00f3rio da orientadora Kaliane Medeiros em S\u00e3o Bento, no Sert\u00e3o da Para\u00edba, assassinada por Jucelio Dantas, seu ex-namorado, um triste epis\u00f3dio aconteceu. Dona Iraci, av\u00f3 da neta, veio a \u00f3bito. Kaliane foi morta a tiros na tarde de segunda-feira (11). O crime ocorreu quando ela sa\u00eda de um supermercado. Jucelio disparou [\u2026]<\/p>\n<p>O post <a rel=\"nofollow\" href=\"https:\/\/wscom.com.br\/avo-de-vitima-de-feminicidio-morre-durante-o-velorio-da-neta-em-sao-bento\/\">Av\u00f3 de v\u00edtima de feminic\u00eddio morre durante o vel\u00f3rio da neta em S\u00e3o Bento<\/a> apareceu primeiro em <a rel=\"nofollow\" href=\"https:\/\/wscom.com.br\/\">WSCOM<\/a>.<\/p>\n","protected":false},"author":42,"featured_media":0,"comment_status":"closed","ping_status":"closed","sticky":false,"template":"","format":"standard","meta":{"advgb_blocks_editor_width":"","advgb_blocks_columns_visual_guide":"","footnotes":""},"categories":[6888,1857,34,9050,930,66],"tags":[35],"class_list":["post-34073","post","type-post","status-publish","format-standard","hentry","category-avo","category-feminicidio","category-g1","category-kaliane-medeiros","category-morte","category-policial","tag-g1"],"author_meta":{"display_name":"Rafael Andrade","author_link":"https:\/\/sindaopcpb.org.br\/author\/rafael-andrade\/"},"featured_img":null,"coauthors":[],"tax_additional":{"categories":{"linked":["<a href=\"https:\/\/sindaopcpb.org.br\/avo\/\" class=\"advgb-post-tax-term\">Av\u00f4<\/a>","<a href=\"https:\/\/sindaopcpb.org.br\/feminicidio\/\" class=\"advgb-post-tax-term\">FEMINICIDIO<\/a>","<a href=\"https:\/\/sindaopcpb.org.br\/g1\/\" class=\"advgb-post-tax-term\">G1<\/a>","<a href=\"https:\/\/sindaopcpb.org.br\/kaliane-medeiros\/\" class=\"advgb-post-tax-term\">Kaliane Medeiros<\/a>","<a href=\"https:\/\/sindaopcpb.org.br\/morte\/\" class=\"advgb-post-tax-term\">Morte<\/a>","<a href=\"https:\/\/sindaopcpb.org.br\/policial\/\" class=\"advgb-post-tax-term\">Policial<\/a>"],"unlinked":["<span class=\"advgb-post-tax-term\">Av\u00f4<\/span>","<span class=\"advgb-post-tax-term\">FEMINICIDIO<\/span>","<span class=\"advgb-post-tax-term\">G1<\/span>","<span class=\"advgb-post-tax-term\">Kaliane Medeiros<\/span>","<span class=\"advgb-post-tax-term\">Morte<\/span>","<span class=\"advgb-post-tax-term\">Policial<\/span>"]},"tags":{"linked":["<a href=\"https:\/\/sindaopcpb.org.br\/policial\/\" class=\"advgb-post-tax-term\">g1<\/a>"],"unlinked":["<span class=\"advgb-post-tax-term\">g1<\/span>"]}},"comment_count":"0","relative_dates":{"created":"Publicado 3 anos atr\u00e1s","modified":"Atualizado 3 anos atr\u00e1s"},"absolute_dates":{"created":"Publicado em 13 de setembro de 2023","modified":"Atualizado em 13 de setembro de 2023"},"absolute_dates_time":{"created":"Publicado em 13 de setembro de 2023 08:52","modified":"Atualizado em 13 de setembro de 2023 08:52"},"featured_img_caption":"","series_order":"","_links":{"self":[{"href":"https:\/\/sindaopcpb.org.br\/index.php\/wp-json\/wp\/v2\/posts\/34073","targetHints":{"allow":["GET"]}}],"collection":[{"href":"https:\/\/sindaopcpb.org.br\/index.php\/wp-json\/wp\/v2\/posts"}],"about":[{"href":"https:\/\/sindaopcpb.org.br\/index.php\/wp-json\/wp\/v2\/types\/post"}],"author":[{"embeddable":true,"href":"https:\/\/sindaopcpb.org.br\/index.php\/wp-json\/wp\/v2\/users\/42"}],"replies":[{"embeddable":true,"href":"https:\/\/sindaopcpb.org.br\/index.php\/wp-json\/wp\/v2\/comments?post=34073"}],"version-history":[{"count":1,"href":"https:\/\/sindaopcpb.org.br\/index.php\/wp-json\/wp\/v2\/posts\/34073\/revisions"}],"predecessor-version":[{"id":34074,"href":"https:\/\/sindaopcpb.org.br\/index.php\/wp-json\/wp\/v2\/posts\/34073\/revisions\/34074"}],"wp:attachment":[{"href":"https:\/\/sindaopcpb.org.br\/index.php\/wp-json\/wp\/v2\/media?parent=34073"}],"wp:term":[{"taxonomy":"category","embeddable":true,"href":"https:\/\/sindaopcpb.org.br\/index.php\/wp-json\/wp\/v2\/categories?post=34073"},{"taxonomy":"post_tag","embeddable":true,"href":"https:\/\/sindaopcpb.org.br\/index.php\/wp-json\/wp\/v2\/tags?post=34073"}],"curies":[{"name":"wp","href":"https:\/\/api.w.org\/{rel}","templated":true}]}}