{"id":34053,"date":"2023-09-13T08:13:03","date_gmt":"2023-09-13T11:13:03","guid":{"rendered":"https:\/\/wpa.wscom.com.br\/?p=922721"},"modified":"2023-09-13T08:13:03","modified_gmt":"2023-09-13T11:13:03","slug":"centro-em-cena-comeca-nesta-sexta-feira-com-programacao-no-parque-solon-de-lucena","status":"publish","type":"post","link":"https:\/\/sindaopcpb.org.br\/index.php\/2023\/09\/13\/centro-em-cena-comeca-nesta-sexta-feira-com-programacao-no-parque-solon-de-lucena\/","title":{"rendered":"Centro em Cena come\u00e7a nesta sexta-feira com programa\u00e7\u00e3o no Parque Solon de Lucena"},"content":{"rendered":"<p>&nbsp;<\/p>\n<p>&nbsp;<\/p>\n<p>O Festival Centro em Cena come\u00e7a nesta sexta-feira (15) em grande estilo, a partir das 19h, no Parque Solon de Lucena. A programa\u00e7\u00e3o envolve as participa\u00e7\u00f5es da Companhia Municipal de Dan\u00e7a, Orquestra Sinf\u00f4nica Municipal e do bailarino Carlinhos de Jesus, que v\u00e3o acompanhar a cantora Alcione no palco. Haver\u00e1 tamb\u00e9m uma participa\u00e7\u00e3o da Junina Lageiro Seco, desfilando alegria, cores e valorizando o forr\u00f3. A apresenta\u00e7\u00e3o cerimonial ser\u00e1 de Claudete Gomes, cordelista da Associa\u00e7\u00e3o de Cordelistas do Vale do Para\u00edba (ACVPB).<\/p>\n<p>No s\u00e1bado (16), segundo dia de atividades, os eventos do Festival acontecem no Centro Cultural S\u00e3o Francisco. A partir das 16h, a mostra liter\u00e1ria Molduras Po\u00e9ticas contar\u00e1 com a participa\u00e7\u00e3o da renomada atriz paraibana Zezita Mattos e de Carlito Campos. Tamb\u00e9m est\u00e3o programadas feiras de cordel e livros.<\/p>\n<p>No mesmo espa\u00e7o, \u00e0s 19h, a Companhia Bigorna de Teatro far\u00e1 uma homenagem aos 80 anos do escritor Fernando Teixeira. \u201cEu fico muito agradecido pelo reconhecimento do meu trabalho que foi uma luta muito grande. Se hoje fazer arte \u00e9 dif\u00edcil com todas as leis de aux\u00edlio, imagine anos atr\u00e1s. Eu era chamado \u2018o cigano\u2019, chegava nas lojas e j\u00e1 era conhecido porque ia pedir panos e coisas assim. Foi uma luta enorme para chegar at\u00e9 aqui e ser homenageado \u00e9 interessante. Esse reconhecimento \u00e9 importante para quem desenvolve o trabalho. S\u00f3 tenho a agradecer\u201d, comenta Fernando Teixeira, que tamb\u00e9m \u00e9 diretor, ator e dramaturgo.<\/p>\n<p>Teixeira exalta ainda o retorno do Centro em Cena. \u201c\u00c9 sempre bom acontecer. N\u00f3s temos t\u00e3o poucas coisas de cultura. O Centro em Cena foi muito importante aqui em Jo\u00e3o Pessoa durante algum tempo. Reiniciar hoje \u00e9 muito importante para o movimento\u201d, completa.<\/p>\n<p><strong>Centro em Cena \u2013\u00a0<\/strong>O Festival, realizado pela Funda\u00e7\u00e3o Cultural da Prefeitura de Jo\u00e3o Pessoa (Funjope), vai movimentar a cena cultural da cidade a partir desta sexta (15). Culturas populares, artistas locais, como Cabru\u00eara, circo e dan\u00e7a est\u00e3o na programa\u00e7\u00e3o que segue at\u00e9 a quarta-feira (20). A programa\u00e7\u00e3o completa pode ser acessada\u00a0<a href=\"https:\/\/www.joaopessoa.pb.gov.br\/destaque\/centro-em-cena\" rel=\"nofollow noopener\" target=\"_blank\">no link<\/a>.<\/p>\n<p>O post <a rel=\"nofollow noopener\" href=\"https:\/\/wscom.com.br\/centro-em-cena-comeca-nesta-sexta-feira-com-programacao-no-parque-solon-de-lucena\/\" target=\"_blank\">Centro em Cena come\u00e7a nesta sexta-feira com programa\u00e7\u00e3o no Parque Solon de Lucena<\/a> apareceu primeiro em <a rel=\"nofollow noopener\" href=\"https:\/\/wscom.com.br\/\" target=\"_blank\">WSCOM<\/a>.<\/p>\n","protected":false},"excerpt":{"rendered":"<p>\u00a0 \u00a0 O Festival Centro em Cena come\u00e7a nesta sexta-feira (15) em grande estilo, a partir das 19h, no Parque Solon de Lucena. A programa\u00e7\u00e3o envolve as participa\u00e7\u00f5es da Companhia Municipal de Dan\u00e7a, Orquestra Sinf\u00f4nica Municipal e do bailarino Carlinhos de Jesus, que v\u00e3o acompanhar a cantora Alcione no palco. Haver\u00e1 tamb\u00e9m uma participa\u00e7\u00e3o da [\u2026]<\/p>\n<p>O post <a rel=\"nofollow\" href=\"https:\/\/wscom.com.br\/centro-em-cena-comeca-nesta-sexta-feira-com-programacao-no-parque-solon-de-lucena\/\">Centro em Cena come\u00e7a nesta sexta-feira com programa\u00e7\u00e3o no Parque Solon de Lucena<\/a> apareceu primeiro em <a rel=\"nofollow\" href=\"https:\/\/wscom.com.br\/\">WSCOM<\/a>.<\/p>\n","protected":false},"author":42,"featured_media":0,"comment_status":"closed","ping_status":"closed","sticky":false,"template":"","format":"standard","meta":{"advgb_blocks_editor_width":"","advgb_blocks_columns_visual_guide":"","footnotes":""},"categories":[7569,8320,8428,6400,170,2956,34,71,1916,2228,2038],"tags":[35],"class_list":["post-34053","post","type-post","status-publish","format-standard","hentry","category-alcione","category-carlinhos-de-jesus","category-centro-em-cena","category-companhia-municipal-de-danca","category-cultura","category-festival","category-g1","category-joao-pessoa","category-lazer","category-orquestra-sinfonica-municipal","category-programacao","tag-g1"],"author_meta":{"display_name":"Rafael Andrade","author_link":"https:\/\/sindaopcpb.org.br\/author\/rafael-andrade\/"},"featured_img":null,"coauthors":[],"tax_additional":{"categories":{"linked":["<a href=\"https:\/\/sindaopcpb.org.br\/alcione\/\" class=\"advgb-post-tax-term\">alcione<\/a>","<a href=\"https:\/\/sindaopcpb.org.br\/carlinhos-de-jesus\/\" class=\"advgb-post-tax-term\">Carlinhos de Jesus<\/a>","<a href=\"https:\/\/sindaopcpb.org.br\/centro-em-cena\/\" class=\"advgb-post-tax-term\">Centro em Cena<\/a>","<a href=\"https:\/\/sindaopcpb.org.br\/companhia-municipal-de-danca\/\" class=\"advgb-post-tax-term\">Companhia Municipal de Dan\u00e7a<\/a>","<a href=\"https:\/\/sindaopcpb.org.br\/cultura\/\" class=\"advgb-post-tax-term\">Cultura<\/a>","<a href=\"https:\/\/sindaopcpb.org.br\/festival\/\" class=\"advgb-post-tax-term\">festival<\/a>","<a href=\"https:\/\/sindaopcpb.org.br\/g1\/\" class=\"advgb-post-tax-term\">G1<\/a>","<a href=\"https:\/\/sindaopcpb.org.br\/joao-pessoa\/\" class=\"advgb-post-tax-term\">Jo\u00e3o Pessoa<\/a>","<a href=\"https:\/\/sindaopcpb.org.br\/lazer\/\" class=\"advgb-post-tax-term\">LAZER<\/a>","<a href=\"https:\/\/sindaopcpb.org.br\/orquestra-sinfonica-municipal\/\" class=\"advgb-post-tax-term\">Orquestra Sinf\u00f4nica Municipal<\/a>","<a href=\"https:\/\/sindaopcpb.org.br\/programacao\/\" class=\"advgb-post-tax-term\">programa\u00e7\u00e3o<\/a>"],"unlinked":["<span class=\"advgb-post-tax-term\">alcione<\/span>","<span class=\"advgb-post-tax-term\">Carlinhos de Jesus<\/span>","<span class=\"advgb-post-tax-term\">Centro em Cena<\/span>","<span class=\"advgb-post-tax-term\">Companhia Municipal de Dan\u00e7a<\/span>","<span class=\"advgb-post-tax-term\">Cultura<\/span>","<span class=\"advgb-post-tax-term\">festival<\/span>","<span class=\"advgb-post-tax-term\">G1<\/span>","<span class=\"advgb-post-tax-term\">Jo\u00e3o Pessoa<\/span>","<span class=\"advgb-post-tax-term\">LAZER<\/span>","<span class=\"advgb-post-tax-term\">Orquestra Sinf\u00f4nica Municipal<\/span>","<span class=\"advgb-post-tax-term\">programa\u00e7\u00e3o<\/span>"]},"tags":{"linked":["<a href=\"https:\/\/sindaopcpb.org.br\/programacao\/\" class=\"advgb-post-tax-term\">g1<\/a>"],"unlinked":["<span class=\"advgb-post-tax-term\">g1<\/span>"]}},"comment_count":"0","relative_dates":{"created":"Publicado 3 anos atr\u00e1s","modified":"Atualizado 3 anos atr\u00e1s"},"absolute_dates":{"created":"Publicado em 13 de setembro de 2023","modified":"Atualizado em 13 de setembro de 2023"},"absolute_dates_time":{"created":"Publicado em 13 de setembro de 2023 08:13","modified":"Atualizado em 13 de setembro de 2023 08:13"},"featured_img_caption":"","series_order":"","_links":{"self":[{"href":"https:\/\/sindaopcpb.org.br\/index.php\/wp-json\/wp\/v2\/posts\/34053","targetHints":{"allow":["GET"]}}],"collection":[{"href":"https:\/\/sindaopcpb.org.br\/index.php\/wp-json\/wp\/v2\/posts"}],"about":[{"href":"https:\/\/sindaopcpb.org.br\/index.php\/wp-json\/wp\/v2\/types\/post"}],"author":[{"embeddable":true,"href":"https:\/\/sindaopcpb.org.br\/index.php\/wp-json\/wp\/v2\/users\/42"}],"replies":[{"embeddable":true,"href":"https:\/\/sindaopcpb.org.br\/index.php\/wp-json\/wp\/v2\/comments?post=34053"}],"version-history":[{"count":1,"href":"https:\/\/sindaopcpb.org.br\/index.php\/wp-json\/wp\/v2\/posts\/34053\/revisions"}],"predecessor-version":[{"id":34054,"href":"https:\/\/sindaopcpb.org.br\/index.php\/wp-json\/wp\/v2\/posts\/34053\/revisions\/34054"}],"wp:attachment":[{"href":"https:\/\/sindaopcpb.org.br\/index.php\/wp-json\/wp\/v2\/media?parent=34053"}],"wp:term":[{"taxonomy":"category","embeddable":true,"href":"https:\/\/sindaopcpb.org.br\/index.php\/wp-json\/wp\/v2\/categories?post=34053"},{"taxonomy":"post_tag","embeddable":true,"href":"https:\/\/sindaopcpb.org.br\/index.php\/wp-json\/wp\/v2\/tags?post=34053"}],"curies":[{"name":"wp","href":"https:\/\/api.w.org\/{rel}","templated":true}]}}