{"id":34049,"date":"2023-09-12T18:55:17","date_gmt":"2023-09-12T21:55:17","guid":{"rendered":"https:\/\/www.infomoney.com.br\/?p=2240066"},"modified":"2023-09-12T18:55:17","modified_gmt":"2023-09-12T21:55:17","slug":"limitar-reajustes-e-proibir-rescisao-qual-e-o-parecer-do-relator-da-reforma-dos-planos-de-saude","status":"publish","type":"post","link":"https:\/\/sindaopcpb.org.br\/index.php\/2023\/09\/12\/limitar-reajustes-e-proibir-rescisao-qual-e-o-parecer-do-relator-da-reforma-dos-planos-de-saude\/","title":{"rendered":"Limitar reajustes e proibir rescis\u00e3o: qual \u00e9 o parecer do relator da \u2018Reforma dos Planos de Sa\u00fade\u2019?"},"content":{"rendered":"<p><img loading=\"lazy\" width=\"300\" height=\"179\" src=\"https:\/\/www.infomoney.com.br\/wp-content\/uploads\/2022\/03\/plano_de_saude.jpg?fit=300%2C179&amp;quality=70&amp;strip=all\" class=\"attachment-medium size-medium wp-post-image\" alt=\"Aumento dos planos de sa\u00fade coletivos foi maior do que nos individuais\" decoding=\"async\" style=\"float:right; margin:0 0 10px 10px;\" srcset=\"https:\/\/www.infomoney.com.br\/wp-content\/uploads\/2022\/03\/plano_de_saude.jpg?w=1170&amp;quality=70&amp;strip=all 1170w, https:\/\/www.infomoney.com.br\/wp-content\/uploads\/2022\/03\/plano_de_saude.jpg?w=300&amp;quality=70&amp;strip=all 300w, https:\/\/www.infomoney.com.br\/wp-content\/uploads\/2022\/03\/plano_de_saude.jpg?w=768&amp;quality=70&amp;strip=all 768w, https:\/\/www.infomoney.com.br\/wp-content\/uploads\/2022\/03\/plano_de_saude.jpg?w=150&amp;quality=70&amp;strip=all 150w\" sizes=\"auto, (max-width: 300px) 100vw, 300px\" data-attachment-id=\"1823282\" data-permalink=\"https:\/\/www.infomoney.com.br\/minhas-financas\/12-planos-de-saude-tem-comercializacao-suspensa-a-partir-desta-terca-veja-quais\/attachment\/plano_de_saude\/\" data-orig-file=\"https:\/\/www.infomoney.com.br\/wp-content\/uploads\/2022\/03\/plano_de_saude.jpg?fit=1170%2C700&amp;quality=70&amp;strip=all\" data-orig-size=\"1170,700\" data-comments-opened=\"1\" data-image-meta=\"{&quot;aperture&quot;:&quot;0&quot;,&quot;credit&quot;:&quot;&quot;,&quot;camera&quot;:&quot;&quot;,&quot;caption&quot;:&quot;&quot;,&quot;created_timestamp&quot;:&quot;0&quot;,&quot;copyright&quot;:&quot;&quot;,&quot;focal_length&quot;:&quot;0&quot;,&quot;iso&quot;:&quot;0&quot;,&quot;shutter_speed&quot;:&quot;0&quot;,&quot;title&quot;:&quot;&quot;,&quot;orientation&quot;:&quot;0&quot;}\" data-image-title=\"ANS\" data-image-description=\"\" data-image-caption=\"&lt;p&gt;Aumento dos planos de sa\u00fade coletivos foi maior do que nos individuais&lt;\/p&gt;\n\" data-medium-file=\"https:\/\/www.infomoney.com.br\/wp-content\/uploads\/2022\/03\/plano_de_saude.jpg?fit=300%2C179&amp;quality=70&amp;strip=all\" data-large-file=\"https:\/\/www.infomoney.com.br\/wp-content\/uploads\/2022\/03\/plano_de_saude.jpg?fit=1170%2C700&amp;quality=70&amp;strip=all\" title=\"\"><\/p>\n<p>O deputado Duarte J&uacute;nior (PSB-MA) apresentou, nesta ter&ccedil;a-feira (12), parecer ao <a href=\"https:\/\/www.camara.leg.br\/proposicoesWeb\/fichadetramitacao?idProposicao=332450\" rel=\"noopener nofollow\" target=\"_blank\">Projeto de Lei 7419\/2006<\/a>, que prop&otilde;e altera&ccedil;&otilde;es na Lei dos Planos de Sa&uacute;de. O texto re&uacute;ne 276 projetos de lei sobre o tema e ficou conhecido como reforma dos planos de sa&uacute;de.<\/p>\n<p>Entre as mudan&ccedil;as propostas, o deputado pretende:<\/p>\n<ul>\n<li>Limitar reajustes de conv&ecirc;nios coletivos e empresariais<\/li>\n<li>Proibir rescis&atilde;o unilateral dos contratos<\/li>\n<li>Punir administrativamente empresas que se recusarem, &ldquo;de forma injustificada&rdquo;, pagar tratamentos m&eacute;dicos<\/li>\n<li>Aplicar o C&oacute;digo de Defesa do Consumidor para que os Procons fiscalizem os planos<\/li>\n<li>Adotar prontu&aacute;rio &uacute;nico, forma de estabelecer comunica&ccedil;&atilde;o entre SUS e hospitais privados, para evitar que pacientes fa&ccedil;am duas vezes o mesmo exame, por exemplo.<\/li>\n<\/ul>\n<p>O ponto que tem causado mais debate &eacute; o da limita&ccedil;&atilde;o de reajustes para os planos empresariais e coletivos. Hoje, os contratos coletivos e empresariais de planos de sa&uacute;de n&atilde;o seguem o mesmo &iacute;ndice de reajuste da ANS (Ag&ecirc;ncia Nacional de Sa&uacute;de Suplementar) previsto para os planos individuais e familiares.<\/p>\n<p>Pesquisa realizada pelo Idec (Instituto Brasileiro de Defesa do Consumidor) mostra que, nos &uacute;ltimos cinco anos, os reajustes dos planos de sa&uacute;de coletivos chegaram a ser quase duas vezes maiores que os dos individuais.<\/p>\n<p>As mensalidades dos planos individuais cresceram 35,41% no per&iacute;odo, enquanto as de planos coletivos apresentaram valores bem superiores: os coletivos empresariais, com 30 vidas ou mais, aumentaram 58,94%; os coletivos por ades&atilde;o, com 30 vidas ou mais, 67,68%; os coletivos por ades&atilde;o, com at&eacute; 29 vidas, 74,33%; e os coletivos empresariais, com at&eacute; 29 vidas, aumentaram 82,36%.<\/p>\n<p>Para o advogado Rafael Robba, s&oacute;cio do escrit&oacute;rio Vilhena Silva Advogados, a mudan&ccedil;a gera equil&iacute;brio &agrave; rela&ccedil;&atilde;o entre consumidores e planos de sa&uacute;de ao determinar a necessidade de conceder &agrave; ANS a autoridade para impor limites ao reajuste de planos coletivos.<\/p>\n<div class=\"cta-middle\">\n<div class=\"im-cta bg-light bg-opacity-25 border rounded-4 p-3 p-sm-4 p-md-3 p-lg-4 px-xxl-5 my-5\" >\n<div class=\"d-flex flex-column align-items-center align-items-lg-start mb-4 flex-lg-row\">\n<div class=\"rounded-circle mb-2 mb-lg-0 mr-lg-4 me-lg-4 p-3 p-lg-4 bg-indigo-400\"><svg width=\"40\" height=\"40\" viewBox=\"0 0 40 40\" fill=\"none\" xmlns=\"http:\/\/www.w3.org\/2000\/svg\"><path d=\"m18.125 29.917-5.25-5.209 1.333-1.291 3.917 3.833 7.5-7.542 1.333 1.375-8.833 8.834ZM8.25 35.833a2.328 2.328 0 0 1-1.708-.708 2.328 2.328 0 0 1-.709-1.708V9.292c0-.64.236-1.202.709-1.688a2.295 2.295 0 0 1 1.708-.73h3.083V3.959h2.084v2.917h13.25V3.958h2.041v2.917h3.042c.667 0 1.236.243 1.708.73.473.485.709 1.048.709 1.687v24.125c0 .666-.236 1.236-.709 1.708a2.328 2.328 0 0 1-1.708.708H8.25Zm0-1.875h23.5a.518.518 0 0 0 .375-.166.518.518 0 0 0 .167-.375V16.875H7.708v16.542c0 .139.056.264.167.375a.518.518 0 0 0 .375.166ZM7.708 15h24.584V9.292a.454.454 0 0 0-.167-.355.555.555 0 0 0-.375-.145H8.25a.555.555 0 0 0-.375.145.454.454 0 0 0-.167.355V15Z\" fill=\"#fff\"\/><\/svg><\/div>\n<div class=\"flex-fill text-center text-lg-left\">\n<div class=\"h6 small text-orange-700 lh-base mb-1\">Oferta Exclusiva<\/div>\n<div class=\"text-body h4 m-0\">CDB 230% do CDI<\/div>\n<div class=\"text-body small lh-base mt-2\">Invista no CDB 230% do CDI da XP e ganhe um presente exclusivo do InfoMoney<\/div>\n<\/div>\n<\/div>\n<div class=\"im-shortcode-forms-v2\" data-component-type=\"multiformBootstrapV2\" data-configuracao='{\"id\":\"2221065\",\"optimize_id\":\"\",\"nome\":false,\"titulo\":\"CDB 230% do CDI\",\"icone\":\"event\",\"chapeu\":\"Oferta Exclusiva\",\"email\":true,\"telefone\":false,\"cpf\":false,\"campanha\":\"CDB-230\",\"LancamentoID\":\"172\",\"thankYouUrl\":\"\",\"idJorney\":\"APIEvent-9122cb4b-0907-50c9-d296-f37e2b39d7fc\",\"idDE\":\"\",\"botaoLabel\":\"APROVEITAR AGORA\",\"contextSegment\":\"Newsletter\",\"urlOrigem\":\"https:\\\/\\\/www.infomoney.com.br\\\/minhas-financas\\\/limitar-reajustes-e-proibir-rescisao-qual-e-o-parecer-do-relator-da-reforma-dos-planos-de-saude\\\/?utm_medium=materia&#038;utm_source=infomoney&#038;utm_campaign=CDB-230&#038;utm_term=minhas-financas&#038;utm_content=cdb\",\"openBlank\":true,\"gaPosition\":\"meio\",\"gaCategory\":\"cta_form\",\"useCaptacaoLead\":true,\"dataUTM\":{\"utmMedium\":\"materia\",\"utmSource\":\"infomoney\",\"utmCampaign\":\"CDB-230\",\"utmTerm\":\"minhas-financas\",\"utmContent\":\"cdb\"}}'><\/div>\n<\/p><\/div>\n<\/div>\n<p>O texto prev&ecirc; ainda possibilidade de puni&ccedil;&otilde;es administrativas para empresas que se recusem, de forma injustificada, a cobrir tratamentos m&eacute;dicos. &ldquo;Ao impor penalidades &agrave;s operadoras que adotem essa pr&aacute;tica, a legisla&ccedil;&atilde;o buscar&aacute; garantir que os consumidores tenham acesso a tratamentos necess&aacute;rios sem obst&aacute;culos, algo que vemos acontecer diariamente e que tem levado muitos a buscarem apoio na Justi&ccedil;a&rdquo;, diz Robba.<\/p>\n<p>A proibi&ccedil;&atilde;o da rescis&atilde;o de contratos pelas prestadoras do servi&ccedil;o representa outra prote&ccedil;&atilde;o que est&aacute; entre as necessidades dos consumidores. Robba destaca que essa medida evitar&aacute; que os benefici&aacute;rios fiquem desamparados em situa&ccedil;&otilde;es cr&iacute;ticas. Entre os casos, ele refor&ccedil;a quest&otilde;es como um diagn&oacute;stico de doen&ccedil;a grave.<\/p>\n<p>&ldquo;A seguran&ccedil;a de manter o contrato em vigor, desde que esteja em dia com os pagamentos, &eacute; uma garantia importante para os segurados. Temos muitas a&ccedil;&otilde;es que discutem a perman&ecirc;ncia de pacientes em conv&ecirc;nios m&eacute;dicos que foram cancelados de maneira imotivada, quando o consumidor est&aacute; no meio de um tratamento de sa&uacute;de. Al&eacute;m de uma conduta abusiva, &eacute; desumana&rdquo;, afirma.<\/p>\n<p>&ldquo;Acreditamos no di&aacute;logo para chegar em um senso comum que seja bom para todos, mas especialmente para os benefici&aacute;rios da sa&uacute;de suplementar. Vemos com ressalvas alguns pontos presentes no relat&oacute;rio, que desconsideram quest&otilde;es espec&iacute;ficas do setor e podem comprometer sua sustentabilidade &ndash; fazendo com o que o plano de sa&uacute;de tenha um acesso ainda mais limitado&rdquo;, diz Anderson Mendes, presidente da Unidas (Uni&atilde;o Nacional das Institui&ccedil;&otilde;es de Autogest&atilde;o em Sa&uacute;de).<\/p>\n<p>&ldquo;Entendemos que essa &eacute; uma primeira vers&atilde;o e de que o bom senso ir&aacute; prevalecer nas discuss&otilde;es que ser&atilde;o realizadas pelos parlamentares. Chegaremos em uma minuta que proteja o benefici&aacute;rio e permita a democratiza&ccedil;&atilde;o do acesso &agrave; sa&uacute;de privada no Brasil&rdquo;, finaliza Mendes.<\/p>\n<p>A Abramge (Associa&ccedil;&atilde;o Brasileira de Planos de Sa&uacute;de) informou, por meio da sua assessoria de imprensa, que &ldquo;as entidades representativas da sa&uacute;de suplementar veem com preocupa&ccedil;&atilde;o algumas medidas presentes no relat&oacute;rio que desconsideram peculiaridades do setor e comprometem alguns dos pilares fundamentais de seu funcionamento. No entanto, acreditamos na capacidade de di&aacute;logo com o relator e com todos os demais parlamentares a fim de evitar decis&otilde;es que poderiam prejudicar o funcionamento da sa&uacute;de privada no pa&iacute;s tal como a conhecemos hoje&rdquo;.<\/p>\n<h2>Veja tamb&eacute;m:<\/h2>\n<p><iframe loading=\"lazy\" class=\"youtube-player\" width=\"640\" height=\"360\" src=\"https:\/\/www.youtube.com\/embed\/HGClIF0Gdfk?version=3&amp;rel=1&amp;showsearch=0&amp;showinfo=1&amp;iv_load_policy=1&amp;fs=1&amp;hl=pt-BR&amp;autohide=2&amp;start=1105&amp;wmode=transparent\" allowfullscreen=\"true\" style=\"border:0;\" sandbox=\"allow-scripts allow-same-origin allow-popups allow-presentation\"><\/iframe><\/p>\n<\/p>\n<div class=\"cta-end\">\n<div class=\"im-cta\" data-optimize-id=\"teste-a\">\n<div class=\"im-shortcode-forms bg-light bg-opacity-25 border rounded-4 p-3 p-sm-4 p-md-3 p-lg-4 px-xxl-5 my-5\" data-configuration='{\"form_name\":false,\"form_hat\":\"\",\"form_email\":true,\"form_icon\":\"newsletter\",\"form_phone\":false,\"form_campaign\":\"NSEGUROS\",\"form_thankyou\":\"\",\"form_journey\":\"APIEvent-c32d3b6d-9361-9944-b2d3-dc233beec8f6\",\"form_button\":\"Enviar\",\"form_context\":\"curso-livre\",\"form_origin\":\"https:\\\/\\\/www.infomoney.com.br\\\/politica\\\/feed\\\/?utm_medium=materia&#038;utm_source=infomoney&#038;utm_campaign=NSEGUROS&#038;utm_term=&#038;utm_content=\",\"form_position\":\"final\",\"form_category\":\"cta_form\"}'>\n<div class=\"d-flex flex-column align-items-center align-items-lg-start mb-4 flex-lg-row\">\n<div class=\"rounded-circle mb-2 mb-lg-0 mr-lg-4 me-lg-4 p-3 p-lg-4 bg-blue-400\"><svg width=\"40\" height=\"40\" viewBox=\"0 0 40 40\" fill=\"none\" xmlns=\"http:\/\/www.w3.org\/2000\/svg\"><path d=\"M20 20.25 6.042 11.042v19.041c0 .167.048.299.146.396a.535.535 0 0 0 .395.146h15.792V32.5H6.583a2.328 2.328 0 0 1-1.708-.708 2.328 2.328 0 0 1-.708-1.709V9.917c0-.667.236-1.236.708-1.709A2.328 2.328 0 0 1 6.583 7.5h26.834c.666 0 1.236.236 1.708.708a2.33 2.33 0 0 1 .708 1.709v12.458h-1.875V11.042L20 20.25Zm0-2 13.667-8.875H6.333L20 18.25Zm11.75 18.958-1.292-1.333 3.334-3.375h-9v-1.875h9l-3.375-3.417 1.333-1.291 5.667 5.625-5.667 5.666ZM6.042 11.042v20.791-9.458.25-13.25 1.667Z\" fill=\"#fff\"\/><\/svg><\/div>\n<div class=\"flex-fill text-center text-lg-left\">\n<div class=\"text-body h4 m-0\">Newsletter de Seguros<\/div>\n<div class=\"text-body small lh-base mt-2\">Cadastre-se na &ldquo;Segura Essa&rdquo; e receba semanalmente as principais not&iacute;cias que voc&ecirc; n&atilde;o pode deixar de saber sobre o universo dos seguros de um jeito r&aacute;pido e f&aacute;cil.<\/div>\n<\/div>\n<\/div>\n<\/div>\n<\/div>\n<\/div>\n<p>The post <a rel=\"nofollow noopener\" href=\"https:\/\/www.infomoney.com.br\/minhas-financas\/limitar-reajustes-e-proibir-rescisao-qual-e-o-parecer-do-relator-da-reforma-dos-planos-de-saude\/\" target=\"_blank\">Limitar reajustes e proibir rescis\u00e3o: qual \u00e9 o parecer do relator da &#8216;Reforma dos Planos de Sa\u00fade&#8217;?<\/a> appeared first on <a rel=\"nofollow noopener\" href=\"https:\/\/www.infomoney.com.br\/\" target=\"_blank\">InfoMoney<\/a>.<\/p>\n","protected":false},"excerpt":{"rendered":"<p><img loading=\"lazy\" decoding=\"async\" width=\"300\" height=\"179\" src=\"https:\/\/www.infomoney.com.br\/wp-content\/uploads\/2022\/03\/plano_de_saude.jpg?fit=300%2C179&amp;quality=70&amp;strip=all\" class=\"attachment-medium size-medium wp-post-image\" alt=\"Aumento dos planos de sa\u00fade coletivos foi maior do que nos individuais\" data-attachment-id=\"1823282\" data-permalink=\"https:\/\/www.infomoney.com.br\/minhas-financas\/12-planos-de-saude-tem-comercializacao-suspensa-a-partir-desta-terca-veja-quais\/attachment\/plano_de_saude\/\" data-orig-file=\"https:\/\/www.infomoney.com.br\/wp-content\/uploads\/2022\/03\/plano_de_saude.jpg?fit=1170%2C700&amp;quality=70&amp;strip=all\" data-orig-size=\"1170,700\" data-comments-opened=\"1\" data-image-meta='{\"aperture\":\"0\",\"credit\":\"\",\"camera\":\"\",\"caption\":\"\",\"created_timestamp\":\"0\",\"copyright\":\"\",\"focal_length\":\"0\",\"iso\":\"0\",\"shutter_speed\":\"0\",\"title\":\"\",\"orientation\":\"0\"}' data-image-title=\"ANS\" data-image-description=\"\" data-image-caption=\"&lt;p&gt;Aumento dos planos de sa\u00fade coletivos foi maior do que nos individuais&lt;\/p&gt;\n\" data-medium-file=\"https:\/\/www.infomoney.com.br\/wp-content\/uploads\/2022\/03\/plano_de_saude.jpg?fit=300%2C179&amp;quality=70&amp;strip=all\" data-large-file=\"https:\/\/www.infomoney.com.br\/wp-content\/uploads\/2022\/03\/plano_de_saude.jpg?fit=1170%2C700&amp;quality=70&amp;strip=all\">Texto re\u00fane 276 projetos de lei sobre o tema<\/p>\n<p>The post <a rel=\"nofollow\" href=\"https:\/\/www.infomoney.com.br\/minhas-financas\/limitar-reajustes-e-proibir-rescisao-qual-e-o-parecer-do-relator-da-reforma-dos-planos-de-saude\/\">Limitar reajustes e proibir rescis\u00e3o: qual \u00e9 o parecer do relator da \u2018Reforma dos Planos de Sa\u00fade\u2019?<\/a> appeared first on <a rel=\"nofollow\" href=\"https:\/\/www.infomoney.com.br\/\">InfoMoney<\/a>.<\/p>\n","protected":false},"author":152,"featured_media":0,"comment_status":"closed","ping_status":"closed","sticky":false,"template":"","format":"standard","meta":{"advgb_blocks_editor_width":"","advgb_blocks_columns_visual_guide":"","footnotes":""},"categories":[276,34,444,2206,47,3807],"tags":[35,50],"class_list":["post-34049","post","type-post","status-publish","format-standard","hentry","category-camara-dos-deputados","category-g1","category-minhas-financas","category-plano-de-saude","category-politica","category-seguros","tag-g1","tag-projeto-de-lei"],"author_meta":{"display_name":"gilmarasantos","author_link":"https:\/\/sindaopcpb.org.br\/author\/gilmarasantos\/"},"featured_img":null,"coauthors":[],"tax_additional":{"categories":{"linked":["<a href=\"https:\/\/sindaopcpb.org.br\/camara-dos-deputados\/\" class=\"advgb-post-tax-term\">C\u00e2mara dos Deputados<\/a>","<a href=\"https:\/\/sindaopcpb.org.br\/g1\/\" class=\"advgb-post-tax-term\">G1<\/a>","<a href=\"https:\/\/sindaopcpb.org.br\/minhas-financas\/\" class=\"advgb-post-tax-term\">Minhas Finan\u00e7as<\/a>","<a href=\"https:\/\/sindaopcpb.org.br\/plano-de-saude\/\" class=\"advgb-post-tax-term\">plano de saude<\/a>","<a href=\"https:\/\/sindaopcpb.org.br\/politica\/\" class=\"advgb-post-tax-term\">POLITICA<\/a>","<a href=\"https:\/\/sindaopcpb.org.br\/seguros\/\" class=\"advgb-post-tax-term\">Seguros<\/a>"],"unlinked":["<span class=\"advgb-post-tax-term\">C\u00e2mara dos Deputados<\/span>","<span class=\"advgb-post-tax-term\">G1<\/span>","<span class=\"advgb-post-tax-term\">Minhas Finan\u00e7as<\/span>","<span class=\"advgb-post-tax-term\">plano de saude<\/span>","<span class=\"advgb-post-tax-term\">POLITICA<\/span>","<span class=\"advgb-post-tax-term\">Seguros<\/span>"]},"tags":{"linked":["<a href=\"https:\/\/sindaopcpb.org.br\/seguros\/\" class=\"advgb-post-tax-term\">g1<\/a>","<a href=\"https:\/\/sindaopcpb.org.br\/seguros\/\" class=\"advgb-post-tax-term\">projeto de lei<\/a>"],"unlinked":["<span class=\"advgb-post-tax-term\">g1<\/span>","<span class=\"advgb-post-tax-term\">projeto de lei<\/span>"]}},"comment_count":"0","relative_dates":{"created":"Publicado 3 anos atr\u00e1s","modified":"Atualizado 3 anos atr\u00e1s"},"absolute_dates":{"created":"Publicado em 12 de setembro de 2023","modified":"Atualizado em 12 de setembro de 2023"},"absolute_dates_time":{"created":"Publicado em 12 de setembro de 2023 18:55","modified":"Atualizado em 12 de setembro de 2023 18:55"},"featured_img_caption":"","series_order":"","_links":{"self":[{"href":"https:\/\/sindaopcpb.org.br\/index.php\/wp-json\/wp\/v2\/posts\/34049","targetHints":{"allow":["GET"]}}],"collection":[{"href":"https:\/\/sindaopcpb.org.br\/index.php\/wp-json\/wp\/v2\/posts"}],"about":[{"href":"https:\/\/sindaopcpb.org.br\/index.php\/wp-json\/wp\/v2\/types\/post"}],"author":[{"embeddable":true,"href":"https:\/\/sindaopcpb.org.br\/index.php\/wp-json\/wp\/v2\/users\/152"}],"replies":[{"embeddable":true,"href":"https:\/\/sindaopcpb.org.br\/index.php\/wp-json\/wp\/v2\/comments?post=34049"}],"version-history":[{"count":2,"href":"https:\/\/sindaopcpb.org.br\/index.php\/wp-json\/wp\/v2\/posts\/34049\/revisions"}],"predecessor-version":[{"id":34083,"href":"https:\/\/sindaopcpb.org.br\/index.php\/wp-json\/wp\/v2\/posts\/34049\/revisions\/34083"}],"wp:attachment":[{"href":"https:\/\/sindaopcpb.org.br\/index.php\/wp-json\/wp\/v2\/media?parent=34049"}],"wp:term":[{"taxonomy":"category","embeddable":true,"href":"https:\/\/sindaopcpb.org.br\/index.php\/wp-json\/wp\/v2\/categories?post=34049"},{"taxonomy":"post_tag","embeddable":true,"href":"https:\/\/sindaopcpb.org.br\/index.php\/wp-json\/wp\/v2\/tags?post=34049"}],"curies":[{"name":"wp","href":"https:\/\/api.w.org\/{rel}","templated":true}]}}