{"id":34022,"date":"2023-09-12T18:08:08","date_gmt":"2023-09-12T21:08:08","guid":{"rendered":"https:\/\/wpa.wscom.com.br\/?p=922663"},"modified":"2023-09-12T18:08:08","modified_gmt":"2023-09-12T21:08:08","slug":"jovem-de-zona-rural-no-interior-da-paraiba-participa-de-evento-global-sobre-internet-da-onu-no-japao","status":"publish","type":"post","link":"https:\/\/sindaopcpb.org.br\/index.php\/2023\/09\/12\/jovem-de-zona-rural-no-interior-da-paraiba-participa-de-evento-global-sobre-internet-da-onu-no-japao\/","title":{"rendered":"Jovem de zona rural no interior da Para\u00edba participa de evento global sobre internet da ONU no Jap\u00e3o"},"content":{"rendered":"<p>Nos dias 8 e 12 de outubro de 2023, o jovem rural e paraibano Lucas Samuel, 24, participar\u00e1 presencialmente do F\u00f3rum Global de Governan\u00e7a da Internet (IGF) que ser\u00e1 realizado no Jap\u00e3o, Kyoto sob os ausp\u00edcios da Organiza\u00e7\u00e3o das Na\u00e7\u00f5es Unidas (ONU).<\/p>\n<p>O evento global \u00e9 da alta c\u00fapula da ONU, onde reunir\u00e1 delega\u00e7\u00f5es nacionais de todo o planeta para discutir temas globais em rela\u00e7\u00e3o a Internet como: intelig\u00eancia artificial, inclus\u00e3o digital, apropria\u00e7\u00e3o tecnol\u00f3gica, prote\u00e7\u00e3o de dados, conectividade significativa entre outros.<\/p>\n<p>Para participar do evento, fui um dos 10 jovens brasileiros selecionados, de todo o Brasil, dentre centenas de inscri\u00e7\u00f5es. Enquanto jovem rural paraibano, tenho se destacado pelo comprometimento com quest\u00f5es relacionadas \u00e0 tecnologia e \u00e0 internet em \u00e1reas rurais em comunidades vulnerabilizadas, onde muitas vezes o acesso e a infraestrutura s\u00e3o limitados.<\/p>\n<p>O F\u00f3rum Global de Governan\u00e7a da Internet \u00e9 uma oportunidade \u00fanica para que eu me re\u00fana com l\u00edderes globais e jovens talentosos de todo o mundo para discutir e trazer solu\u00e7\u00f5es sobre como a internet pode ser usada para promover o desenvolvimento sustent\u00e1vel, a inclus\u00e3o social e econ\u00f4mica em zonas rurais, e para abordar desafios globais.<\/p>\n<p>Como o \u00fanico jovem paraibano da delega\u00e7\u00e3o brasileira, terei a oportunidade de compartilhar minhas experi\u00eancias e perspectivas sobre como as quest\u00f5es que cercam a internet afetam diretamente as comunidades rurais do nosso estado e do pa\u00eds como um todo. Al\u00e9m disso, com o meu perfil rural, levo uma perspectiva valiosa para as discuss\u00f5es, a n\u00edvel global, destacando as oportunidades e desafios espec\u00edficos enfrentados pelas comunidades rurais.<\/p>\n<p>O evento ser\u00e1 uma plataforma para discutir quest\u00f5es cruciais, como a aplica\u00e7\u00e3o respons\u00e1vel da intelig\u00eancia artificial, garantir que todas as pessoas tenham acesso igualit\u00e1rio \u00e0 internet, proteger a privacidade e os dados pessoais dos usu\u00e1rios e promover a conectividade significativa em todo o mundo.<\/p>\n<p>Essa minha conquista n\u00e3o somente destaca o meu compromisso e dedica\u00e7\u00e3o enquanto Internacionalista, mas tamb\u00e9m coloca o foco na urgente necessidade de envolver jovens de diferentes origens geogr\u00e1ficas e culturais nos processos de discuss\u00e3o pol\u00edtica. Portanto, a minha participa\u00e7\u00e3o ativa no F\u00f3rum Global de Governan\u00e7a da Internet \u00e9 um exemplo inspirador de como a juventude paraibana e brasileira pode desempenhar um papel fundamental na constru\u00e7\u00e3o de um futuro digital mais inclusivo e equitativo para todas as pessoas.<\/p>\n<p>O post <a rel=\"nofollow noopener\" href=\"https:\/\/wscom.com.br\/jovem-de-zona-rural-no-interior-da-paraiba-participa-de-evento-global-sobre-internet-da-onu-no-japao\/\" target=\"_blank\">Jovem de zona rural no interior da Para\u00edba participa de evento global sobre internet da ONU no Jap\u00e3o<\/a> apareceu primeiro em <a rel=\"nofollow noopener\" href=\"https:\/\/wscom.com.br\/\" target=\"_blank\">WSCOM<\/a>.<\/p>\n","protected":false},"excerpt":{"rendered":"<p>Nos dias 8 e 12 de outubro de 2023, o jovem rural e paraibano Lucas Samuel, 24, participar\u00e1 presencialmente do F\u00f3rum Global de Governan\u00e7a da Internet (IGF) que ser\u00e1 realizado no Jap\u00e3o, Kyoto sob os ausp\u00edcios da Organiza\u00e7\u00e3o das Na\u00e7\u00f5es Unidas (ONU). O evento global \u00e9 da alta c\u00fapula da ONU, onde reunir\u00e1 delega\u00e7\u00f5es nacionais [\u2026]<\/p>\n<p>O post <a rel=\"nofollow\" href=\"https:\/\/wscom.com.br\/jovem-de-zona-rural-no-interior-da-paraiba-participa-de-evento-global-sobre-internet-da-onu-no-japao\/\">Jovem de zona rural no interior da Para\u00edba participa de evento global sobre internet da ONU no Jap\u00e3o<\/a> apareceu primeiro em <a rel=\"nofollow\" href=\"https:\/\/wscom.com.br\/\">WSCOM<\/a>.<\/p>\n","protected":false},"author":247,"featured_media":0,"comment_status":"closed","ping_status":"closed","sticky":false,"template":"","format":"standard","meta":{"advgb_blocks_editor_width":"","advgb_blocks_columns_visual_guide":"","footnotes":""},"categories":[34,936,2476,9020,3514,54,1161],"tags":[35],"class_list":["post-34022","post","type-post","status-publish","format-standard","hentry","category-g1","category-internet","category-japao","category-lucas-samuel","category-onu","category-paraiba","category-tecnologia","tag-g1"],"author_meta":{"display_name":"Anderson Costa","author_link":"https:\/\/sindaopcpb.org.br\/author\/anderson-costa\/"},"featured_img":null,"coauthors":[],"tax_additional":{"categories":{"linked":["<a href=\"https:\/\/sindaopcpb.org.br\/g1\/\" class=\"advgb-post-tax-term\">G1<\/a>","<a href=\"https:\/\/sindaopcpb.org.br\/internet\/\" class=\"advgb-post-tax-term\">Internet<\/a>","<a href=\"https:\/\/sindaopcpb.org.br\/japao\/\" class=\"advgb-post-tax-term\">Jap\u00e3o<\/a>","<a href=\"https:\/\/sindaopcpb.org.br\/lucas-samuel\/\" class=\"advgb-post-tax-term\">Lucas Samuel<\/a>","<a href=\"https:\/\/sindaopcpb.org.br\/onu\/\" class=\"advgb-post-tax-term\">ONU<\/a>","<a href=\"https:\/\/sindaopcpb.org.br\/paraiba\/\" class=\"advgb-post-tax-term\">Para\u00edba<\/a>","<a href=\"https:\/\/sindaopcpb.org.br\/tecnologia\/\" class=\"advgb-post-tax-term\">Tecnologia<\/a>"],"unlinked":["<span class=\"advgb-post-tax-term\">G1<\/span>","<span class=\"advgb-post-tax-term\">Internet<\/span>","<span class=\"advgb-post-tax-term\">Jap\u00e3o<\/span>","<span class=\"advgb-post-tax-term\">Lucas Samuel<\/span>","<span class=\"advgb-post-tax-term\">ONU<\/span>","<span class=\"advgb-post-tax-term\">Para\u00edba<\/span>","<span class=\"advgb-post-tax-term\">Tecnologia<\/span>"]},"tags":{"linked":["<a href=\"https:\/\/sindaopcpb.org.br\/tecnologia\/\" class=\"advgb-post-tax-term\">g1<\/a>"],"unlinked":["<span class=\"advgb-post-tax-term\">g1<\/span>"]}},"comment_count":"0","relative_dates":{"created":"Publicado 3 anos atr\u00e1s","modified":"Atualizado 3 anos atr\u00e1s"},"absolute_dates":{"created":"Publicado em 12 de setembro de 2023","modified":"Atualizado em 12 de setembro de 2023"},"absolute_dates_time":{"created":"Publicado em 12 de setembro de 2023 18:08","modified":"Atualizado em 12 de setembro de 2023 18:08"},"featured_img_caption":"","series_order":"","_links":{"self":[{"href":"https:\/\/sindaopcpb.org.br\/index.php\/wp-json\/wp\/v2\/posts\/34022","targetHints":{"allow":["GET"]}}],"collection":[{"href":"https:\/\/sindaopcpb.org.br\/index.php\/wp-json\/wp\/v2\/posts"}],"about":[{"href":"https:\/\/sindaopcpb.org.br\/index.php\/wp-json\/wp\/v2\/types\/post"}],"author":[{"embeddable":true,"href":"https:\/\/sindaopcpb.org.br\/index.php\/wp-json\/wp\/v2\/users\/247"}],"replies":[{"embeddable":true,"href":"https:\/\/sindaopcpb.org.br\/index.php\/wp-json\/wp\/v2\/comments?post=34022"}],"version-history":[{"count":1,"href":"https:\/\/sindaopcpb.org.br\/index.php\/wp-json\/wp\/v2\/posts\/34022\/revisions"}],"predecessor-version":[{"id":34023,"href":"https:\/\/sindaopcpb.org.br\/index.php\/wp-json\/wp\/v2\/posts\/34022\/revisions\/34023"}],"wp:attachment":[{"href":"https:\/\/sindaopcpb.org.br\/index.php\/wp-json\/wp\/v2\/media?parent=34022"}],"wp:term":[{"taxonomy":"category","embeddable":true,"href":"https:\/\/sindaopcpb.org.br\/index.php\/wp-json\/wp\/v2\/categories?post=34022"},{"taxonomy":"post_tag","embeddable":true,"href":"https:\/\/sindaopcpb.org.br\/index.php\/wp-json\/wp\/v2\/tags?post=34022"}],"curies":[{"name":"wp","href":"https:\/\/api.w.org\/{rel}","templated":true}]}}