{"id":34007,"date":"2023-09-12T17:38:00","date_gmt":"2023-09-12T20:38:00","guid":{"rendered":"https:\/\/www.infomoney.com.br\/?p=2240213"},"modified":"2023-09-12T17:38:00","modified_gmt":"2023-09-12T20:38:00","slug":"padilha-diz-que-lula-autorizou-antecipar-ajuda-a-municipios-prefeitos-tem-pressionado-planalto","status":"publish","type":"post","link":"https:\/\/sindaopcpb.org.br\/index.php\/2023\/09\/12\/padilha-diz-que-lula-autorizou-antecipar-ajuda-a-municipios-prefeitos-tem-pressionado-planalto\/","title":{"rendered":"Padilha diz que Lula autorizou antecipar ajuda a munic\u00edpios; prefeitos t\u00eam pressionado Planalto"},"content":{"rendered":"<p><img loading=\"lazy\" width=\"300\" height=\"225\" src=\"https:\/\/www.infomoney.com.br\/wp-content\/uploads\/2023\/03\/a81t3504.jpg?fit=300%2C225&amp;quality=70&amp;strip=all\" class=\"attachment-medium size-medium wp-post-image\" alt=\"\" decoding=\"async\" style=\"float:right; margin:0 0 10px 10px;\" srcset=\"https:\/\/www.infomoney.com.br\/wp-content\/uploads\/2023\/03\/a81t3504.jpg?w=1024&amp;quality=70&amp;strip=all 1024w, https:\/\/www.infomoney.com.br\/wp-content\/uploads\/2023\/03\/a81t3504.jpg?w=300&amp;quality=70&amp;strip=all 300w, https:\/\/www.infomoney.com.br\/wp-content\/uploads\/2023\/03\/a81t3504.jpg?w=768&amp;quality=70&amp;strip=all 768w, https:\/\/www.infomoney.com.br\/wp-content\/uploads\/2023\/03\/a81t3504.jpg?w=150&amp;quality=70&amp;strip=all 150w\" sizes=\"auto, (max-width: 300px) 100vw, 300px\" data-attachment-id=\"2096229\" data-permalink=\"https:\/\/www.infomoney.com.br\/a81t3504\/\" data-orig-file=\"https:\/\/www.infomoney.com.br\/wp-content\/uploads\/2023\/03\/a81t3504.jpg?fit=1024%2C768&amp;quality=70&amp;strip=all\" data-orig-size=\"1024,768\" data-comments-opened=\"0\" data-image-meta=\"{&quot;aperture&quot;:&quot;4&quot;,&quot;credit&quot;:&quot;Antonio Cruz\\\/ Ag\\u00eancia Brasil&quot;,&quot;camera&quot;:&quot;Canon EOS-1D X&quot;,&quot;caption&quot;:&quot;Bras\\u00edlia (DF) 29\\\/03\\\/2023  ministro de Rela\\u00e7\\u00f5es Institucionais, Alexandre Padilha, fala com a imprensa no Pal\\u00e1cio da Alvorada. Foto: Antonio Cruz\\\/ Ag\\u00eancia Brasil&quot;,&quot;created_timestamp&quot;:&quot;1680088190&quot;,&quot;copyright&quot;:&quot;Ag\\u00eancia Brasil\\\/EBC&quot;,&quot;focal_length&quot;:&quot;130&quot;,&quot;iso&quot;:&quot;800&quot;,&quot;shutter_speed&quot;:&quot;0.00125&quot;,&quot;title&quot;:&quot;&quot;,&quot;orientation&quot;:&quot;0&quot;}\" data-image-title=\"Alexandre Padilha\" data-image-description=\"\" data-image-caption=\"&lt;p&gt;Ministro de Rela\u00e7\u00f5es Institucionais, Alexandre Padilha (Antonio Cruz\/ Ag\u00eancia Brasil)&lt;\/p&gt;\n\" data-medium-file=\"https:\/\/www.infomoney.com.br\/wp-content\/uploads\/2023\/03\/a81t3504.jpg?fit=300%2C225&amp;quality=70&amp;strip=all\" data-large-file=\"https:\/\/www.infomoney.com.br\/wp-content\/uploads\/2023\/03\/a81t3504.jpg?fit=1024%2C768&amp;quality=70&amp;strip=all\" title=\"\"><\/p>\n<p>O ministro das Rela&ccedil;&otilde;es Institucionais, Alexandre Padilha, disse, nesta ter&ccedil;a-feira (12), que o presidente Luiz In&aacute;cio Lula da Silva autorizou uma antecipa&ccedil;&atilde;o de ajuda do governo federal a munic&iacute;pios. Prefeitos v&ecirc;m pressionando o Planalto e congressistas por al&iacute;vio para sua pen&uacute;ria financeira.<\/p>\n<p>Padilha disse que dever&aacute; ser inclu&iacute;do em projeto de lei complementar que j&aacute; tramita na C&acirc;mara sobre compensa&ccedil;&atilde;o por perda ICMS at&eacute; 2026 trecho para pagar cerca de R$ 10 bilh&otilde;es ainda neste ano. O valor total, at&eacute; o fim do per&iacute;odo, seria de cerca de R$ 27 bi.<\/p>\n<p>O pagamento &eacute; para Estados, mas uma parte da compensa&ccedil;&atilde;o, 25%, &eacute; repassada a munic&iacute;pios, disse o ministro. Isso significaria um aumento de R$ 2,5 bilh&otilde;es nos repasses para prefeituras neste ano.<\/p>\n<p>A medida tem sido chamada de &ldquo;compensa&ccedil;&atilde;o&rdquo; porque foi o governo federal quem fez a receita de ICMS dos Estados baixar. O ex-presidente Jair Bolsonaro mudou a forma de cobran&ccedil;a do imposto em 2022 para conter a alta dos pre&ccedil;os dos combust&iacute;veis no ano em que disputava a reelei&ccedil;&atilde;o.<\/p>\n<p>O mesmo projeto tamb&eacute;m dever&aacute; conter, segundo Padilha, compensa&ccedil;&atilde;o pela queda do Fundo de Participa&ccedil;&atilde;o dos Munic&iacute;pios. O valor deve ficar pr&oacute;ximo de R$ 2,3 bilh&otilde;es.<\/p>\n<p>Padilha deu as declara&ccedil;&otilde;es a jornalistas na porta do Pal&aacute;cio da Alvorada, depois de reuni&atilde;o com Lula. Ele disse que se encontrar&aacute; com o deputado Zeca Dirceu (PT-PR), relator do projeto sobre a compensa&ccedil;&atilde;o de ICMS, &agrave;s 18h desta ter&ccedil;a. Segundo o ministro, a expectativa &eacute; que a C&acirc;mara vote a proposta na quarta (13).<\/p>\n<\/p>\n<div class=\"cta-end\">\n<div class=\"im-cta\" >\n<div class=\"im-shortcode-forms bg-light bg-opacity-25 border rounded-4 p-3 p-sm-4 p-md-3 p-lg-4 px-xxl-5 my-5\" data-configuration='{\"form_name\":false,\"form_hat\":\"Newsletter\",\"form_email\":true,\"form_icon\":\"newsletter\",\"form_phone\":false,\"form_campaign\":\"NIM\",\"form_thankyou\":\"\",\"form_journey\":\"APIEvent-26a5198d-8e09-06ef-5f80-cd9127757ad1\",\"form_button\":\"Quero receber\",\"form_context\":\"newsletter\",\"form_origin\":\"https:\\\/\\\/www.infomoney.com.br\\\/politica\\\/feed\\\/?utm_medium=materia&#038;utm_source=infomoney&#038;utm_campaign=NIM&#038;utm_term=politica&#038;utm_content=newsletter\",\"form_position\":\"final\",\"form_category\":\"cta_form\"}'>\n<div class=\"d-flex flex-column align-items-center align-items-lg-start mb-4 flex-lg-row\">\n<div class=\"rounded-circle mb-2 mb-lg-0 mr-lg-4 me-lg-4 p-3 p-lg-4 bg-blue-400\"><svg width=\"40\" height=\"40\" viewBox=\"0 0 40 40\" fill=\"none\" xmlns=\"http:\/\/www.w3.org\/2000\/svg\"><path d=\"M20 20.25 6.042 11.042v19.041c0 .167.048.299.146.396a.535.535 0 0 0 .395.146h15.792V32.5H6.583a2.328 2.328 0 0 1-1.708-.708 2.328 2.328 0 0 1-.708-1.709V9.917c0-.667.236-1.236.708-1.709A2.328 2.328 0 0 1 6.583 7.5h26.834c.666 0 1.236.236 1.708.708a2.33 2.33 0 0 1 .708 1.709v12.458h-1.875V11.042L20 20.25Zm0-2 13.667-8.875H6.333L20 18.25Zm11.75 18.958-1.292-1.333 3.334-3.375h-9v-1.875h9l-3.375-3.417 1.333-1.291 5.667 5.625-5.667 5.666ZM6.042 11.042v20.791-9.458.25-13.25 1.667Z\" fill=\"#fff\"\/><\/svg><\/div>\n<div class=\"flex-fill text-center text-lg-left\">\n<div class=\"h6 small text-orange-700 lh-base mb-1\">Newsletter<\/div>\n<div class=\"text-body h4 m-0\">Infomorning<\/div>\n<div class=\"text-body small lh-base mt-2\">Receba no seu e-mail logo pela manh&atilde; as not&iacute;cias que v&atilde;o mexer com os mercados, com os seus investimentos e o seu bolso durante o dia<\/div>\n<\/div>\n<\/div>\n<\/div>\n<\/div>\n<\/div>\n<p>The post <a rel=\"nofollow noopener\" href=\"https:\/\/www.infomoney.com.br\/politica\/padilha-diz-que-lula-autorizou-antecipar-ajuda-a-municipios-prefeitos-tem-pressionado-planalto\/\" target=\"_blank\">Padilha diz que Lula autorizou antecipar ajuda a munic\u00edpios; prefeitos t\u00eam pressionado Planalto<\/a> appeared first on <a rel=\"nofollow noopener\" href=\"https:\/\/www.infomoney.com.br\/\" target=\"_blank\">InfoMoney<\/a>.<\/p>\n","protected":false},"excerpt":{"rendered":"<p><img loading=\"lazy\" decoding=\"async\" width=\"300\" height=\"225\" src=\"https:\/\/www.infomoney.com.br\/wp-content\/uploads\/2023\/03\/a81t3504.jpg?fit=300%2C225&amp;quality=70&amp;strip=all\" class=\"attachment-medium size-medium wp-post-image\" alt=\"\" data-attachment-id=\"2096229\" data-permalink=\"https:\/\/www.infomoney.com.br\/a81t3504\/\" data-orig-file=\"https:\/\/www.infomoney.com.br\/wp-content\/uploads\/2023\/03\/a81t3504.jpg?fit=1024%2C768&amp;quality=70&amp;strip=all\" data-orig-size=\"1024,768\" data-comments-opened=\"0\" data-image-meta='{\"aperture\":\"4\",\"credit\":\"Antonio Cruz\\\/ Ag\\u00eancia Brasil\",\"camera\":\"Canon EOS-1D X\",\"caption\":\"Bras\\u00edlia (DF) 29\\\/03\\\/2023  ministro de Rela\\u00e7\\u00f5es Institucionais, Alexandre Padilha, fala com a imprensa no Pal\\u00e1cio da Alvorada. Foto: Antonio Cruz\\\/ Ag\\u00eancia Brasil\",\"created_timestamp\":\"1680088190\",\"copyright\":\"Ag\\u00eancia Brasil\\\/EBC\",\"focal_length\":\"130\",\"iso\":\"800\",\"shutter_speed\":\"0.00125\",\"title\":\"\",\"orientation\":\"0\"}' data-image-title=\"Alexandre Padilha\" data-image-description=\"\" data-image-caption=\"&lt;p&gt;Ministro de Rela\u00e7\u00f5es Institucionais, Alexandre Padilha (Antonio Cruz\/ Ag\u00eancia Brasil)&lt;\/p&gt;\n\" data-medium-file=\"https:\/\/www.infomoney.com.br\/wp-content\/uploads\/2023\/03\/a81t3504.jpg?fit=300%2C225&amp;quality=70&amp;strip=all\" data-large-file=\"https:\/\/www.infomoney.com.br\/wp-content\/uploads\/2023\/03\/a81t3504.jpg?fit=1024%2C768&amp;quality=70&amp;strip=all\">Ministro deu as declara\u00e7\u00f5es a jornalistas na porta do Pal\u00e1cio da Alvorada, depois de reuni\u00e3o com presidente<\/p>\n<p>The post <a rel=\"nofollow\" href=\"https:\/\/www.infomoney.com.br\/politica\/padilha-diz-que-lula-autorizou-antecipar-ajuda-a-municipios-prefeitos-tem-pressionado-planalto\/\">Padilha diz que Lula autorizou antecipar ajuda a munic\u00edpios; prefeitos t\u00eam pressionado Planalto<\/a> appeared first on <a rel=\"nofollow\" href=\"https:\/\/www.infomoney.com.br\/\">InfoMoney<\/a>.<\/p>\n","protected":false},"author":43,"featured_media":0,"comment_status":"closed","ping_status":"closed","sticky":false,"template":"","format":"standard","meta":{"advgb_blocks_editor_width":"","advgb_blocks_columns_visual_guide":"","footnotes":""},"categories":[468,34,260,128,1611,47],"tags":[35],"class_list":["post-34007","post","type-post","status-publish","format-standard","hentry","category-alexandre-padilha","category-g1","category-governo","category-icms","category-municipios","category-politica","tag-g1"],"author_meta":{"display_name":"Estad\u00e3o Conte\u00fado","author_link":"https:\/\/sindaopcpb.org.br\/author\/estadao-conteudo\/"},"featured_img":null,"coauthors":[],"tax_additional":{"categories":{"linked":["<a href=\"https:\/\/sindaopcpb.org.br\/alexandre-padilha\/\" class=\"advgb-post-tax-term\">Alexandre Padilha<\/a>","<a href=\"https:\/\/sindaopcpb.org.br\/g1\/\" class=\"advgb-post-tax-term\">G1<\/a>","<a href=\"https:\/\/sindaopcpb.org.br\/governo\/\" class=\"advgb-post-tax-term\">Governo<\/a>","<a href=\"https:\/\/sindaopcpb.org.br\/icms\/\" class=\"advgb-post-tax-term\">ICMS<\/a>","<a href=\"https:\/\/sindaopcpb.org.br\/municipios\/\" class=\"advgb-post-tax-term\">Munic\u00edpios<\/a>","<a href=\"https:\/\/sindaopcpb.org.br\/politica\/\" class=\"advgb-post-tax-term\">POLITICA<\/a>"],"unlinked":["<span class=\"advgb-post-tax-term\">Alexandre Padilha<\/span>","<span class=\"advgb-post-tax-term\">G1<\/span>","<span class=\"advgb-post-tax-term\">Governo<\/span>","<span class=\"advgb-post-tax-term\">ICMS<\/span>","<span class=\"advgb-post-tax-term\">Munic\u00edpios<\/span>","<span class=\"advgb-post-tax-term\">POLITICA<\/span>"]},"tags":{"linked":["<a href=\"https:\/\/sindaopcpb.org.br\/politica\/\" class=\"advgb-post-tax-term\">g1<\/a>"],"unlinked":["<span class=\"advgb-post-tax-term\">g1<\/span>"]}},"comment_count":"0","relative_dates":{"created":"Publicado 3 anos atr\u00e1s","modified":"Atualizado 3 anos atr\u00e1s"},"absolute_dates":{"created":"Publicado em 12 de setembro de 2023","modified":"Atualizado em 12 de setembro de 2023"},"absolute_dates_time":{"created":"Publicado em 12 de setembro de 2023 17:38","modified":"Atualizado em 12 de setembro de 2023 17:38"},"featured_img_caption":"","series_order":"","_links":{"self":[{"href":"https:\/\/sindaopcpb.org.br\/index.php\/wp-json\/wp\/v2\/posts\/34007","targetHints":{"allow":["GET"]}}],"collection":[{"href":"https:\/\/sindaopcpb.org.br\/index.php\/wp-json\/wp\/v2\/posts"}],"about":[{"href":"https:\/\/sindaopcpb.org.br\/index.php\/wp-json\/wp\/v2\/types\/post"}],"author":[{"embeddable":true,"href":"https:\/\/sindaopcpb.org.br\/index.php\/wp-json\/wp\/v2\/users\/43"}],"replies":[{"embeddable":true,"href":"https:\/\/sindaopcpb.org.br\/index.php\/wp-json\/wp\/v2\/comments?post=34007"}],"version-history":[{"count":2,"href":"https:\/\/sindaopcpb.org.br\/index.php\/wp-json\/wp\/v2\/posts\/34007\/revisions"}],"predecessor-version":[{"id":34034,"href":"https:\/\/sindaopcpb.org.br\/index.php\/wp-json\/wp\/v2\/posts\/34007\/revisions\/34034"}],"wp:attachment":[{"href":"https:\/\/sindaopcpb.org.br\/index.php\/wp-json\/wp\/v2\/media?parent=34007"}],"wp:term":[{"taxonomy":"category","embeddable":true,"href":"https:\/\/sindaopcpb.org.br\/index.php\/wp-json\/wp\/v2\/categories?post=34007"},{"taxonomy":"post_tag","embeddable":true,"href":"https:\/\/sindaopcpb.org.br\/index.php\/wp-json\/wp\/v2\/tags?post=34007"}],"curies":[{"name":"wp","href":"https:\/\/api.w.org\/{rel}","templated":true}]}}