{"id":33990,"date":"2023-09-12T14:56:21","date_gmt":"2023-09-12T17:56:21","guid":{"rendered":"https:\/\/wpa.wscom.com.br\/?p=922636"},"modified":"2023-09-12T14:56:21","modified_gmt":"2023-09-12T17:56:21","slug":"membros-da-cpmi-do-8-de-janeiro-criticam-nunes-marques-por-autorizar-falta-de-depoente","status":"publish","type":"post","link":"https:\/\/sindaopcpb.org.br\/index.php\/2023\/09\/12\/membros-da-cpmi-do-8-de-janeiro-criticam-nunes-marques-por-autorizar-falta-de-depoente\/","title":{"rendered":"Membros da CPMI do 8 de janeiro criticam Nunes Marques por autorizar falta de depoente"},"content":{"rendered":"<p>A decis\u00e3o do ministro do Supremo Tribunal Federal (STF) Nunes Marques de autorizar o n\u00e3o comparecimento da ex-diretora de Intelig\u00eancia do Minist\u00e9rio da Justi\u00e7a Mar\u00edlia Alencar \u00e0 Comiss\u00e3o Parlamentar Mista de Inqu\u00e9rito (CPMI)\u00a0do 8 de Janeiro\u00a0foi duramente criticada durante o in\u00edcio dos trabalhos da comiss\u00e3o nesta ter\u00e7a-feira (12).<img decoding=\"async\" src=\"https:\/\/agenciabrasil.ebc.com.br\/ebc.png?id=1554732&amp;o=node\" alt=\"\" title=\"\"><img decoding=\"async\" src=\"https:\/\/agenciabrasil.ebc.com.br\/ebc.gif?id=1554732&amp;o=node\" alt=\"\" title=\"\"><\/p>\n<p>A ex-diretora tamb\u00e9m foi subsecret\u00e1ria de Intelig\u00eancia da Secretaria de Seguran\u00e7a P\u00fablica do Distrito Federal durante a gest\u00e3o de Anderson Torres, que, al\u00e9m de secret\u00e1rio do governo do Distrito Federal, foi ministro da Justi\u00e7a durante o governo de Jair Bolsonaro.<\/p>\n<p>Mar\u00edlia Alencar foi convocada para falar sobre um relat\u00f3rio que detalhava as cidades nordestinas onde o ent\u00e3o candidato \u00e0 Presid\u00eancia da Rep\u00fablica Luiz In\u00e1cio Lula da Silva teria vencido o primeiro turno das elei\u00e7\u00f5es. A expectativa era de que Mar\u00edlia fosse ouvida como testemunha. Ela tamb\u00e9m \u00e9 investigada por omiss\u00e3o, quando estava na subsecretaria de Intelig\u00eancia do DF.<\/p>\n<p>A relatora da CPMI do 8 de janeiro, senadora Eliziane Gama (PSD-MA), lembrou que, quando no GDF, Mar\u00edlia demorou para mobilizar equipes de policiais para a prote\u00e7\u00e3o das sedes dos Tr\u00eas Poderes.<\/p>\n<p>\u201cS\u00f3 depois das 15h ela enviou mensagem \u00e0 equipe. Mais de meia hora ap\u00f3s a entrada das pessoas no Planalto. E para pedir uma reuni\u00e3o de equipe \u00e0s 16h, quando a quebradeira j\u00e1 estava generalizada\u201d, argumentou a relatora.<\/p>\n<p>O post <a rel=\"nofollow noopener\" href=\"https:\/\/wscom.com.br\/membros-da-cpmi-do-8-de-janeiro-criticam-nunes-marques-por-autorizar-falta-de-depoente\/\" target=\"_blank\">Membros da CPMI do 8 de janeiro criticam Nunes Marques por autorizar falta de depoente<\/a> apareceu primeiro em <a rel=\"nofollow noopener\" href=\"https:\/\/wscom.com.br\/\" target=\"_blank\">WSCOM<\/a>.<\/p>\n","protected":false},"excerpt":{"rendered":"<p>A decis\u00e3o do ministro do Supremo Tribunal Federal (STF) Nunes Marques de autorizar o n\u00e3o comparecimento da ex-diretora de Intelig\u00eancia do Minist\u00e9rio da Justi\u00e7a Mar\u00edlia Alencar \u00e0 Comiss\u00e3o Parlamentar Mista de Inqu\u00e9rito (CPMI)\u00a0do 8 de Janeiro\u00a0foi duramente criticada durante o in\u00edcio dos trabalhos da comiss\u00e3o nesta ter\u00e7a-feira (12). A ex-diretora tamb\u00e9m foi subsecret\u00e1ria de Intelig\u00eancia [\u2026]<\/p>\n<p>O post <a rel=\"nofollow\" href=\"https:\/\/wscom.com.br\/membros-da-cpmi-do-8-de-janeiro-criticam-nunes-marques-por-autorizar-falta-de-depoente\/\">Membros da CPMI do 8 de janeiro criticam Nunes Marques por autorizar falta de depoente<\/a> apareceu primeiro em <a rel=\"nofollow\" href=\"https:\/\/wscom.com.br\/\">WSCOM<\/a>.<\/p>\n","protected":false},"author":247,"featured_media":0,"comment_status":"closed","ping_status":"closed","sticky":false,"template":"","format":"standard","meta":{"advgb_blocks_editor_width":"","advgb_blocks_columns_visual_guide":"","footnotes":""},"categories":[9015,9016,34,278,966,3578,449,9017],"tags":[35],"class_list":["post-33990","post","type-post","status-publish","format-standard","hentry","category-ausencia","category-depoente","category-g1","category-justica","category-ministro","category-nunes-marques","category-stf","category-supremo","tag-g1"],"author_meta":{"display_name":"Anderson Costa","author_link":"https:\/\/sindaopcpb.org.br\/author\/anderson-costa\/"},"featured_img":null,"coauthors":[],"tax_additional":{"categories":{"linked":["<a href=\"https:\/\/sindaopcpb.org.br\/ausencia\/\" class=\"advgb-post-tax-term\">ausencia<\/a>","<a href=\"https:\/\/sindaopcpb.org.br\/depoente\/\" class=\"advgb-post-tax-term\">depoente<\/a>","<a href=\"https:\/\/sindaopcpb.org.br\/g1\/\" class=\"advgb-post-tax-term\">G1<\/a>","<a href=\"https:\/\/sindaopcpb.org.br\/justica\/\" class=\"advgb-post-tax-term\">Justi\u00e7a<\/a>","<a href=\"https:\/\/sindaopcpb.org.br\/ministro\/\" class=\"advgb-post-tax-term\">ministro<\/a>","<a href=\"https:\/\/sindaopcpb.org.br\/nunes-marques\/\" class=\"advgb-post-tax-term\">Nunes Marques<\/a>","<a href=\"https:\/\/sindaopcpb.org.br\/stf\/\" class=\"advgb-post-tax-term\">STF<\/a>","<a href=\"https:\/\/sindaopcpb.org.br\/supremo\/\" class=\"advgb-post-tax-term\">supremo<\/a>"],"unlinked":["<span class=\"advgb-post-tax-term\">ausencia<\/span>","<span class=\"advgb-post-tax-term\">depoente<\/span>","<span class=\"advgb-post-tax-term\">G1<\/span>","<span class=\"advgb-post-tax-term\">Justi\u00e7a<\/span>","<span class=\"advgb-post-tax-term\">ministro<\/span>","<span class=\"advgb-post-tax-term\">Nunes Marques<\/span>","<span class=\"advgb-post-tax-term\">STF<\/span>","<span class=\"advgb-post-tax-term\">supremo<\/span>"]},"tags":{"linked":["<a href=\"https:\/\/sindaopcpb.org.br\/supremo\/\" class=\"advgb-post-tax-term\">g1<\/a>"],"unlinked":["<span class=\"advgb-post-tax-term\">g1<\/span>"]}},"comment_count":"0","relative_dates":{"created":"Publicado 3 anos atr\u00e1s","modified":"Atualizado 3 anos atr\u00e1s"},"absolute_dates":{"created":"Publicado em 12 de setembro de 2023","modified":"Atualizado em 12 de setembro de 2023"},"absolute_dates_time":{"created":"Publicado em 12 de setembro de 2023 14:56","modified":"Atualizado em 12 de setembro de 2023 14:56"},"featured_img_caption":"","series_order":"","_links":{"self":[{"href":"https:\/\/sindaopcpb.org.br\/index.php\/wp-json\/wp\/v2\/posts\/33990","targetHints":{"allow":["GET"]}}],"collection":[{"href":"https:\/\/sindaopcpb.org.br\/index.php\/wp-json\/wp\/v2\/posts"}],"about":[{"href":"https:\/\/sindaopcpb.org.br\/index.php\/wp-json\/wp\/v2\/types\/post"}],"author":[{"embeddable":true,"href":"https:\/\/sindaopcpb.org.br\/index.php\/wp-json\/wp\/v2\/users\/247"}],"replies":[{"embeddable":true,"href":"https:\/\/sindaopcpb.org.br\/index.php\/wp-json\/wp\/v2\/comments?post=33990"}],"version-history":[{"count":1,"href":"https:\/\/sindaopcpb.org.br\/index.php\/wp-json\/wp\/v2\/posts\/33990\/revisions"}],"predecessor-version":[{"id":33991,"href":"https:\/\/sindaopcpb.org.br\/index.php\/wp-json\/wp\/v2\/posts\/33990\/revisions\/33991"}],"wp:attachment":[{"href":"https:\/\/sindaopcpb.org.br\/index.php\/wp-json\/wp\/v2\/media?parent=33990"}],"wp:term":[{"taxonomy":"category","embeddable":true,"href":"https:\/\/sindaopcpb.org.br\/index.php\/wp-json\/wp\/v2\/categories?post=33990"},{"taxonomy":"post_tag","embeddable":true,"href":"https:\/\/sindaopcpb.org.br\/index.php\/wp-json\/wp\/v2\/tags?post=33990"}],"curies":[{"name":"wp","href":"https:\/\/api.w.org\/{rel}","templated":true}]}}