{"id":33971,"date":"2023-09-12T13:21:42","date_gmt":"2023-09-12T16:21:42","guid":{"rendered":"https:\/\/wpa.wscom.com.br\/?p=922621"},"modified":"2023-09-12T13:21:42","modified_gmt":"2023-09-12T16:21:42","slug":"jose-ricardo-porto-derruba-acao-de-vereadores-de-cg-que-buscava-impedir-credito-complementar-ao-orcamento-da-prefeitura","status":"publish","type":"post","link":"https:\/\/sindaopcpb.org.br\/index.php\/2023\/09\/12\/jose-ricardo-porto-derruba-acao-de-vereadores-de-cg-que-buscava-impedir-credito-complementar-ao-orcamento-da-prefeitura\/","title":{"rendered":"Jos\u00e9 Ricardo Porto derruba a\u00e7\u00e3o de vereadores de CG que buscava impedir cr\u00e9dito complementar ao or\u00e7amento da prefeitura"},"content":{"rendered":"<p>O desembargador Jos\u00e9 Ricardo Porto extinguiu a a\u00e7\u00e3o n\u00ba 0827339-98.2023.8.15.0001, na qual foi deferido o pedido de tutela de urg\u00eancia antecipada para suspender a san\u00e7\u00e3o do Projeto de Lei n\u00ba 215\/2023, que autorizou a abertura de cr\u00e9dito adicional no or\u00e7amento da prefeitura municipal de Campina Grande. O desembargador entendeu que houve a perda do objeto da a\u00e7\u00e3o uma vez que o projeto foi sancionado antes da decis\u00e3o judicial ser proferida. O caso foi analisado no Agravo de Instrumento n\u00ba 0819700-32.2023.8.15.0000.<\/p>\n<p>O pedido de tutela de urg\u00eancia havia sido deferido pelo Ju\u00edzo da 3\u00aa Vara da Fazenda P\u00fablica da Comarca de Campina Grande (no exerc\u00edcio da jurisdi\u00e7\u00e3o plantonista) no mesmo dia em que foi distribu\u00edda a a\u00e7\u00e3o, a saber, em 22 de agosto, \u00e0s 20h. Ocorre que, antes da prola\u00e7\u00e3o da medida liminar \u2013 mais precisamente em 22 de agosto, \u00e0s 18h25 \u2013 o projeto de lei questionado j\u00e1 havia sido sancionado pelo prefeito do munic\u00edpio de Campina Grande, com sua convers\u00e3o na Lei n\u00ba 8.714\/2023 e respectiva publica\u00e7\u00e3o no Seman\u00e1rio Oficial da Municipalidade.<\/p>\n<p>&#8220;Ora, concentrando-se a pretens\u00e3o exordial unicamente em impedir a san\u00e7\u00e3o de projeto de lei e, tendo a decis\u00e3o que deferiu a medida liminar sido proferida ap\u00f3s a san\u00e7\u00e3o e publica\u00e7\u00e3o da lei dele decorrente, patente \u00e9 a perda superveniente do interesse de agir dos agravados, porquanto o julgamento de m\u00e9rito da lide n\u00e3o trar\u00e1 nenhuma utilidade pr\u00e1tica para os demandantes, os quais poder\u00e3o, todavia, discutir \u2013 por meio dos instrumentos cab\u00edveis \u2013 a validade da norma que j\u00e1 adentrou no ordenamento jur\u00eddico&#8221;, afirmou o desembargador Jos\u00e9 Ricardo Porto.<\/p>\n<p>O desembargador lembrou que j\u00e1 tramita uma outra a\u00e7\u00e3o, distribu\u00edda sob o n\u00ba 0827381-50.2023.8.15.0001, em desfavor do Munic\u00edpio de Campina Grande, questionando a validade da Lei n\u00ba 8.714\/2023, circunst\u00e2ncia que, segundo ele, corrobora o entendimento adotado, no sentido de que houve a perda superveniente do objeto da a\u00e7\u00e3o da qual se originou o presente agravo.<\/p>\n<p>&#8220;Assim, entendo ter ocorrido a perda do objeto da a\u00e7\u00e3o primeva, n\u00e3o havendo mais utilidade pr\u00e1tica na referida demanda, sendo imperativa sua extin\u00e7\u00e3o sem julgamento do m\u00e9rito por falta de interesse processual superveniente \u00e0 propositura&#8221;, pontuou.<\/p>\n<p>Da decis\u00e3o cabe recurso.<\/p>\n<p>O post <a rel=\"nofollow noopener\" href=\"https:\/\/wscom.com.br\/jose-ricardo-porto-derruba-acao-de-vereadores-de-cg-que-buscava-impedir-credito-complementar-ao-orcamento-da-prefeitura\/\" target=\"_blank\">Jos\u00e9 Ricardo Porto derruba a\u00e7\u00e3o de vereadores de CG que buscava impedir cr\u00e9dito complementar ao or\u00e7amento da prefeitura<\/a> apareceu primeiro em <a rel=\"nofollow noopener\" href=\"https:\/\/wscom.com.br\/\" target=\"_blank\">WSCOM<\/a>.<\/p>\n","protected":false},"excerpt":{"rendered":"<p>O desembargador Jos\u00e9 Ricardo Porto extinguiu a a\u00e7\u00e3o n\u00ba 0827339-98.2023.8.15.0001, na qual foi deferido o pedido de tutela de urg\u00eancia antecipada para suspender a san\u00e7\u00e3o do Projeto de Lei n\u00ba 215\/2023, que autorizou a abertura de cr\u00e9dito adicional no or\u00e7amento da prefeitura municipal de Campina Grande. O desembargador entendeu que houve a perda do objeto [\u2026]<\/p>\n<p>O post <a rel=\"nofollow\" href=\"https:\/\/wscom.com.br\/jose-ricardo-porto-derruba-acao-de-vereadores-de-cg-que-buscava-impedir-credito-complementar-ao-orcamento-da-prefeitura\/\">Jos\u00e9 Ricardo Porto derruba a\u00e7\u00e3o de vereadores de CG que buscava impedir cr\u00e9dito complementar ao or\u00e7amento da prefeitura<\/a> apareceu primeiro em <a rel=\"nofollow\" href=\"https:\/\/wscom.com.br\/\">WSCOM<\/a>.<\/p>\n","protected":false},"author":247,"featured_media":0,"comment_status":"closed","ping_status":"closed","sticky":false,"template":"","format":"standard","meta":{"advgb_blocks_editor_width":"","advgb_blocks_columns_visual_guide":"","footnotes":""},"categories":[321,870,34,5059,47,350,1123],"tags":[35],"class_list":["post-33971","post","type-post","status-publish","format-standard","hentry","category-campina-grande","category-desembargador","category-g1","category-jose-ricardo-porto","category-politica","category-tjpb","category-vereadores","tag-g1"],"author_meta":{"display_name":"Anderson Costa","author_link":"https:\/\/sindaopcpb.org.br\/author\/anderson-costa\/"},"featured_img":null,"coauthors":[],"tax_additional":{"categories":{"linked":["<a href=\"https:\/\/sindaopcpb.org.br\/campina-grande\/\" class=\"advgb-post-tax-term\">Campina Grande<\/a>","<a href=\"https:\/\/sindaopcpb.org.br\/desembargador\/\" class=\"advgb-post-tax-term\">desembargador<\/a>","<a href=\"https:\/\/sindaopcpb.org.br\/g1\/\" class=\"advgb-post-tax-term\">G1<\/a>","<a href=\"https:\/\/sindaopcpb.org.br\/jose-ricardo-porto\/\" class=\"advgb-post-tax-term\">Jos\u00e9 ricardo Porto<\/a>","<a href=\"https:\/\/sindaopcpb.org.br\/politica\/\" class=\"advgb-post-tax-term\">POLITICA<\/a>","<a href=\"https:\/\/sindaopcpb.org.br\/tjpb\/\" class=\"advgb-post-tax-term\">tjpb<\/a>","<a href=\"https:\/\/sindaopcpb.org.br\/vereadores\/\" class=\"advgb-post-tax-term\">Vereadores<\/a>"],"unlinked":["<span class=\"advgb-post-tax-term\">Campina Grande<\/span>","<span class=\"advgb-post-tax-term\">desembargador<\/span>","<span class=\"advgb-post-tax-term\">G1<\/span>","<span class=\"advgb-post-tax-term\">Jos\u00e9 ricardo Porto<\/span>","<span class=\"advgb-post-tax-term\">POLITICA<\/span>","<span class=\"advgb-post-tax-term\">tjpb<\/span>","<span class=\"advgb-post-tax-term\">Vereadores<\/span>"]},"tags":{"linked":["<a href=\"https:\/\/sindaopcpb.org.br\/vereadores\/\" class=\"advgb-post-tax-term\">g1<\/a>"],"unlinked":["<span class=\"advgb-post-tax-term\">g1<\/span>"]}},"comment_count":"0","relative_dates":{"created":"Publicado 3 anos atr\u00e1s","modified":"Atualizado 3 anos atr\u00e1s"},"absolute_dates":{"created":"Publicado em 12 de setembro de 2023","modified":"Atualizado em 12 de setembro de 2023"},"absolute_dates_time":{"created":"Publicado em 12 de setembro de 2023 13:21","modified":"Atualizado em 12 de setembro de 2023 13:21"},"featured_img_caption":"","series_order":"","_links":{"self":[{"href":"https:\/\/sindaopcpb.org.br\/index.php\/wp-json\/wp\/v2\/posts\/33971","targetHints":{"allow":["GET"]}}],"collection":[{"href":"https:\/\/sindaopcpb.org.br\/index.php\/wp-json\/wp\/v2\/posts"}],"about":[{"href":"https:\/\/sindaopcpb.org.br\/index.php\/wp-json\/wp\/v2\/types\/post"}],"author":[{"embeddable":true,"href":"https:\/\/sindaopcpb.org.br\/index.php\/wp-json\/wp\/v2\/users\/247"}],"replies":[{"embeddable":true,"href":"https:\/\/sindaopcpb.org.br\/index.php\/wp-json\/wp\/v2\/comments?post=33971"}],"version-history":[{"count":1,"href":"https:\/\/sindaopcpb.org.br\/index.php\/wp-json\/wp\/v2\/posts\/33971\/revisions"}],"predecessor-version":[{"id":33972,"href":"https:\/\/sindaopcpb.org.br\/index.php\/wp-json\/wp\/v2\/posts\/33971\/revisions\/33972"}],"wp:attachment":[{"href":"https:\/\/sindaopcpb.org.br\/index.php\/wp-json\/wp\/v2\/media?parent=33971"}],"wp:term":[{"taxonomy":"category","embeddable":true,"href":"https:\/\/sindaopcpb.org.br\/index.php\/wp-json\/wp\/v2\/categories?post=33971"},{"taxonomy":"post_tag","embeddable":true,"href":"https:\/\/sindaopcpb.org.br\/index.php\/wp-json\/wp\/v2\/tags?post=33971"}],"curies":[{"name":"wp","href":"https:\/\/api.w.org\/{rel}","templated":true}]}}