{"id":33969,"date":"2023-09-12T13:44:17","date_gmt":"2023-09-12T16:44:17","guid":{"rendered":"https:\/\/wpa.wscom.com.br\/?p=922623"},"modified":"2023-09-12T13:44:17","modified_gmt":"2023-09-12T16:44:17","slug":"rui-costa-explica-que-queda-do-fpm-nao-foi-acao-do-governo-lula-mas-diz-que-presidente-tomara-acao-e-se-sensibiliza-com-prefeitos","status":"publish","type":"post","link":"https:\/\/sindaopcpb.org.br\/index.php\/2023\/09\/12\/rui-costa-explica-que-queda-do-fpm-nao-foi-acao-do-governo-lula-mas-diz-que-presidente-tomara-acao-e-se-sensibiliza-com-prefeitos\/","title":{"rendered":"Rui Costa explica que queda do FPM n\u00e3o foi a\u00e7\u00e3o do Governo Lula, mas diz que presidente tomar\u00e1 a\u00e7\u00e3o e se \u2018sensibiliza\u2019 com prefeitos"},"content":{"rendered":"<p><span data-contrast=\"auto\">O ministro chefe da Casa Civil da Presid\u00eancia da Rep\u00fablica, Rui Costa, garantiu que at\u00e9 o fim do ano o repasse dos valores do Fundo de Participa\u00e7\u00e3o aos munic\u00edpios ser\u00e1 normalizado em todo o Brasil. O ministro explicou que a redu\u00e7\u00e3o dos valores n\u00e3o \u00e9 fruto de nenhum tipo de a\u00e7\u00e3o do governo federal, mas que o presidente Lula est\u00e1 buscando solu\u00e7\u00f5es para o problema. <\/span><span data-ccp-props=\"{&quot;201341983&quot;:0,&quot;335559739&quot;:160,&quot;335559740&quot;:259}\">\u00a0<\/span><\/p>\n<p><span data-contrast=\"auto\">De acordo com o ministro a causa da diminui\u00e7\u00e3o dos valores que vem gerando insatisfa\u00e7\u00e3o dos gestores municipais \u00e9 a queda de arrecada\u00e7\u00e3o dos impostos federais entre os meses de junho a julho. O ministro disse que entende e se sensibiliza com a dificuldade enfrentada pelos prefeitos, pois sabe que h\u00e1 muitas prefeituras que vivem quase que exclusivamente com recursos do FPM.\u00a0<\/span><\/p>\n<blockquote class=\"instagram-media\" style=\"background: #FFF; border: 0; border-radius: 3px; box-shadow: 0 0 1px 0 rgba(0,0,0,0.5),0 1px 10px 0 rgba(0,0,0,0.15); margin: 1px; max-width: 540px; min-width: 326px; padding: 0; width: calc(100% - 2px);\" data-instgrm-captioned=\"\" data-instgrm-permalink=\"https:\/\/www.instagram.com\/reel\/CxGYLmHrBwd\/?utm_source=ig_embed&amp;utm_campaign=loading\" data-instgrm-version=\"14\">\n<div style=\"padding: 16px;\">\n<p>&nbsp;<\/p>\n<div style=\"display: flex; flex-direction: row; align-items: center;\">\n<div style=\"background-color: #f4f4f4; border-radius: 50%; flex-grow: 0; height: 40px; margin-right: 14px; width: 40px;\"><\/div>\n<div style=\"display: flex; flex-direction: column; flex-grow: 1; justify-content: center;\">\n<div style=\"background-color: #f4f4f4; border-radius: 4px; flex-grow: 0; height: 14px; margin-bottom: 6px; width: 100px;\"><\/div>\n<div style=\"background-color: #f4f4f4; border-radius: 4px; flex-grow: 0; height: 14px; width: 60px;\"><\/div>\n<\/div>\n<\/div>\n<div style=\"padding: 19% 0;\"><\/div>\n<div style=\"display: block; height: 50px; margin: 0 auto 12px; width: 50px;\"><\/div>\n<div style=\"padding-top: 8px;\">\n<div style=\"color: #3897f0; font-family: Arial,sans-serif; font-size: 14px; font-style: normal; font-weight: 550; line-height: 18px;\">Ver essa foto no Instagram<\/div>\n<\/div>\n<div style=\"padding: 12.5% 0;\"><\/div>\n<div style=\"display: flex; flex-direction: row; margin-bottom: 14px; align-items: center;\">\n<div>\n<div style=\"background-color: #f4f4f4; border-radius: 50%; height: 12.5px; width: 12.5px; transform: translateX(0px) translateY(7px);\"><\/div>\n<div style=\"background-color: #f4f4f4; height: 12.5px; transform: rotate(-45deg) translateX(3px) translateY(1px); width: 12.5px; flex-grow: 0; margin-right: 14px; margin-left: 2px;\"><\/div>\n<div style=\"background-color: #f4f4f4; border-radius: 50%; height: 12.5px; width: 12.5px; transform: translateX(9px) translateY(-18px);\"><\/div>\n<\/div>\n<div style=\"margin-left: 8px;\">\n<div style=\"background-color: #f4f4f4; border-radius: 50%; flex-grow: 0; height: 20px; width: 20px;\"><\/div>\n<div style=\"width: 0; height: 0; border-top: 2px solid transparent; border-left: 6px solid #f4f4f4; border-bottom: 2px solid transparent; transform: translateX(16px) translateY(-4px) rotate(30deg);\"><\/div>\n<\/div>\n<div style=\"margin-left: auto;\">\n<div style=\"width: 0px; border-top: 8px solid #F4F4F4; border-right: 8px solid transparent; transform: translateY(16px);\"><\/div>\n<div style=\"background-color: #f4f4f4; flex-grow: 0; height: 12px; width: 16px; transform: translateY(-4px);\"><\/div>\n<div style=\"width: 0; height: 0; border-top: 8px solid #F4F4F4; border-left: 8px solid transparent; transform: translateY(-4px) translateX(8px);\"><\/div>\n<\/div>\n<\/div>\n<div style=\"display: flex; flex-direction: column; flex-grow: 1; justify-content: center; margin-bottom: 24px;\">\n<div style=\"background-color: #f4f4f4; border-radius: 4px; flex-grow: 0; height: 14px; margin-bottom: 6px; width: 224px;\"><\/div>\n<div style=\"background-color: #f4f4f4; border-radius: 4px; flex-grow: 0; height: 14px; width: 144px;\"><\/div>\n<\/div>\n<p>&nbsp;<\/p>\n<p style=\"color: #c9c8cd; font-family: Arial,sans-serif; font-size: 14px; line-height: 17px; margin-bottom: 0; margin-top: 8px; overflow: hidden; padding: 8px 0 7px; text-align: center; text-overflow: ellipsis; white-space: nowrap;\"><a style=\"color: #c9c8cd; font-family: Arial,sans-serif; font-size: 14px; font-style: normal; font-weight: normal; line-height: 17px; text-decoration: none;\" href=\"https:\/\/www.instagram.com\/reel\/CxGYLmHrBwd\/?utm_source=ig_embed&amp;utm_campaign=loading\" rel=\"noopener nofollow\" target=\"_blank\">Uma publica\u00e7\u00e3o compartilhada por Portal WSCOM (@portalwscom)<\/a><\/p>\n<\/div>\n<\/blockquote>\n<p><script async src=\"https:\/\/www.instagram.com\/embed.js\"><\/script><\/p>\n<p>O post <a rel=\"nofollow noopener\" href=\"https:\/\/wscom.com.br\/rui-costa-explica-que-queda-do-fpm-nao-foi-acao-do-governo-lula-mas-diz-que-presidente-tomara-acao-e-se-sensibiliza-com-prefeitos\/\" target=\"_blank\">Rui Costa explica que queda do FPM n\u00e3o foi a\u00e7\u00e3o do Governo Lula, mas diz que presidente tomar\u00e1 a\u00e7\u00e3o e se &#8216;sensibiliza&#8217; com prefeitos<\/a> apareceu primeiro em <a rel=\"nofollow noopener\" href=\"https:\/\/wscom.com.br\/\" target=\"_blank\">WSCOM<\/a>.<\/p>\n","protected":false},"excerpt":{"rendered":"<p>O ministro chefe da Casa Civil da Presid\u00eancia da Rep\u00fablica, Rui Costa, garantiu que at\u00e9 o fim do ano o repasse dos valores do Fundo de Participa\u00e7\u00e3o aos munic\u00edpios ser\u00e1 normalizado em todo o Brasil. O ministro explicou que a redu\u00e7\u00e3o dos valores n\u00e3o \u00e9 fruto de nenhum tipo de a\u00e7\u00e3o do governo federal, mas [\u2026]<\/p>\n<p>O post <a rel=\"nofollow\" href=\"https:\/\/wscom.com.br\/rui-costa-explica-que-queda-do-fpm-nao-foi-acao-do-governo-lula-mas-diz-que-presidente-tomara-acao-e-se-sensibiliza-com-prefeitos\/\">Rui Costa explica que queda do FPM n\u00e3o foi a\u00e7\u00e3o do Governo Lula, mas diz que presidente tomar\u00e1 a\u00e7\u00e3o e se \u2018sensibiliza\u2019 com prefeitos<\/a> apareceu primeiro em <a rel=\"nofollow\" href=\"https:\/\/wscom.com.br\/\">WSCOM<\/a>.<\/p>\n","protected":false},"author":247,"featured_media":0,"comment_status":"closed","ping_status":"closed","sticky":false,"template":"","format":"standard","meta":{"advgb_blocks_editor_width":"","advgb_blocks_columns_visual_guide":"","footnotes":""},"categories":[1517,1743,34,966,47,573],"tags":[35],"class_list":["post-33969","post","type-post","status-publish","format-standard","hentry","category-casa-civil","category-fpm","category-g1","category-ministro","category-politica","category-rui-costa","tag-g1"],"author_meta":{"display_name":"Anderson Costa","author_link":"https:\/\/sindaopcpb.org.br\/author\/anderson-costa\/"},"featured_img":null,"coauthors":[],"tax_additional":{"categories":{"linked":["<a href=\"https:\/\/sindaopcpb.org.br\/casa-civil\/\" class=\"advgb-post-tax-term\">Casa Civil<\/a>","<a href=\"https:\/\/sindaopcpb.org.br\/fpm\/\" class=\"advgb-post-tax-term\">fpm<\/a>","<a href=\"https:\/\/sindaopcpb.org.br\/g1\/\" class=\"advgb-post-tax-term\">G1<\/a>","<a href=\"https:\/\/sindaopcpb.org.br\/ministro\/\" class=\"advgb-post-tax-term\">ministro<\/a>","<a href=\"https:\/\/sindaopcpb.org.br\/politica\/\" class=\"advgb-post-tax-term\">POLITICA<\/a>","<a href=\"https:\/\/sindaopcpb.org.br\/rui-costa\/\" class=\"advgb-post-tax-term\">Rui Costa<\/a>"],"unlinked":["<span class=\"advgb-post-tax-term\">Casa Civil<\/span>","<span class=\"advgb-post-tax-term\">fpm<\/span>","<span class=\"advgb-post-tax-term\">G1<\/span>","<span class=\"advgb-post-tax-term\">ministro<\/span>","<span class=\"advgb-post-tax-term\">POLITICA<\/span>","<span class=\"advgb-post-tax-term\">Rui Costa<\/span>"]},"tags":{"linked":["<a href=\"https:\/\/sindaopcpb.org.br\/rui-costa\/\" class=\"advgb-post-tax-term\">g1<\/a>"],"unlinked":["<span class=\"advgb-post-tax-term\">g1<\/span>"]}},"comment_count":"0","relative_dates":{"created":"Publicado 3 anos atr\u00e1s","modified":"Atualizado 3 anos atr\u00e1s"},"absolute_dates":{"created":"Publicado em 12 de setembro de 2023","modified":"Atualizado em 12 de setembro de 2023"},"absolute_dates_time":{"created":"Publicado em 12 de setembro de 2023 13:44","modified":"Atualizado em 12 de setembro de 2023 13:44"},"featured_img_caption":"","series_order":"","_links":{"self":[{"href":"https:\/\/sindaopcpb.org.br\/index.php\/wp-json\/wp\/v2\/posts\/33969","targetHints":{"allow":["GET"]}}],"collection":[{"href":"https:\/\/sindaopcpb.org.br\/index.php\/wp-json\/wp\/v2\/posts"}],"about":[{"href":"https:\/\/sindaopcpb.org.br\/index.php\/wp-json\/wp\/v2\/types\/post"}],"author":[{"embeddable":true,"href":"https:\/\/sindaopcpb.org.br\/index.php\/wp-json\/wp\/v2\/users\/247"}],"replies":[{"embeddable":true,"href":"https:\/\/sindaopcpb.org.br\/index.php\/wp-json\/wp\/v2\/comments?post=33969"}],"version-history":[{"count":1,"href":"https:\/\/sindaopcpb.org.br\/index.php\/wp-json\/wp\/v2\/posts\/33969\/revisions"}],"predecessor-version":[{"id":33970,"href":"https:\/\/sindaopcpb.org.br\/index.php\/wp-json\/wp\/v2\/posts\/33969\/revisions\/33970"}],"wp:attachment":[{"href":"https:\/\/sindaopcpb.org.br\/index.php\/wp-json\/wp\/v2\/media?parent=33969"}],"wp:term":[{"taxonomy":"category","embeddable":true,"href":"https:\/\/sindaopcpb.org.br\/index.php\/wp-json\/wp\/v2\/categories?post=33969"},{"taxonomy":"post_tag","embeddable":true,"href":"https:\/\/sindaopcpb.org.br\/index.php\/wp-json\/wp\/v2\/tags?post=33969"}],"curies":[{"name":"wp","href":"https:\/\/api.w.org\/{rel}","templated":true}]}}