{"id":33958,"date":"2023-09-12T13:09:48","date_gmt":"2023-09-12T16:09:48","guid":{"rendered":"https:\/\/wpa.wscom.com.br\/?p=922618"},"modified":"2023-09-12T13:09:48","modified_gmt":"2023-09-12T16:09:48","slug":"governo-lula-lanca-pac-na-paraiba-com-obras-de-infraesrutura-ministro-nega-que-estado-tenha-sido-preterido-em-recursos","status":"publish","type":"post","link":"https:\/\/sindaopcpb.org.br\/index.php\/2023\/09\/12\/governo-lula-lanca-pac-na-paraiba-com-obras-de-infraesrutura-ministro-nega-que-estado-tenha-sido-preterido-em-recursos\/","title":{"rendered":"Governo Lula lan\u00e7a PAC na Para\u00edba com obras de infraesrutura; ministro nega que Estado tenha sido preterido em recursos"},"content":{"rendered":"<p>O ministro da Casa Civil e coordenador do Novo PAC, Rui Costa, reuniu autoridades e empres\u00e1rios paraibanos nesta ter\u00e7a-feira (12) em Jo\u00e3o Pessoa para apresentar informa\u00e7\u00f5es sobre os empreendimentos estruturantes que comp\u00f5em a carteira de investimentos do Novo PAC na Para\u00edba.<\/p>\n<p>Foram apresentadas obras de rodovias, mobilidade urbana, sa\u00fade, educa\u00e7\u00e3o, entre outros projetos que impactam diretamente a qualidade de vida da popula\u00e7\u00e3o do estado.<\/p>\n<p>Em seu discurso, Costa negou que o Estado tenha tido recursos diminu\u00eddos pelo Governo Federal.<\/p>\n<p>&#8220;De ontem para hoje, dei algumas entrevistas em Jo\u00e3o Pessoa e sempre me perguntaram sobre a compara\u00e7\u00e3o de valores entre estados. Eu disse e vou repetir aqui: o PAC foi montado respeitando o pacto federativo, restabelecendo no pa\u00eds o respeito \u00e0 decis\u00e3o do voto popular. N\u00f3s nos reunimos no m\u00ednimo quatro vezes com cada governador do Brasil, independente da filia\u00e7\u00e3o partid\u00e1ria e independente de quem seja o Presidente da Rep\u00fablica. O Lula determinou aos ministros: n\u00e3o quero saber em quem cada um votou, quero saber qual \u00e9 a necessidade que o estado ou munic\u00edpio t\u00eam para eu atender. Por isso, nos reunimos com todos os governadores, recolhemos as demandas inicialmente pelo presidente, que devem ter prioridades. A maioria, como a Para\u00edba, apresentou muito mais do que tr\u00eas obras ou tr\u00eas solicita\u00e7\u00f5es. Reunimos isso, inclu\u00edmos todas as obras que estavam paralisadas ou com andamento lento e os projetos que estavam nos minist\u00e9rios. Fizemos esse plano que est\u00e1 sendo anunciado pelo pa\u00eds\u201d, disse.<\/p>\n<p>Ele ainda afirmou que as compara\u00e7\u00f5es entre estados n\u00e3o s\u00e3o corretas pois h\u00e1 particularidades.<\/p>\n<p>\u201cMuitas vezes, a imprensa est\u00e1 comparando coisas que n\u00e3o podem ser comparadas. Vou dar um exemplo: no montante do PAC, h\u00e1 investimento de empresas p\u00fablicas como a Petrobras. No PAC s\u00e3o 300 bilh\u00f5es de reais da Petrobras. Obviamente, a Petrobras faz investimento onde ela tem refinaria, encontra g\u00e1s ou encontra petr\u00f3leo. Vou dar um exemplo do Estado de Sergipe que vi um jornalista comparando com o valor que est\u00e1 sendo investido na Para\u00edba. Em Sergipe, a Petrobras encontrou uma bacia de g\u00e1s e l\u00e1 ter\u00e1 um grande investimento da Petrobras. Vai sair esse g\u00e1s e eventualmente \u00f3leo, se confirmar tamb\u00e9m o \u00f3leo. Mais de 10 bilh\u00f5es de reais para embarca\u00e7\u00f5es, plataformas &#8211; um conjunto de investimentos. N\u00e3o pode ser na Bahia, n\u00e3o pode ser na Para\u00edba, n\u00e3o pode ser no Cear\u00e1; s\u00f3 pode ser em Sergipe, porque foi l\u00e1 que encontraram o g\u00e1s\u201d, pontuou.<\/p>\n<p>\u201cEnt\u00e3o, esses valores t\u00eam que ter essa ressalva. Sen\u00e3o, voc\u00ea est\u00e1 comparando coisas diferentes, assim como investimentos privados que precisam de alguma participa\u00e7\u00e3o do Estado ou financiamento, no licenciamento. H\u00e1 a realidade, ou seja, na medida em que muitos estudos e n\u00f3s evitamos \u2013 voc\u00ea sabe que j\u00e1 tornamos isso p\u00fablico \u2013 n\u00f3s evitamos incluir no PAC aqueles projetos que ainda estavam incipientes&#8221;, finzlizou.<\/p>\n<p>&nbsp;<\/p>\n<p>Entre os destaques est\u00e3o a duplica\u00e7\u00e3o da BR-230, entre Campina Grande e Farinha, e a adequa\u00e7\u00e3o do trecho entre Cabedelo e Oitizeiro. Na \u00e1rea da Sa\u00fade, a constru\u00e7\u00e3o do Hospital de Cl\u00ednicas e Traumatologia do Sert\u00e3o Paraibano vai interiorizar procedimentos de m\u00e9dia e alta complexidade, levando mais qualidade de atendimento m\u00e9dico \u00e0 regi\u00e3o. Os hospitais universit\u00e1rios da UFPB, UFCG e IHUAC tamb\u00e9m ser\u00e3o ampliados.<\/p>\n<p>Na \u00e1rea habitacional, o Programa Minha Casa Minha Vida vai entregar mais de 6 mil im\u00f3veis na Para\u00edba. Destes, mais de 2.300 ser\u00e3o retomados e conclu\u00eddos e mais de 3.800 devem ter as obras iniciadas e entregues pelo Novo PAC.<\/p>\n<p>Os investimentos em educa\u00e7\u00e3o v\u00e3o levar internet banda larga para mais de 3.800 escolas em todo o estado. Uma Infovia estadual, com mais de 2 mil km de fibra \u00f3tica, ser\u00e1 constru\u00edda levando mais conectividade \u00e0 Para\u00edba. Para a educa\u00e7\u00e3o b\u00e1sica est\u00e3o listadas mais de 260 obras em 154 munic\u00edpios, entre escolas, creches e quadras.<\/p>\n<p>No \u00e2mbito do Projeto de Integra\u00e7\u00e3o do Rio S\u00e3o Francisco, h\u00e1 obra de manuten\u00e7\u00e3o, de amplia\u00e7\u00e3o de capacidade de bombeamento, recupera\u00e7\u00e3o de barragens, esta\u00e7\u00f5es, diques e galerias. Est\u00e1 prevista tamb\u00e9m a amplia\u00e7\u00e3o do sistema de esgotamento sanit\u00e1rio em Jo\u00e3o Pessoa e a concess\u00e3o de saneamento b\u00e1sico em 93 munic\u00edpios.<\/p>\n<p>O Novo PAC vai investir R$ 1,7 trilh\u00e3o em todos os estados do Brasil. O programa \u00e9 baseado em uma forte parceria entre governo federal, estados, munic\u00edpios, setor privado e movimentos sociais para acelerar o crescimento do pa\u00eds e gerar emprego e renda.<\/p>\n<p>Destaques na Para\u00edba:<\/p>\n<p>&#8211; Duplica\u00e7\u00e3o da BR-230\/PB (Campina Grande &#8211; Farinha);<br \/>\n&#8211; Adequa\u00e7\u00e3o da BR-230\/PB (Cabedelo \u2013 Oitizeiro);<br \/>\n&#8211; Vertentes Litor\u00e2neas da Para\u00edba &#8211; Trechos I e II &#8211; 131 km;<br \/>\n&#8211; Adutora do Brejo &#8211; 40 km;<br \/>\n&#8211; Adutora Transpara\u00edba &#8211; Ramal Curimata\u00fa \/ 2\u00aa Etapa &#8211; 182 km;<br \/>\n&#8211; Hospital de Cl\u00ednicas e Traumatologia do Sert\u00e3o Paraibano &#8211; Patos\/PB;<br \/>\n&#8211; Amplia\u00e7\u00e3o Hospitais Universit\u00e1rios de UFPB, UFCG e IHUAC;<br \/>\n&#8211; Moradias do Programa Minha Casa Minha Vida;<br \/>\n&#8211; Infovia estadual e internet em\u00a03.836\u00a0escolas.<\/p>\n<p>&nbsp;<\/p>\n<p>O post <a rel=\"nofollow noopener\" href=\"https:\/\/wscom.com.br\/governo-lula-lanca-pac-na-paraiba-com-obras-de-infraesrutura-ministro-nega-que-estado-tenha-sido-preterido-em-recursos\/\" target=\"_blank\">Governo Lula lan\u00e7a PAC na Para\u00edba com obras de infraesrutura; ministro nega que Estado tenha sido preterido em recursos<\/a> apareceu primeiro em <a rel=\"nofollow noopener\" href=\"https:\/\/wscom.com.br\/\" target=\"_blank\">WSCOM<\/a>.<\/p>\n","protected":false},"excerpt":{"rendered":"<p>O ministro da Casa Civil e coordenador do Novo PAC, Rui Costa, reuniu autoridades e empres\u00e1rios paraibanos nesta ter\u00e7a-feira (12) em Jo\u00e3o Pessoa para apresentar informa\u00e7\u00f5es sobre os empreendimentos estruturantes que comp\u00f5em a carteira de investimentos do Novo PAC na Para\u00edba. Foram apresentadas obras de rodovias, mobilidade urbana, sa\u00fade, educa\u00e7\u00e3o, entre outros projetos que impactam [\u2026]<\/p>\n<p>O post <a rel=\"nofollow\" href=\"https:\/\/wscom.com.br\/governo-lula-lanca-pac-na-paraiba-com-obras-de-infraesrutura-ministro-nega-que-estado-tenha-sido-preterido-em-recursos\/\">Governo Lula lan\u00e7a PAC na Para\u00edba com obras de infraesrutura; ministro nega que Estado tenha sido preterido em recursos<\/a> apareceu primeiro em <a rel=\"nofollow\" href=\"https:\/\/wscom.com.br\/\">WSCOM<\/a>.<\/p>\n","protected":false},"author":50,"featured_media":0,"comment_status":"closed","ping_status":"closed","sticky":false,"template":"","format":"standard","meta":{"advgb_blocks_editor_width":"","advgb_blocks_columns_visual_guide":"","footnotes":""},"categories":[34,343,54,47],"tags":[35],"class_list":["post-33958","post","type-post","status-publish","format-standard","hentry","category-g1","category-pac","category-paraiba","category-politica","tag-g1"],"author_meta":{"display_name":"Wallyson","author_link":"https:\/\/sindaopcpb.org.br\/author\/wallyson\/"},"featured_img":null,"coauthors":[],"tax_additional":{"categories":{"linked":["<a href=\"https:\/\/sindaopcpb.org.br\/g1\/\" class=\"advgb-post-tax-term\">G1<\/a>","<a href=\"https:\/\/sindaopcpb.org.br\/pac\/\" class=\"advgb-post-tax-term\">pac<\/a>","<a href=\"https:\/\/sindaopcpb.org.br\/paraiba\/\" class=\"advgb-post-tax-term\">Para\u00edba<\/a>","<a href=\"https:\/\/sindaopcpb.org.br\/politica\/\" class=\"advgb-post-tax-term\">POLITICA<\/a>"],"unlinked":["<span class=\"advgb-post-tax-term\">G1<\/span>","<span class=\"advgb-post-tax-term\">pac<\/span>","<span class=\"advgb-post-tax-term\">Para\u00edba<\/span>","<span class=\"advgb-post-tax-term\">POLITICA<\/span>"]},"tags":{"linked":["<a href=\"https:\/\/sindaopcpb.org.br\/politica\/\" class=\"advgb-post-tax-term\">g1<\/a>"],"unlinked":["<span class=\"advgb-post-tax-term\">g1<\/span>"]}},"comment_count":"0","relative_dates":{"created":"Publicado 3 anos atr\u00e1s","modified":"Atualizado 3 anos atr\u00e1s"},"absolute_dates":{"created":"Publicado em 12 de setembro de 2023","modified":"Atualizado em 12 de setembro de 2023"},"absolute_dates_time":{"created":"Publicado em 12 de setembro de 2023 13:09","modified":"Atualizado em 12 de setembro de 2023 13:09"},"featured_img_caption":"","series_order":"","_links":{"self":[{"href":"https:\/\/sindaopcpb.org.br\/index.php\/wp-json\/wp\/v2\/posts\/33958","targetHints":{"allow":["GET"]}}],"collection":[{"href":"https:\/\/sindaopcpb.org.br\/index.php\/wp-json\/wp\/v2\/posts"}],"about":[{"href":"https:\/\/sindaopcpb.org.br\/index.php\/wp-json\/wp\/v2\/types\/post"}],"author":[{"embeddable":true,"href":"https:\/\/sindaopcpb.org.br\/index.php\/wp-json\/wp\/v2\/users\/50"}],"replies":[{"embeddable":true,"href":"https:\/\/sindaopcpb.org.br\/index.php\/wp-json\/wp\/v2\/comments?post=33958"}],"version-history":[{"count":2,"href":"https:\/\/sindaopcpb.org.br\/index.php\/wp-json\/wp\/v2\/posts\/33958\/revisions"}],"predecessor-version":[{"id":33973,"href":"https:\/\/sindaopcpb.org.br\/index.php\/wp-json\/wp\/v2\/posts\/33958\/revisions\/33973"}],"wp:attachment":[{"href":"https:\/\/sindaopcpb.org.br\/index.php\/wp-json\/wp\/v2\/media?parent=33958"}],"wp:term":[{"taxonomy":"category","embeddable":true,"href":"https:\/\/sindaopcpb.org.br\/index.php\/wp-json\/wp\/v2\/categories?post=33958"},{"taxonomy":"post_tag","embeddable":true,"href":"https:\/\/sindaopcpb.org.br\/index.php\/wp-json\/wp\/v2\/tags?post=33958"}],"curies":[{"name":"wp","href":"https:\/\/api.w.org\/{rel}","templated":true}]}}