{"id":33955,"date":"2023-09-12T11:47:22","date_gmt":"2023-09-12T14:47:22","guid":{"rendered":"https:\/\/www.infomoney.com.br\/?p=2239718"},"modified":"2023-09-12T11:47:22","modified_gmt":"2023-09-12T14:47:22","slug":"marina-defende-decisoes-tecnicas-do-ibama-e-diz-que-licenciamento-tem-carater-benefico","status":"publish","type":"post","link":"https:\/\/sindaopcpb.org.br\/index.php\/2023\/09\/12\/marina-defende-decisoes-tecnicas-do-ibama-e-diz-que-licenciamento-tem-carater-benefico\/","title":{"rendered":"Marina defende decis\u00f5es \u201ct\u00e9cnicas\u201d do Ibama e diz que licenciamento tem car\u00e1ter ben\u00e9fico"},"content":{"rendered":"<p><img loading=\"lazy\" width=\"300\" height=\"225\" src=\"https:\/\/www.infomoney.com.br\/wp-content\/uploads\/2023\/01\/marina_silva1.jpg?fit=300%2C225&amp;quality=70&amp;strip=all\" class=\"attachment-medium size-medium wp-post-image\" alt=\"\" decoding=\"async\" style=\"float:right; margin:0 0 10px 10px;\" srcset=\"https:\/\/www.infomoney.com.br\/wp-content\/uploads\/2023\/01\/marina_silva1.jpg?w=1024&amp;quality=70&amp;strip=all 1024w, https:\/\/www.infomoney.com.br\/wp-content\/uploads\/2023\/01\/marina_silva1.jpg?w=300&amp;quality=70&amp;strip=all 300w, https:\/\/www.infomoney.com.br\/wp-content\/uploads\/2023\/01\/marina_silva1.jpg?w=768&amp;quality=70&amp;strip=all 768w, https:\/\/www.infomoney.com.br\/wp-content\/uploads\/2023\/01\/marina_silva1.jpg?w=150&amp;quality=70&amp;strip=all 150w\" sizes=\"auto, (max-width: 300px) 100vw, 300px\" data-attachment-id=\"2022841\" data-permalink=\"https:\/\/www.infomoney.com.br\/?attachment_id=2022841\" data-orig-file=\"https:\/\/www.infomoney.com.br\/wp-content\/uploads\/2023\/01\/marina_silva1.jpg?fit=1024%2C768&amp;quality=70&amp;strip=all\" data-orig-size=\"1024,768\" data-comments-opened=\"0\" data-image-meta=\"{&quot;aperture&quot;:&quot;3.5&quot;,&quot;credit&quot;:&quot;Valter Campanato\\\/Ag\\u00eancia Brasil&quot;,&quot;camera&quot;:&quot;Canon EOS-1D X&quot;,&quot;caption&quot;:&quot;A ministra do Meio Ambiente, Marina Silva, assume o cargo, durante cerim\\u00f4nia de transmiss\\u00e3o, no Sal\\u00e3o Nobre no Pal\\u00e1cio do Planalto&quot;,&quot;created_timestamp&quot;:&quot;1672851387&quot;,&quot;copyright&quot;:&quot;Ag\\u00eancia Brasil\\\/EBC&quot;,&quot;focal_length&quot;:&quot;168&quot;,&quot;iso&quot;:&quot;1000&quot;,&quot;shutter_speed&quot;:&quot;0.005&quot;,&quot;title&quot;:&quot;&quot;,&quot;orientation&quot;:&quot;1&quot;}\" data-image-title=\"Marina Silva\" data-image-description=\"\" data-image-caption=\"&lt;p&gt;A ministra do Meio Ambiente, Marina Silva (Rede), assume o cargo, durante cerim\u00f4nia de transmiss\u00e3o, no Sal\u00e3o Nobre no Pal\u00e1cio do Planalto (Foto: Valter Campanato\/Ag\u00eancia Brasil)&lt;\/p&gt;\n\" data-medium-file=\"https:\/\/www.infomoney.com.br\/wp-content\/uploads\/2023\/01\/marina_silva1.jpg?fit=300%2C225&amp;quality=70&amp;strip=all\" data-large-file=\"https:\/\/www.infomoney.com.br\/wp-content\/uploads\/2023\/01\/marina_silva1.jpg?fit=1024%2C768&amp;quality=70&amp;strip=all\" title=\"\"><\/p>\n<p>A ministra do Meio Ambiente e Mudan&ccedil;a do Clima, Marina Silva, voltou a defender nesta ter&ccedil;a-feira (12) o Instituto Brasileiro do Meio Ambiente e dos Recursos Naturais Renov&aacute;veis (Ibama) como um &oacute;rg&atilde;o que toma &ldquo;decis&otilde;es t&eacute;cnicas&rdquo;, e n&atilde;o &ldquo;pol&iacute;ticas&rdquo;, meses ap&oacute;s a autarquia negar atividades explorat&oacute;rias de petr&oacute;leo na regi&atilde;o da foz do Rio Amazonas, parte da Margem Equatorial, &aacute;rea apontada como de alto potencial petrol&iacute;fero.<\/p>\n<p>Falando a senadores em audi&ecirc;ncia na Comiss&atilde;o de Infraestrutura do Senado sobre a possibilidade de explora&ccedil;&atilde;o de petr&oacute;leo no Amap&aacute;, Marina destacou que os processos de licenciamento realizados pelo Ibama &ldquo;n&atilde;o dificultam, nem facilitam&rdquo; a execu&ccedil;&atilde;o de empreendimentos e que s&atilde;o ben&eacute;ficos por protegerem o meio ambiente e permitirem uma maior &ldquo;economicidade&rdquo; das atividades.<\/p>\n<p>&ldquo;N&oacute;s temos algumas institui&ccedil;&otilde;es que n&atilde;o agem por decis&otilde;es pol&iacute;ticas. O Ibama &eacute; uma delas&hellip; Como eu disse, &eacute; uma decis&atilde;o t&eacute;cnica&rdquo;, disse Marina aos senadores.<\/p>\n<p>&ldquo;O processo de licenciamento eu considero que seja igualmente ben&eacute;fico, tanto quando ele protege o meio ambiente como quando propicia aos empreendimentos uma s&eacute;rie de benef&iacute;cios para que possa ser feito com mais economicidade&rdquo;, acrescentou.<\/p>\n<p>A ministra enfatizou, no entanto, que n&atilde;o cabe ao Ibama ou a seu minist&eacute;rio determinar se o Brasil deve continuar explorando petr&oacute;leo em territ&oacute;rio nacional, mas sim ao Conselho Nacional de Pol&iacute;tica Energ&eacute;tica (CNPE), e que como membro votante do &oacute;rg&atilde;o, sua pasta se posicionar&aacute; sobre a quest&atilde;o.<\/p>\n<p>Ela afirmou que o Brasil tem vantagens comparativas em rela&ccedil;&atilde;o a outros pa&iacute;ses para realizar a transi&ccedil;&atilde;o energ&eacute;tica e tornar a matriz do pa&iacute;s 100% limpa, uma ambi&ccedil;&atilde;o que o pr&oacute;prio presidente Luiz In&aacute;cio Lula da Silva j&aacute; manifestou.<\/p>\n<p>&ldquo;N&atilde;o &eacute; o Ibama ou o minist&eacute;rio que decide qual &eacute; a matriz energ&eacute;tica brasileira, mas o pr&oacute;prio presidente Lula disse que ele quer que a nossa matriz energ&eacute;tica seja 100% limpa para que sejamos grande exportadores de sustentabilidade&rdquo;, disse.<\/p>\n<p>A discuss&atilde;o sobre a explora&ccedil;&atilde;o de petr&oacute;leo na foz do Amazonas, em uma &aacute;rea localizada no Estado do Amap&aacute;, tem gerado discord&acirc;ncias internas no governo nos &uacute;ltimos meses.<\/p>\n<p>Enquanto a Petrobras e o Minist&eacute;rio de Minas e Energia t&ecirc;m se posicionado de forma favor&aacute;vel a pesquisas e a possibilidade de explora&ccedil;&atilde;o sustent&aacute;vel na regi&atilde;o, a a&ccedil;&atilde;o encontra resist&ecirc;ncia no Minist&eacute;rio do Meio Ambiente e Mudan&ccedil;a do Clima.<\/p>\n<p>Na segunda-feira, falando a jornalistas ap&oacute;s a c&uacute;pula do G20, na &Iacute;ndia, Lula disse que o Brasil dever&aacute; &ldquo;pesquisar&rdquo; a Margem Equatorial apesar de negativas do Ibama e que n&atilde;o pode haver proibi&ccedil;&atilde;o em fazer pesquisas.<\/p>\n<p>&ldquo;O Brasil n&atilde;o vai deixar de pesquisar a Margem Equatorial. Se encontrar a riqueza que pressup&otilde;e-se que exista l&aacute;, a&iacute; &eacute; uma decis&atilde;o de Estado se voc&ecirc; vai explorar ou n&atilde;o. Mas veja, &eacute; uma explora&ccedil;&atilde;o a 575 km da margem do Amazonas&rdquo;, disse o presidente.<\/p>\n<\/p>\n<div class=\"cta-end\">\n<div class=\"im-cta\" >\n<div class=\"im-shortcode-forms bg-light bg-opacity-25 border rounded-4 p-3 p-sm-4 p-md-3 p-lg-4 px-xxl-5 my-5\" data-configuration='{\"form_name\":false,\"form_hat\":\"Newsletter\",\"form_email\":true,\"form_icon\":\"newsletter\",\"form_phone\":false,\"form_campaign\":\"NIM\",\"form_thankyou\":\"\",\"form_journey\":\"APIEvent-26a5198d-8e09-06ef-5f80-cd9127757ad1\",\"form_button\":\"Quero receber\",\"form_context\":\"newsletter\",\"form_origin\":\"https:\\\/\\\/www.infomoney.com.br\\\/politica\\\/feed\\\/?utm_medium=materia&#038;utm_source=infomoney&#038;utm_campaign=NIM&#038;utm_term=politica&#038;utm_content=newsletter\",\"form_position\":\"final\",\"form_category\":\"cta_form\"}'>\n<div class=\"d-flex flex-column align-items-center align-items-lg-start mb-4 flex-lg-row\">\n<div class=\"rounded-circle mb-2 mb-lg-0 mr-lg-4 me-lg-4 p-3 p-lg-4 bg-blue-400\"><svg width=\"40\" height=\"40\" viewBox=\"0 0 40 40\" fill=\"none\" xmlns=\"http:\/\/www.w3.org\/2000\/svg\"><path d=\"M20 20.25 6.042 11.042v19.041c0 .167.048.299.146.396a.535.535 0 0 0 .395.146h15.792V32.5H6.583a2.328 2.328 0 0 1-1.708-.708 2.328 2.328 0 0 1-.708-1.709V9.917c0-.667.236-1.236.708-1.709A2.328 2.328 0 0 1 6.583 7.5h26.834c.666 0 1.236.236 1.708.708a2.33 2.33 0 0 1 .708 1.709v12.458h-1.875V11.042L20 20.25Zm0-2 13.667-8.875H6.333L20 18.25Zm11.75 18.958-1.292-1.333 3.334-3.375h-9v-1.875h9l-3.375-3.417 1.333-1.291 5.667 5.625-5.667 5.666ZM6.042 11.042v20.791-9.458.25-13.25 1.667Z\" fill=\"#fff\"\/><\/svg><\/div>\n<div class=\"flex-fill text-center text-lg-left\">\n<div class=\"h6 small text-orange-700 lh-base mb-1\">Newsletter<\/div>\n<div class=\"text-body h4 m-0\">Infomorning<\/div>\n<div class=\"text-body small lh-base mt-2\">Receba no seu e-mail logo pela manh&atilde; as not&iacute;cias que v&atilde;o mexer com os mercados, com os seus investimentos e o seu bolso durante o dia<\/div>\n<\/div>\n<\/div>\n<\/div>\n<\/div>\n<\/div>\n<p>The post <a rel=\"nofollow noopener\" href=\"https:\/\/www.infomoney.com.br\/politica\/marina-defende-decisoes-tecnicas-do-ibama-e-diz-que-licenciamento-tem-carater-benefico\/\" target=\"_blank\">Marina defende decis\u00f5es &#8220;t\u00e9cnicas&#8221; do Ibama e diz que licenciamento tem car\u00e1ter ben\u00e9fico<\/a> appeared first on <a rel=\"nofollow noopener\" href=\"https:\/\/www.infomoney.com.br\/\" target=\"_blank\">InfoMoney<\/a>.<\/p>\n","protected":false},"excerpt":{"rendered":"<p><img loading=\"lazy\" decoding=\"async\" width=\"300\" height=\"225\" src=\"https:\/\/www.infomoney.com.br\/wp-content\/uploads\/2023\/01\/marina_silva1.jpg?fit=300%2C225&amp;quality=70&amp;strip=all\" class=\"attachment-medium size-medium wp-post-image\" alt=\"\" data-attachment-id=\"2022841\" data-permalink=\"https:\/\/www.infomoney.com.br\/?attachment_id=2022841\" data-orig-file=\"https:\/\/www.infomoney.com.br\/wp-content\/uploads\/2023\/01\/marina_silva1.jpg?fit=1024%2C768&amp;quality=70&amp;strip=all\" data-orig-size=\"1024,768\" data-comments-opened=\"0\" data-image-meta='{\"aperture\":\"3.5\",\"credit\":\"Valter Campanato\\\/Ag\\u00eancia Brasil\",\"camera\":\"Canon EOS-1D X\",\"caption\":\"A ministra do Meio Ambiente, Marina Silva, assume o cargo, durante cerim\\u00f4nia de transmiss\\u00e3o, no Sal\\u00e3o Nobre no Pal\\u00e1cio do Planalto\",\"created_timestamp\":\"1672851387\",\"copyright\":\"Ag\\u00eancia Brasil\\\/EBC\",\"focal_length\":\"168\",\"iso\":\"1000\",\"shutter_speed\":\"0.005\",\"title\":\"\",\"orientation\":\"1\"}' data-image-title=\"Marina Silva\" data-image-description=\"\" data-image-caption=\"&lt;p&gt;A ministra do Meio Ambiente, Marina Silva (Rede), assume o cargo, durante cerim\u00f4nia de transmiss\u00e3o, no Sal\u00e3o Nobre no Pal\u00e1cio do Planalto (Foto: Valter Campanato\/Ag\u00eancia Brasil)&lt;\/p&gt;\n\" data-medium-file=\"https:\/\/www.infomoney.com.br\/wp-content\/uploads\/2023\/01\/marina_silva1.jpg?fit=300%2C225&amp;quality=70&amp;strip=all\" data-large-file=\"https:\/\/www.infomoney.com.br\/wp-content\/uploads\/2023\/01\/marina_silva1.jpg?fit=1024%2C768&amp;quality=70&amp;strip=all\">Ministra enfatizou que n\u00e3o cabe ao seu minist\u00e9rio determinar se o Brasil deve continuar explorando petr\u00f3leo em territ\u00f3rio nacional<\/p>\n<p>The post <a rel=\"nofollow\" href=\"https:\/\/www.infomoney.com.br\/politica\/marina-defende-decisoes-tecnicas-do-ibama-e-diz-que-licenciamento-tem-carater-benefico\/\">Marina defende decis\u00f5es \u201ct\u00e9cnicas\u201d do Ibama e diz que licenciamento tem car\u00e1ter ben\u00e9fico<\/a> appeared first on <a rel=\"nofollow\" href=\"https:\/\/www.infomoney.com.br\/\">InfoMoney<\/a>.<\/p>\n","protected":false},"author":46,"featured_media":0,"comment_status":"closed","ping_status":"closed","sticky":false,"template":"","format":"standard","meta":{"advgb_blocks_editor_width":"","advgb_blocks_columns_visual_guide":"","footnotes":""},"categories":[34,645,5323,2378,2888,646,47],"tags":[35],"class_list":["post-33955","post","type-post","status-publish","format-standard","hentry","category-g1","category-ibama","category-margem-equatorial","category-marina-silva","category-ministerio-do-meio-ambiente","category-petroleo","category-politica","tag-g1"],"author_meta":{"display_name":"Reuters","author_link":"https:\/\/sindaopcpb.org.br\/author\/reuters\/"},"featured_img":null,"coauthors":[],"tax_additional":{"categories":{"linked":["<a href=\"https:\/\/sindaopcpb.org.br\/g1\/\" class=\"advgb-post-tax-term\">G1<\/a>","<a href=\"https:\/\/sindaopcpb.org.br\/ibama\/\" class=\"advgb-post-tax-term\">Ibama<\/a>","<a href=\"https:\/\/sindaopcpb.org.br\/margem-equatorial\/\" class=\"advgb-post-tax-term\">Margem Equatorial<\/a>","<a href=\"https:\/\/sindaopcpb.org.br\/marina-silva\/\" class=\"advgb-post-tax-term\">Marina Silva<\/a>","<a href=\"https:\/\/sindaopcpb.org.br\/ministerio-do-meio-ambiente\/\" class=\"advgb-post-tax-term\">Minist\u00e9rio do Meio Ambiente<\/a>","<a href=\"https:\/\/sindaopcpb.org.br\/petroleo\/\" class=\"advgb-post-tax-term\">Petr\u00f3leo<\/a>","<a href=\"https:\/\/sindaopcpb.org.br\/politica\/\" class=\"advgb-post-tax-term\">POLITICA<\/a>"],"unlinked":["<span class=\"advgb-post-tax-term\">G1<\/span>","<span class=\"advgb-post-tax-term\">Ibama<\/span>","<span class=\"advgb-post-tax-term\">Margem Equatorial<\/span>","<span class=\"advgb-post-tax-term\">Marina Silva<\/span>","<span class=\"advgb-post-tax-term\">Minist\u00e9rio do Meio Ambiente<\/span>","<span class=\"advgb-post-tax-term\">Petr\u00f3leo<\/span>","<span class=\"advgb-post-tax-term\">POLITICA<\/span>"]},"tags":{"linked":["<a href=\"https:\/\/sindaopcpb.org.br\/politica\/\" class=\"advgb-post-tax-term\">g1<\/a>"],"unlinked":["<span class=\"advgb-post-tax-term\">g1<\/span>"]}},"comment_count":"0","relative_dates":{"created":"Publicado 3 anos atr\u00e1s","modified":"Atualizado 3 anos atr\u00e1s"},"absolute_dates":{"created":"Publicado em 12 de setembro de 2023","modified":"Atualizado em 12 de setembro de 2023"},"absolute_dates_time":{"created":"Publicado em 12 de setembro de 2023 11:47","modified":"Atualizado em 12 de setembro de 2023 11:47"},"featured_img_caption":"","series_order":"","_links":{"self":[{"href":"https:\/\/sindaopcpb.org.br\/index.php\/wp-json\/wp\/v2\/posts\/33955","targetHints":{"allow":["GET"]}}],"collection":[{"href":"https:\/\/sindaopcpb.org.br\/index.php\/wp-json\/wp\/v2\/posts"}],"about":[{"href":"https:\/\/sindaopcpb.org.br\/index.php\/wp-json\/wp\/v2\/types\/post"}],"author":[{"embeddable":true,"href":"https:\/\/sindaopcpb.org.br\/index.php\/wp-json\/wp\/v2\/users\/46"}],"replies":[{"embeddable":true,"href":"https:\/\/sindaopcpb.org.br\/index.php\/wp-json\/wp\/v2\/comments?post=33955"}],"version-history":[{"count":1,"href":"https:\/\/sindaopcpb.org.br\/index.php\/wp-json\/wp\/v2\/posts\/33955\/revisions"}],"predecessor-version":[{"id":33956,"href":"https:\/\/sindaopcpb.org.br\/index.php\/wp-json\/wp\/v2\/posts\/33955\/revisions\/33956"}],"wp:attachment":[{"href":"https:\/\/sindaopcpb.org.br\/index.php\/wp-json\/wp\/v2\/media?parent=33955"}],"wp:term":[{"taxonomy":"category","embeddable":true,"href":"https:\/\/sindaopcpb.org.br\/index.php\/wp-json\/wp\/v2\/categories?post=33955"},{"taxonomy":"post_tag","embeddable":true,"href":"https:\/\/sindaopcpb.org.br\/index.php\/wp-json\/wp\/v2\/tags?post=33955"}],"curies":[{"name":"wp","href":"https:\/\/api.w.org\/{rel}","templated":true}]}}