{"id":33953,"date":"2023-09-12T11:51:00","date_gmt":"2023-09-12T14:51:00","guid":{"rendered":"https:\/\/www.infomoney.com.br\/?p=2239719"},"modified":"2023-09-12T11:51:00","modified_gmt":"2023-09-12T14:51:00","slug":"consultoria-de-orcamento-da-camara-diz-que-veto-de-lula-em-arcabouco-fragiliza-regra","status":"publish","type":"post","link":"https:\/\/sindaopcpb.org.br\/index.php\/2023\/09\/12\/consultoria-de-orcamento-da-camara-diz-que-veto-de-lula-em-arcabouco-fragiliza-regra\/","title":{"rendered":"Consultoria de Or\u00e7amento da C\u00e2mara diz que veto de Lula em arcabou\u00e7o fragiliza regra"},"content":{"rendered":"<p><img loading=\"lazy\" width=\"300\" height=\"225\" src=\"https:\/\/www.infomoney.com.br\/wp-content\/uploads\/2023\/04\/ja_2180.jpg?fit=300%2C225&amp;quality=70&amp;strip=all\" class=\"attachment-medium size-medium wp-post-image\" alt=\"Bras\u00edlia (DF) 10-04-2023 - O presidente Luiz In\u00e1cio Lula da Silva participa no Pal\u00e1cio do Planalto da Reuni\u00e3o ministerial dos 100 dias de governo. Foto: Jo\u00e9dson Alves\/Ag\u00eancia Brasil\" decoding=\"async\" style=\"float:right; margin:0 0 10px 10px;\" srcset=\"https:\/\/www.infomoney.com.br\/wp-content\/uploads\/2023\/04\/ja_2180.jpg?w=1024&amp;quality=70&amp;strip=all 1024w, https:\/\/www.infomoney.com.br\/wp-content\/uploads\/2023\/04\/ja_2180.jpg?w=300&amp;quality=70&amp;strip=all 300w, https:\/\/www.infomoney.com.br\/wp-content\/uploads\/2023\/04\/ja_2180.jpg?w=768&amp;quality=70&amp;strip=all 768w, https:\/\/www.infomoney.com.br\/wp-content\/uploads\/2023\/04\/ja_2180.jpg?w=150&amp;quality=70&amp;strip=all 150w\" sizes=\"auto, (max-width: 300px) 100vw, 300px\" data-attachment-id=\"2103809\" data-permalink=\"https:\/\/www.infomoney.com.br\/_ja_2180\/\" data-orig-file=\"https:\/\/www.infomoney.com.br\/wp-content\/uploads\/2023\/04\/ja_2180.jpg?fit=1024%2C768&amp;quality=70&amp;strip=all\" data-orig-size=\"1024,768\" data-comments-opened=\"0\" data-image-meta=\"{&quot;aperture&quot;:&quot;4&quot;,&quot;credit&quot;:&quot;&quot;,&quot;camera&quot;:&quot;Canon EOS 5D Mark IV&quot;,&quot;caption&quot;:&quot;&quot;,&quot;created_timestamp&quot;:&quot;1681127125&quot;,&quot;copyright&quot;:&quot;&quot;,&quot;focal_length&quot;:&quot;600&quot;,&quot;iso&quot;:&quot;800&quot;,&quot;shutter_speed&quot;:&quot;0.003125&quot;,&quot;title&quot;:&quot;&quot;,&quot;orientation&quot;:&quot;1&quot;}\" data-image-title=\"Bras\u00edlia (DF) 10-04-2023 &#8211; O presidente Luiz In\u00e1cio Lula da Silva participa no Pal\u00e1cio do Planalto da Reuni\u00e3o ministerial dos 100 dias de governo. Foto: Jo\u00e9dson Alves\/Ag\u00eancia Brasil\" data-image-description=\"&lt;p&gt;Bras\u00edlia (DF) 10-04-2023 &#8211; O presidente Luiz In\u00e1cio Lula da Silva participa no Pal\u00e1cio do Planalto da Reuni\u00e3o ministerial dos 100 dias de governo. Foto: Jo\u00e9dson Alves\/Ag\u00eancia Brasil&lt;\/p&gt;\n\" data-image-caption=\"&lt;p&gt;Bras\u00edlia (DF) 10-04-2023 &#8211; O presidente Luiz In\u00e1cio Lula da Silva participa no Pal\u00e1cio do Planalto da Reuni\u00e3o ministerial dos 100 dias de governo. Foto: Jo\u00e9dson Alves\/Ag\u00eancia Brasil&lt;\/p&gt;\n\" data-medium-file=\"https:\/\/www.infomoney.com.br\/wp-content\/uploads\/2023\/04\/ja_2180.jpg?fit=300%2C225&amp;quality=70&amp;strip=all\" data-large-file=\"https:\/\/www.infomoney.com.br\/wp-content\/uploads\/2023\/04\/ja_2180.jpg?fit=1024%2C768&amp;quality=70&amp;strip=all\" title=\"\"><\/p>\n<p>A Consultoria de Or&ccedil;amento e Fiscaliza&ccedil;&atilde;o Financeira da C&acirc;mara dos Deputados publicou nota t&eacute;cnica em que avalia que um dos dois vetos do presidente da Rep&uacute;blica, Luiz In&aacute;cio Lula da Silva, &agrave; lei do novo arcabou&ccedil;o fiscal fragiliza a nova regra fiscal. Os t&eacute;cnicos questionam o veto ao artigo que proibia o governo de propor quaisquer novas exce&ccedil;&otilde;es &agrave; meta de resultado prim&aacute;rio a cada lei anual de diretrizes or&ccedil;ament&aacute;rias (LDO).<\/p>\n<p>Segundo o documento, o veto n&atilde;o se mostra compat&iacute;vel com os fundamentos do novo arcabou&ccedil;o fiscal. &ldquo;Permitir que as LDOs possam abater determinadas despesas da apura&ccedil;&atilde;o da meta fragiliza o esp&iacute;rito da regra fiscal, reduz a transpar&ecirc;ncia da gest&atilde;o e cria precedente que tende a ser ampliado ao longo dos anos, como ocorreu em per&iacute;odo passado&rdquo;, alertam os t&eacute;cnicos.<\/p>\n<p>A nota lista as diversas vezes em que governos utilizaram o expediente para burlar as metas de prim&aacute;rio. Por exemplo, a LDO de 2006 excluiu da meta R$ 3 bilh&otilde;es em favor dos projetos do Plano Piloto de Investimento (PPI), chegando a uma redu&ccedil;&atilde;o de R$ 15,57 bilh&otilde;es em 2009. Em 2010 a LDO excluiu da meta gastos de R$ 28,9 bilh&otilde;es referentes ao Programa de Acelera&ccedil;&atilde;o do Crescimento (PAC), respectivos restos a pagar e excesso de meta do ano anterior. Em 2014 o montante abatido com PAC e desonera&ccedil;&otilde;es chegou a R$ 67 bilh&otilde;es.<\/p>\n<p>&ldquo;A possibilidade de excluir despesas para aferimento do cumprimento da meta prim&aacute;ria reduz a previsibilidade dos objetivos econ&ocirc;micos a serem perseguidos. A meta prim&aacute;ria &eacute; um sinalizador da pol&iacute;tica fiscal e s&oacute; ser&aacute; efetiva como tal se o compromisso expresso for cr&iacute;vel&rdquo;, completam os t&eacute;cnicos. Em caso de necessidade ou conveni&ecirc;ncia de gasto excepcional superior, seria mais transparente e realista a fixa&ccedil;&atilde;o, de partida, de meta menos ambiciosa, ou a altera&ccedil;&atilde;o legislativa para a redu&ccedil;&atilde;o da meta prim&aacute;ria, evidenciando-se os custos e impactos da pol&iacute;tica pretendida&rdquo;, completa a nota da Consultoria de Or&ccedil;amento.<\/p>\n<h2><b>Precat&oacute;rios<\/b><\/h2>\n<p>Como mostrou o <i>Broadcast<\/i> (sistema de not&iacute;cias em tempo real do Grupo Estado), o ministro da Fazenda, Fernando Haddad, j&aacute; argumentou que o veto apontado pelos consultores da C&acirc;mara teria como &uacute;nico objetivo manter o encontro de contas em precat&oacute;rios, que atualmente fica &agrave; margem das metas de resultado prim&aacute;rio. Segundo o ministro, o pedido para o veto veio da &aacute;rea t&eacute;cnica do governo, e n&atilde;o da Fazenda.<\/p>\n<p>&ldquo;Na LDO tem um dispositivo, que j&aacute; vem desde 2023, e permite o encontro de contas de precat&oacute;rios. N&atilde;o se quer tirar isso da LDO por causa da flexibilidade. N&atilde;o foi decis&atilde;o pol&iacute;tica, veio da &aacute;rea t&eacute;cnica o pedido para n&atilde;o engessar esse dispositivo. O alerta t&eacute;cnico &eacute; de que isso dificultaria transa&ccedil;&otilde;es&rdquo;, alertou o ministro, na coletiva de apresenta&ccedil;&atilde;o do Projeto de Lei Or&ccedil;ament&aacute;ria Anual (PLOA) de 2024.<\/p>\n<p>Na ocasi&atilde;o, a ministra do Planejamento e Or&ccedil;amento, Simone Tebet, tamb&eacute;m reiterou que o encontro de contas de precat&oacute;rios pode ser a favor da receita ou contribuinte e que n&atilde;o seria bom engessar isso de forma perene. &ldquo;Nada impede que o Congresso estabele&ccedil;a que o encontro de contas s&oacute; vale para precat&oacute;rios&rdquo;, disse.<\/p>\n<\/p>\n<div class=\"cta-end\">\n<div class=\"im-cta\" >\n<div class=\"im-shortcode-forms bg-light bg-opacity-25 border rounded-4 p-3 p-sm-4 p-md-3 p-lg-4 px-xxl-5 my-5\" data-configuration='{\"form_name\":false,\"form_hat\":\"Newsletter\",\"form_email\":true,\"form_icon\":\"newsletter\",\"form_phone\":false,\"form_campaign\":\"NIM\",\"form_thankyou\":\"\",\"form_journey\":\"APIEvent-26a5198d-8e09-06ef-5f80-cd9127757ad1\",\"form_button\":\"Quero receber\",\"form_context\":\"newsletter\",\"form_origin\":\"https:\\\/\\\/www.infomoney.com.br\\\/politica\\\/feed\\\/?utm_medium=materia&#038;utm_source=infomoney&#038;utm_campaign=NIM&#038;utm_term=politica&#038;utm_content=newsletter\",\"form_position\":\"final\",\"form_category\":\"cta_form\"}'>\n<div class=\"d-flex flex-column align-items-center align-items-lg-start mb-4 flex-lg-row\">\n<div class=\"rounded-circle mb-2 mb-lg-0 mr-lg-4 me-lg-4 p-3 p-lg-4 bg-blue-400\"><svg width=\"40\" height=\"40\" viewBox=\"0 0 40 40\" fill=\"none\" xmlns=\"http:\/\/www.w3.org\/2000\/svg\"><path d=\"M20 20.25 6.042 11.042v19.041c0 .167.048.299.146.396a.535.535 0 0 0 .395.146h15.792V32.5H6.583a2.328 2.328 0 0 1-1.708-.708 2.328 2.328 0 0 1-.708-1.709V9.917c0-.667.236-1.236.708-1.709A2.328 2.328 0 0 1 6.583 7.5h26.834c.666 0 1.236.236 1.708.708a2.33 2.33 0 0 1 .708 1.709v12.458h-1.875V11.042L20 20.25Zm0-2 13.667-8.875H6.333L20 18.25Zm11.75 18.958-1.292-1.333 3.334-3.375h-9v-1.875h9l-3.375-3.417 1.333-1.291 5.667 5.625-5.667 5.666ZM6.042 11.042v20.791-9.458.25-13.25 1.667Z\" fill=\"#fff\"\/><\/svg><\/div>\n<div class=\"flex-fill text-center text-lg-left\">\n<div class=\"h6 small text-orange-700 lh-base mb-1\">Newsletter<\/div>\n<div class=\"text-body h4 m-0\">Infomorning<\/div>\n<div class=\"text-body small lh-base mt-2\">Receba no seu e-mail logo pela manh&atilde; as not&iacute;cias que v&atilde;o mexer com os mercados, com os seus investimentos e o seu bolso durante o dia<\/div>\n<\/div>\n<\/div>\n<\/div>\n<\/div>\n<\/div>\n<p>The post <a rel=\"nofollow noopener\" href=\"https:\/\/www.infomoney.com.br\/politica\/consultoria-de-orcamento-da-camara-diz-que-veto-de-lula-em-arcabouco-fragiliza-regra\/\" target=\"_blank\">Consultoria de Or\u00e7amento da C\u00e2mara diz que veto de Lula em arcabou\u00e7o fragiliza regra<\/a> appeared first on <a rel=\"nofollow noopener\" href=\"https:\/\/www.infomoney.com.br\/\" target=\"_blank\">InfoMoney<\/a>.<\/p>\n","protected":false},"excerpt":{"rendered":"<p><img loading=\"lazy\" decoding=\"async\" width=\"300\" height=\"225\" src=\"https:\/\/www.infomoney.com.br\/wp-content\/uploads\/2023\/04\/ja_2180.jpg?fit=300%2C225&amp;quality=70&amp;strip=all\" class=\"attachment-medium size-medium wp-post-image\" alt=\"Bras\u00edlia (DF) 10-04-2023 - O presidente Luiz In\u00e1cio Lula da Silva participa no Pal\u00e1cio do Planalto da Reuni\u00e3o ministerial dos 100 dias de governo. Foto: Jo\u00e9dson Alves\/Ag\u00eancia Brasil\" data-attachment-id=\"2103809\" data-permalink=\"https:\/\/www.infomoney.com.br\/_ja_2180\/\" data-orig-file=\"https:\/\/www.infomoney.com.br\/wp-content\/uploads\/2023\/04\/ja_2180.jpg?fit=1024%2C768&amp;quality=70&amp;strip=all\" data-orig-size=\"1024,768\" data-comments-opened=\"0\" data-image-meta='{\"aperture\":\"4\",\"credit\":\"\",\"camera\":\"Canon EOS 5D Mark IV\",\"caption\":\"\",\"created_timestamp\":\"1681127125\",\"copyright\":\"\",\"focal_length\":\"600\",\"iso\":\"800\",\"shutter_speed\":\"0.003125\",\"title\":\"\",\"orientation\":\"1\"}' data-image-title=\"Bras\u00edlia (DF) 10-04-2023 \u2013 O presidente Luiz In\u00e1cio Lula da Silva participa no Pal\u00e1cio do Planalto da Reuni\u00e3o ministerial dos 100 dias de governo. Foto: Jo\u00e9dson Alves\/Ag\u00eancia Brasil\" data-image-description=\"&lt;p&gt;Bras\u00edlia (DF) 10-04-2023 \u2013 O presidente Luiz In\u00e1cio Lula da Silva participa no Pal\u00e1cio do Planalto da Reuni\u00e3o ministerial dos 100 dias de governo. Foto: Jo\u00e9dson Alves\/Ag\u00eancia Brasil&lt;\/p&gt;\n\" data-image-caption=\"&lt;p&gt;Bras\u00edlia (DF) 10-04-2023 \u2013 O presidente Luiz In\u00e1cio Lula da Silva participa no Pal\u00e1cio do Planalto da Reuni\u00e3o ministerial dos 100 dias de governo. Foto: Jo\u00e9dson Alves\/Ag\u00eancia Brasil&lt;\/p&gt;\n\" data-medium-file=\"https:\/\/www.infomoney.com.br\/wp-content\/uploads\/2023\/04\/ja_2180.jpg?fit=300%2C225&amp;quality=70&amp;strip=all\" data-large-file=\"https:\/\/www.infomoney.com.br\/wp-content\/uploads\/2023\/04\/ja_2180.jpg?fit=1024%2C768&amp;quality=70&amp;strip=all\">Nota t\u00e9cnica lista as diversas vezes em que governos utilizaram o expediente para burlar as metas de prim\u00e1rio<\/p>\n<p>The post <a rel=\"nofollow\" href=\"https:\/\/www.infomoney.com.br\/politica\/consultoria-de-orcamento-da-camara-diz-que-veto-de-lula-em-arcabouco-fragiliza-regra\/\">Consultoria de Or\u00e7amento da C\u00e2mara diz que veto de Lula em arcabou\u00e7o fragiliza regra<\/a> appeared first on <a rel=\"nofollow\" href=\"https:\/\/www.infomoney.com.br\/\">InfoMoney<\/a>.<\/p>\n","protected":false},"author":43,"featured_media":0,"comment_status":"closed","ping_status":"closed","sticky":false,"template":"","format":"standard","meta":{"advgb_blocks_editor_width":"","advgb_blocks_columns_visual_guide":"","footnotes":""},"categories":[108,276,34,129,489,47],"tags":[35],"class_list":["post-33953","post","type-post","status-publish","format-standard","hentry","category-arcabouco-fiscal","category-camara-dos-deputados","category-g1","category-luiz-inacio-lula-da-silva","category-orcamento","category-politica","tag-g1"],"author_meta":{"display_name":"Estad\u00e3o Conte\u00fado","author_link":"https:\/\/sindaopcpb.org.br\/author\/estadao-conteudo\/"},"featured_img":null,"coauthors":[],"tax_additional":{"categories":{"linked":["<a href=\"https:\/\/sindaopcpb.org.br\/arcabouco-fiscal\/\" class=\"advgb-post-tax-term\">Arcabou\u00e7o Fiscal<\/a>","<a href=\"https:\/\/sindaopcpb.org.br\/camara-dos-deputados\/\" class=\"advgb-post-tax-term\">C\u00e2mara dos Deputados<\/a>","<a href=\"https:\/\/sindaopcpb.org.br\/g1\/\" class=\"advgb-post-tax-term\">G1<\/a>","<a href=\"https:\/\/sindaopcpb.org.br\/luiz-inacio-lula-da-silva\/\" class=\"advgb-post-tax-term\">Luiz In\u00e1cio Lula da Silva<\/a>","<a href=\"https:\/\/sindaopcpb.org.br\/orcamento\/\" class=\"advgb-post-tax-term\">Or\u00e7amento<\/a>","<a href=\"https:\/\/sindaopcpb.org.br\/politica\/\" class=\"advgb-post-tax-term\">POLITICA<\/a>"],"unlinked":["<span class=\"advgb-post-tax-term\">Arcabou\u00e7o Fiscal<\/span>","<span class=\"advgb-post-tax-term\">C\u00e2mara dos Deputados<\/span>","<span class=\"advgb-post-tax-term\">G1<\/span>","<span class=\"advgb-post-tax-term\">Luiz In\u00e1cio Lula da Silva<\/span>","<span class=\"advgb-post-tax-term\">Or\u00e7amento<\/span>","<span class=\"advgb-post-tax-term\">POLITICA<\/span>"]},"tags":{"linked":["<a href=\"https:\/\/sindaopcpb.org.br\/politica\/\" class=\"advgb-post-tax-term\">g1<\/a>"],"unlinked":["<span class=\"advgb-post-tax-term\">g1<\/span>"]}},"comment_count":"0","relative_dates":{"created":"Publicado 3 anos atr\u00e1s","modified":"Atualizado 3 anos atr\u00e1s"},"absolute_dates":{"created":"Publicado em 12 de setembro de 2023","modified":"Atualizado em 12 de setembro de 2023"},"absolute_dates_time":{"created":"Publicado em 12 de setembro de 2023 11:51","modified":"Atualizado em 12 de setembro de 2023 11:51"},"featured_img_caption":"","series_order":"","_links":{"self":[{"href":"https:\/\/sindaopcpb.org.br\/index.php\/wp-json\/wp\/v2\/posts\/33953","targetHints":{"allow":["GET"]}}],"collection":[{"href":"https:\/\/sindaopcpb.org.br\/index.php\/wp-json\/wp\/v2\/posts"}],"about":[{"href":"https:\/\/sindaopcpb.org.br\/index.php\/wp-json\/wp\/v2\/types\/post"}],"author":[{"embeddable":true,"href":"https:\/\/sindaopcpb.org.br\/index.php\/wp-json\/wp\/v2\/users\/43"}],"replies":[{"embeddable":true,"href":"https:\/\/sindaopcpb.org.br\/index.php\/wp-json\/wp\/v2\/comments?post=33953"}],"version-history":[{"count":1,"href":"https:\/\/sindaopcpb.org.br\/index.php\/wp-json\/wp\/v2\/posts\/33953\/revisions"}],"predecessor-version":[{"id":33954,"href":"https:\/\/sindaopcpb.org.br\/index.php\/wp-json\/wp\/v2\/posts\/33953\/revisions\/33954"}],"wp:attachment":[{"href":"https:\/\/sindaopcpb.org.br\/index.php\/wp-json\/wp\/v2\/media?parent=33953"}],"wp:term":[{"taxonomy":"category","embeddable":true,"href":"https:\/\/sindaopcpb.org.br\/index.php\/wp-json\/wp\/v2\/categories?post=33953"},{"taxonomy":"post_tag","embeddable":true,"href":"https:\/\/sindaopcpb.org.br\/index.php\/wp-json\/wp\/v2\/tags?post=33953"}],"curies":[{"name":"wp","href":"https:\/\/api.w.org\/{rel}","templated":true}]}}