{"id":33947,"date":"2023-09-12T11:24:08","date_gmt":"2023-09-12T14:24:08","guid":{"rendered":"https:\/\/wpa.wscom.com.br\/?p=922609"},"modified":"2023-09-12T11:24:08","modified_gmt":"2023-09-12T14:24:08","slug":"vila-gale-chega-a-espanha-com-hotel-em-isla-canela","status":"publish","type":"post","link":"https:\/\/sindaopcpb.org.br\/index.php\/2023\/09\/12\/vila-gale-chega-a-espanha-com-hotel-em-isla-canela\/","title":{"rendered":"Vila Gal\u00e9 chega a Espanha com hotel em Isla Canela"},"content":{"rendered":"<p data-removefontsize=\"true\" data-originalcomputedfontsize=\"16\"><strong><span data-removefontsize=\"true\" data-originalcomputedfontsize=\"16\">S\u00e3o Paulo.\u00a0<\/span><\/strong>A marca portuguesa\u00a0<a href=\"https:\/\/click.cse360.com.br\/Click\/AddCampaignEmailClick\/0a0e9e82-335d-4755-179f-08dbb2fd5a1d\/https%253a%252f%252fwww.vilagale.com%252f\/a5699cb5-91c1-4e65-8ea5-7d28ab50db44\/helaineoliveira@blogtudodenovo.com\/True\" rel=\"noopener nofollow\" data-saferedirecturl=\"https:\/\/www.google.com\/url?q=https:\/\/click.cse360.com.br\/Click\/AddCampaignEmailClick\/0a0e9e82-335d-4755-179f-08dbb2fd5a1d\/https%25253a%25252f%25252fwww.vilagale.com%25252f\/a5699cb5-91c1-4e65-8ea5-7d28ab50db44\/helaineoliveira@blogtudodenovo.com\/True&amp;source=gmail&amp;ust=1694613684589000&amp;usg=AOvVaw32C1b4Ubvizb40nWCj5DlI\" data-removefontsize=\"true\" data-originalcomputedfontsize=\"16\" target=\"_blank\">Vila Gal\u00e9<\/a>chegar\u00e1 a Espanha na P\u00e1scoa de 2024, com a abertura de um hotel em Isla Canela (Costa de la Luz, Huelva).\u00a0Com acesso direto \u00e0 praia da Isla Canela, o futuro empreendimento ter\u00e1 300 quartos com varanda, duas piscinas, dois restaurantes, tr\u00eas bares, incluindo um na piscina, Satsanga Spa &amp; Wellness com piscina interior, gin\u00e1sio, salas de massagens, banho turco, sauna e piscina de hidromassagem, Clube Nep para as crian\u00e7as, salas de eventos e lojas. A oferta gastron\u00f4mica e de anima\u00e7\u00e3o ser\u00e1 direcionada para fam\u00edlias e casais.<u><\/u><u><\/u><\/p>\n<p data-removefontsize=\"true\" data-originalcomputedfontsize=\"16\">A\u00a0<a href=\"https:\/\/click.cse360.com.br\/Click\/AddCampaignEmailClick\/0a0e9e82-335d-4755-179f-08dbb2fd5a1d\/https%253a%252f%252fwww.saintcroixhi.com%252f\/a5699cb5-91c1-4e65-8ea5-7d28ab50db44\/helaineoliveira@blogtudodenovo.com\/True\" rel=\"noopener nofollow\" data-saferedirecturl=\"https:\/\/www.google.com\/url?q=https:\/\/click.cse360.com.br\/Click\/AddCampaignEmailClick\/0a0e9e82-335d-4755-179f-08dbb2fd5a1d\/https%25253a%25252f%25252fwww.saintcroixhi.com%25252f\/a5699cb5-91c1-4e65-8ea5-7d28ab50db44\/helaineoliveira@blogtudodenovo.com\/True&amp;source=gmail&amp;ust=1694613684589000&amp;usg=AOvVaw0yTYOrEFki7-sx2j47Si7H\" data-removefontsize=\"true\" data-originalcomputedfontsize=\"16\" target=\"_blank\">Saint Croix HI<\/a>, a SOCIMI (Sociedades An\u00f3nimas Cotizadas de Inversi\u00f3n Inmobiliaria, em espanhol) do Grupo Pryconsa, ir\u00e1 realizar a reforma para implementa\u00e7\u00e3o do novo hotel\u00a0<a href=\"https:\/\/click.cse360.com.br\/Click\/AddCampaignEmailClick\/0a0e9e82-335d-4755-179f-08dbb2fd5a1d\/https%253a%252f%252fwww.vilagale.com%252fpt%252fhoteis%252fisla-canela%252fvila-gale-isla-canela\/a5699cb5-91c1-4e65-8ea5-7d28ab50db44\/helaineoliveira@blogtudodenovo.com\/True\" rel=\"noopener nofollow\" data-saferedirecturl=\"https:\/\/www.google.com\/url?q=https:\/\/click.cse360.com.br\/Click\/AddCampaignEmailClick\/0a0e9e82-335d-4755-179f-08dbb2fd5a1d\/https%25253a%25252f%25252fwww.vilagale.com%25252fpt%25252fhoteis%25252fisla-canela%25252fvila-gale-isla-canela\/a5699cb5-91c1-4e65-8ea5-7d28ab50db44\/helaineoliveira@blogtudodenovo.com\/True&amp;source=gmail&amp;ust=1694613684589000&amp;usg=AOvVaw2jc617E2pJ_Vdfj-o-jwG-\" data-removefontsize=\"true\" data-originalcomputedfontsize=\"16\" target=\"_blank\">Vila Gal\u00e9 Isla Canela<\/a>\u00a0numa unidade hoteleira existente, que passar\u00e1 por uma renova\u00e7\u00e3o completa, realizada em v\u00e1rias fases. A unidade come\u00e7ar\u00e1 a operar com a marca\u00a0<a href=\"https:\/\/click.cse360.com.br\/Click\/AddCampaignEmailClick\/0a0e9e82-335d-4755-179f-08dbb2fd5a1d\/https%253a%252f%252fwww.vilagale.com%252f\/a5699cb5-91c1-4e65-8ea5-7d28ab50db44\/helaineoliveira@blogtudodenovo.com\/True\" rel=\"noopener nofollow\" data-saferedirecturl=\"https:\/\/www.google.com\/url?q=https:\/\/click.cse360.com.br\/Click\/AddCampaignEmailClick\/0a0e9e82-335d-4755-179f-08dbb2fd5a1d\/https%25253a%25252f%25252fwww.vilagale.com%25252f\/a5699cb5-91c1-4e65-8ea5-7d28ab50db44\/helaineoliveira@blogtudodenovo.com\/True&amp;source=gmail&amp;ust=1694613684589000&amp;usg=AOvVaw32C1b4Ubvizb40nWCj5DlI\" data-removefontsize=\"true\" data-originalcomputedfontsize=\"16\" target=\"_blank\">Vila Gal\u00e9<\/a>\u00a0j\u00e1 em abril de 2024.<u><\/u><u><\/u><\/p>\n<p data-removefontsize=\"true\" data-originalcomputedfontsize=\"16\">\u201cEstamos muito entusiasmados com este desafio em Espanha. Acreditamos que Isla Canela \u00e9 um destino com muita procura e bastante potencial, e que poderemos vir a desenvolver os mercados espanhol, portugu\u00eas e dos restantes pa\u00edses europeus. Esta nova unidade permitir\u00e1 refor\u00e7ar a oferta de qualidade e a presen\u00e7a internacional do grupo, sobretudo no que diz respeito ao turismo de praia e para fam\u00edlias\u201d, antecipa o\u00a0<em><span data-removefontsize=\"true\" data-originalcomputedfontsize=\"16\">CEO<\/span><\/em>\u00a0da Vila Gal\u00e9, Gon\u00e7alo Rebelo de Almeida.<u><\/u><u><\/u><\/p>\n<p data-removefontsize=\"true\" data-originalcomputedfontsize=\"16\">\u201cNa\u00a0<a href=\"https:\/\/click.cse360.com.br\/Click\/AddCampaignEmailClick\/0a0e9e82-335d-4755-179f-08dbb2fd5a1d\/https%253a%252f%252fwww.saintcroixhi.com%252f\/a5699cb5-91c1-4e65-8ea5-7d28ab50db44\/helaineoliveira@blogtudodenovo.com\/True\" rel=\"noopener nofollow\" data-saferedirecturl=\"https:\/\/www.google.com\/url?q=https:\/\/click.cse360.com.br\/Click\/AddCampaignEmailClick\/0a0e9e82-335d-4755-179f-08dbb2fd5a1d\/https%25253a%25252f%25252fwww.saintcroixhi.com%25252f\/a5699cb5-91c1-4e65-8ea5-7d28ab50db44\/helaineoliveira@blogtudodenovo.com\/True&amp;source=gmail&amp;ust=1694613684589000&amp;usg=AOvVaw0yTYOrEFki7-sx2j47Si7H\" data-removefontsize=\"true\" data-originalcomputedfontsize=\"16\" target=\"_blank\">Saint Croix HI<\/a>\u00a0temos muito orgulho em disponibilizar um im\u00f3vel muito especial para permitir \u00e0 Vila Gal\u00e9 abrir o seu primeiro hotel em Espanha, que ser\u00e1 um sucesso garantido tanto pela experi\u00eancia e bom trabalho da empresa hoteleira, como pela qualidade e localiza\u00e7\u00e3o do im\u00f3vel, em frente ao mar, bem como os benef\u00edcios do destino Isla Canela\u201d, destaca Marco Colomer,\u00a0<em><span data-removefontsize=\"true\" data-originalcomputedfontsize=\"16\">CEO<\/span><\/em>\u00a0da Saint Croix HI.<u><\/u><u><\/u><\/p>\n<p data-removefontsize=\"true\" data-originalcomputedfontsize=\"16\">Atualmente, o segundo maior grupo hoteleiro portugu\u00eas conta com\u00a0<a href=\"https:\/\/click.cse360.com.br\/Click\/AddCampaignEmailClick\/0a0e9e82-335d-4755-179f-08dbb2fd5a1d\/https%253a%252f%252fwww.vilagale.com%252f\/a5699cb5-91c1-4e65-8ea5-7d28ab50db44\/helaineoliveira@blogtudodenovo.com\/True\" rel=\"noopener nofollow\" data-saferedirecturl=\"https:\/\/www.google.com\/url?q=https:\/\/click.cse360.com.br\/Click\/AddCampaignEmailClick\/0a0e9e82-335d-4755-179f-08dbb2fd5a1d\/https%25253a%25252f%25252fwww.vilagale.com%25252f\/a5699cb5-91c1-4e65-8ea5-7d28ab50db44\/helaineoliveira@blogtudodenovo.com\/True&amp;source=gmail&amp;ust=1694613684589000&amp;usg=AOvVaw32C1b4Ubvizb40nWCj5DlI\" data-removefontsize=\"true\" data-originalcomputedfontsize=\"16\" target=\"_blank\">31 hot\u00e9is<\/a>\u00a0em Portugal e dez no Brasil. As unidades mais recentes abriram j\u00e1 este ano: o\u00a0<a href=\"https:\/\/click.cse360.com.br\/Click\/AddCampaignEmailClick\/0a0e9e82-335d-4755-179f-08dbb2fd5a1d\/https%253a%252f%252fwww.vilagale.com%252fpt%252fhoteis%252falentejo%252fcollection-monte-do-vilar\/a5699cb5-91c1-4e65-8ea5-7d28ab50db44\/helaineoliveira@blogtudodenovo.com\/True\" rel=\"noopener nofollow\" data-saferedirecturl=\"https:\/\/www.google.com\/url?q=https:\/\/click.cse360.com.br\/Click\/AddCampaignEmailClick\/0a0e9e82-335d-4755-179f-08dbb2fd5a1d\/https%25253a%25252f%25252fwww.vilagale.com%25252fpt%25252fhoteis%25252falentejo%25252fcollection-monte-do-vilar\/a5699cb5-91c1-4e65-8ea5-7d28ab50db44\/helaineoliveira@blogtudodenovo.com\/True&amp;source=gmail&amp;ust=1694613684589000&amp;usg=AOvVaw3wM-oq0XWx7v83tlRyb5mt\" data-removefontsize=\"true\" data-originalcomputedfontsize=\"16\" target=\"_blank\">Vila Gal\u00e9 Collection Monte do Vilar<\/a>\u00a0(Beja), em abril; e os\u00a0<a href=\"https:\/\/click.cse360.com.br\/Click\/AddCampaignEmailClick\/0a0e9e82-335d-4755-179f-08dbb2fd5a1d\/https%253a%252f%252fwww.vilagale.com%252fpt%252fhoteis%252facores%252fvila-gale-collection-s-miguel\/a5699cb5-91c1-4e65-8ea5-7d28ab50db44\/helaineoliveira@blogtudodenovo.com\/True\" rel=\"noopener nofollow\" data-saferedirecturl=\"https:\/\/www.google.com\/url?q=https:\/\/click.cse360.com.br\/Click\/AddCampaignEmailClick\/0a0e9e82-335d-4755-179f-08dbb2fd5a1d\/https%25253a%25252f%25252fwww.vilagale.com%25252fpt%25252fhoteis%25252facores%25252fvila-gale-collection-s-miguel\/a5699cb5-91c1-4e65-8ea5-7d28ab50db44\/helaineoliveira@blogtudodenovo.com\/True&amp;source=gmail&amp;ust=1694613684589000&amp;usg=AOvVaw2bMHrPUm7tqDi9yFMzTB3S\" data-removefontsize=\"true\" data-originalcomputedfontsize=\"16\" target=\"_blank\">Vila Gal\u00e9 Collection S\u00e3o Miguel<\/a>\u00a0(Ponta Delgada, A\u00e7ores) e\u00a0<a href=\"https:\/\/click.cse360.com.br\/Click\/AddCampaignEmailClick\/0a0e9e82-335d-4755-179f-08dbb2fd5a1d\/https%253a%252f%252fwww.vilagale.com%252fpt%252fhoteis%252falentejo%252fvila-gale-nep-kids\/a5699cb5-91c1-4e65-8ea5-7d28ab50db44\/helaineoliveira@blogtudodenovo.com\/True\" rel=\"noopener nofollow\" data-saferedirecturl=\"https:\/\/www.google.com\/url?q=https:\/\/click.cse360.com.br\/Click\/AddCampaignEmailClick\/0a0e9e82-335d-4755-179f-08dbb2fd5a1d\/https%25253a%25252f%25252fwww.vilagale.com%25252fpt%25252fhoteis%25252falentejo%25252fvila-gale-nep-kids\/a5699cb5-91c1-4e65-8ea5-7d28ab50db44\/helaineoliveira@blogtudodenovo.com\/True&amp;source=gmail&amp;ust=1694613684589000&amp;usg=AOvVaw0fyh9FYIpyouPlqauVIXVA\" data-removefontsize=\"true\" data-originalcomputedfontsize=\"16\" target=\"_blank\">Vila Gal\u00e9 Nep Kids<\/a>\u00a0(Beja), e em julho o\u00a0<a href=\"https:\/\/click.cse360.com.br\/Click\/AddCampaignEmailClick\/0a0e9e82-335d-4755-179f-08dbb2fd5a1d\/https%253a%252f%252fwww.vilagale.com%252fpt%252fhoteis%252fcentro-de-portugal%252fvila-gale-collection-tomar\/a5699cb5-91c1-4e65-8ea5-7d28ab50db44\/helaineoliveira@blogtudodenovo.com\/True\" rel=\"noopener nofollow\" data-saferedirecturl=\"https:\/\/www.google.com\/url?q=https:\/\/click.cse360.com.br\/Click\/AddCampaignEmailClick\/0a0e9e82-335d-4755-179f-08dbb2fd5a1d\/https%25253a%25252f%25252fwww.vilagale.com%25252fpt%25252fhoteis%25252fcentro-de-portugal%25252fvila-gale-collection-tomar\/a5699cb5-91c1-4e65-8ea5-7d28ab50db44\/helaineoliveira@blogtudodenovo.com\/True&amp;source=gmail&amp;ust=1694613684589000&amp;usg=AOvVaw0KW9R2QOpcozvAXMN0G63P\" data-removefontsize=\"true\" data-originalcomputedfontsize=\"16\" target=\"_blank\">Vila Gal\u00e9 Collection Tomar<\/a>, no centro hist\u00f3rico da cidade. Recentemente, anunciou tamb\u00e9m a entrada em Cuba, prevista para outubro.<u><\/u><u><\/u><\/p>\n<p align=\"center\"><img decoding=\"async\" loading=\"lazy\" id=\"m_-8698198600044423517_x0000_i1026\" src=\"https:\/\/ci3.googleusercontent.com\/proxy\/LuIs4JWTf34XRM3XkwLyB8V_ObfqMXDH8YTqr9qr_KixcWpUi1vLS6ihwBhLpGDjJbN1cDuLxj1gWsibmdrSe8E6oRo47CwSEy0nHR-13729gTnAVJ98hgmpFGd7e7w4McAh3-ZweJ5y8oACgy38qv7zG9-aYXQ5KKy1D7XFj7-Lzeu-4rwTo8yR20OvU-TBTeyCRF0=s0-d-e1-ft#https:\/\/cseprs3.s3.amazonaws.com\/email-editor-files\/dea7a4fa-2118-4737-8208-08d98f0ff8e9\/de687fb8-4d6f-44a2-a7aa-9e16c60da1b3.jpg\" width=\"700\" height=\"466\" border=\"0\" data-max-width=\"\" data-width=\"7.2916in\" data-height=\"4.85in\" alt=\"\" title=\"\"><em><span data-removefontsize=\"true\" data-originalcomputedfontsize=\"16\"><br \/>\nVila Gal\u00e9 Isla Canela ter\u00e1 300 quartos com varanda<\/span><\/em><u><\/u><u><\/u><\/p>\n<div>\n<p data-removefontsize=\"true\" data-originalcomputedfontsize=\"16\"><strong><span data-removefontsize=\"true\" data-originalcomputedfontsize=\"16\">Sobre o Grupo Vila Gal\u00e9<\/span><\/strong><b><br \/>\n<\/b>A Vila Gal\u00e9 \u00e9 a maior rede de Resorts do Brasil e o segundo maior grupo hoteleiro em Portugal. O grupo \u00e9 composto por diversas sociedades, das quais se destaca, pela sua dimens\u00e3o e import\u00e2ncia, a Vila Gal\u00e9 \u2013 Sociedade de Empreendimentos Tur\u00edsticos, S.A.\u00a0<u><\/u><u><\/u><\/p>\n<p data-removefontsize=\"true\" data-originalcomputedfontsize=\"16\">A rede de hot\u00e9is Vila Gal\u00e9 conta atualmente com 41 unidades hoteleiras: 31 em Portugal (Algarve, Beja, \u00c9vora, Elvas, Alter do Ch\u00e3o, Oeiras, Cascais, Sintra, Ericeira, Estoril, Lisboa, Coimbra, Serra da Estrela, Porto, Braga, Douro, A\u00e7ores e Madeira) e 10 no Brasil (Rio de Janeiro, Fortaleza, Cumbuco, Salvador, Guarajuba, Pernambuco, Touros, Angra dos Reis, S\u00e3o Paulo e Alagoas).<\/p>\n<\/div>\n<p>O post <a rel=\"nofollow noopener\" href=\"https:\/\/wscom.com.br\/vila-gale-chega-a-espanha-com-hotel-em-isla-canela\/\" target=\"_blank\">Vila Gal\u00e9 chega a Espanha com hotel em Isla Canela<\/a> apareceu primeiro em <a rel=\"nofollow noopener\" href=\"https:\/\/wscom.com.br\/\" target=\"_blank\">WSCOM<\/a>.<\/p>\n","protected":false},"excerpt":{"rendered":"<p>S\u00e3o Paulo.\u00a0A marca portuguesa\u00a0Vila Gal\u00e9chegar\u00e1 a Espanha na P\u00e1scoa de 2024, com a abertura de um hotel em Isla Canela (Costa de la Luz, Huelva).\u00a0Com acesso direto \u00e0 praia da Isla Canela, o futuro empreendimento ter\u00e1 300 quartos com varanda, duas piscinas, dois restaurantes, tr\u00eas bares, incluindo um na piscina, Satsanga Spa &amp; Wellness com [\u2026]<\/p>\n<p>O post <a rel=\"nofollow\" href=\"https:\/\/wscom.com.br\/vila-gale-chega-a-espanha-com-hotel-em-isla-canela\/\">Vila Gal\u00e9 chega a Espanha com hotel em Isla Canela<\/a> apareceu primeiro em <a rel=\"nofollow\" href=\"https:\/\/wscom.com.br\/\">WSCOM<\/a>.<\/p>\n","protected":false},"author":50,"featured_media":0,"comment_status":"closed","ping_status":"closed","sticky":false,"template":"","format":"standard","meta":{"advgb_blocks_editor_width":"","advgb_blocks_columns_visual_guide":"","footnotes":""},"categories":[1640,34,9009,111,6436],"tags":[35],"class_list":["post-33947","post","type-post","status-publish","format-standard","hentry","category-espanha","category-g1","category-gale","category-internacional","category-vila","tag-g1"],"author_meta":{"display_name":"Wallyson","author_link":"https:\/\/sindaopcpb.org.br\/author\/wallyson\/"},"featured_img":null,"coauthors":[],"tax_additional":{"categories":{"linked":["<a href=\"https:\/\/sindaopcpb.org.br\/espanha\/\" class=\"advgb-post-tax-term\">Espanha<\/a>","<a href=\"https:\/\/sindaopcpb.org.br\/g1\/\" class=\"advgb-post-tax-term\">G1<\/a>","<a href=\"https:\/\/sindaopcpb.org.br\/gale\/\" class=\"advgb-post-tax-term\">gal\u00e9<\/a>","<a href=\"https:\/\/sindaopcpb.org.br\/internacional\/\" class=\"advgb-post-tax-term\">Internacional<\/a>","<a href=\"https:\/\/sindaopcpb.org.br\/vila\/\" class=\"advgb-post-tax-term\">vila<\/a>"],"unlinked":["<span class=\"advgb-post-tax-term\">Espanha<\/span>","<span class=\"advgb-post-tax-term\">G1<\/span>","<span class=\"advgb-post-tax-term\">gal\u00e9<\/span>","<span class=\"advgb-post-tax-term\">Internacional<\/span>","<span class=\"advgb-post-tax-term\">vila<\/span>"]},"tags":{"linked":["<a href=\"https:\/\/sindaopcpb.org.br\/vila\/\" class=\"advgb-post-tax-term\">g1<\/a>"],"unlinked":["<span class=\"advgb-post-tax-term\">g1<\/span>"]}},"comment_count":"0","relative_dates":{"created":"Publicado 3 anos atr\u00e1s","modified":"Atualizado 3 anos atr\u00e1s"},"absolute_dates":{"created":"Publicado em 12 de setembro de 2023","modified":"Atualizado em 12 de setembro de 2023"},"absolute_dates_time":{"created":"Publicado em 12 de setembro de 2023 11:24","modified":"Atualizado em 12 de setembro de 2023 11:24"},"featured_img_caption":"","series_order":"","_links":{"self":[{"href":"https:\/\/sindaopcpb.org.br\/index.php\/wp-json\/wp\/v2\/posts\/33947","targetHints":{"allow":["GET"]}}],"collection":[{"href":"https:\/\/sindaopcpb.org.br\/index.php\/wp-json\/wp\/v2\/posts"}],"about":[{"href":"https:\/\/sindaopcpb.org.br\/index.php\/wp-json\/wp\/v2\/types\/post"}],"author":[{"embeddable":true,"href":"https:\/\/sindaopcpb.org.br\/index.php\/wp-json\/wp\/v2\/users\/50"}],"replies":[{"embeddable":true,"href":"https:\/\/sindaopcpb.org.br\/index.php\/wp-json\/wp\/v2\/comments?post=33947"}],"version-history":[{"count":1,"href":"https:\/\/sindaopcpb.org.br\/index.php\/wp-json\/wp\/v2\/posts\/33947\/revisions"}],"predecessor-version":[{"id":33948,"href":"https:\/\/sindaopcpb.org.br\/index.php\/wp-json\/wp\/v2\/posts\/33947\/revisions\/33948"}],"wp:attachment":[{"href":"https:\/\/sindaopcpb.org.br\/index.php\/wp-json\/wp\/v2\/media?parent=33947"}],"wp:term":[{"taxonomy":"category","embeddable":true,"href":"https:\/\/sindaopcpb.org.br\/index.php\/wp-json\/wp\/v2\/categories?post=33947"},{"taxonomy":"post_tag","embeddable":true,"href":"https:\/\/sindaopcpb.org.br\/index.php\/wp-json\/wp\/v2\/tags?post=33947"}],"curies":[{"name":"wp","href":"https:\/\/api.w.org\/{rel}","templated":true}]}}