{"id":33945,"date":"2023-09-12T11:28:52","date_gmt":"2023-09-12T14:28:52","guid":{"rendered":"https:\/\/wpa.wscom.com.br\/?p=922612"},"modified":"2023-09-12T11:28:52","modified_gmt":"2023-09-12T14:28:52","slug":"jovem-que-teve-casa-vistoriada-durante-investigacao-no-caso-ana-sophia-tambem-desaparece","status":"publish","type":"post","link":"https:\/\/sindaopcpb.org.br\/index.php\/2023\/09\/12\/jovem-que-teve-casa-vistoriada-durante-investigacao-no-caso-ana-sophia-tambem-desaparece\/","title":{"rendered":"Jovem que teve casa vistoriada durante investiga\u00e7\u00e3o no Caso Ana Sophia tamb\u00e9m desaparece"},"content":{"rendered":"<p>O Caso Ana Sophia, crian\u00e7a de 8 anos que desapareceu em Bananeiras h\u00e1 mais de dois meses, teve um novo desenrolar nas investiga\u00e7\u00f5es. Tiago Fernandes, cuja resid\u00eancia foi alvo de vistoria pela Pol\u00edcia Civil, tamb\u00e9m est\u00e1 desaparecido. Informa\u00e7\u00f5es da Pol\u00edcia Civil apontam que ele saiu de casa pouco depois da vistoria e, at\u00e9 a data desta ter\u00e7a-feira (12), ainda n\u00e3o retornou.<\/p>\n<p>Ana Sophia sumiu em 4 de julho ap\u00f3s sair para brincar com uma vizinha no distrito de Roma, em Bananeiras. A Pol\u00edcia Civil tem mantido informa\u00e7\u00f5es sigilosas para preservar a efic\u00e1cia das investiga\u00e7\u00f5es e tem divulgado poucos detalhes sobre per\u00edcias, suspeitos ou novas pistas sobre o paradeiro da menina.<\/p>\n<p>O delegado Luciano Soares informou que a pol\u00edcia teve conhecimento do suposto desaparecimento de Tiago na segunda-feira (11). Apesar de sua resid\u00eancia ter sido vistoriada, Tiago n\u00e3o \u00e9 considerado investigado, suspeito ou foragido da Justi\u00e7a, e seu sumi\u00e7o est\u00e1 sendo tratado como desaparecimento. A fam\u00edlia ainda n\u00e3o formalizou o caso, mas as autoridades j\u00e1 iniciaram a investiga\u00e7\u00e3o.<\/p>\n<p>Imagens de c\u00e2meras no centro de Bananeiras j\u00e1 demonstram que ele, ap\u00f3s descer de um \u00f4nibus pr\u00f3ximo \u00e0 mata da UFPB, se dirigiu ao centro de Sol\u00e2nea. Ele estava sozinho, o que aparentemente demonstra que o desaparecimento ocorreu de forma volunt\u00e1ria, declarou o delegado.<\/p>\n<p>O post <a rel=\"nofollow noopener\" href=\"https:\/\/wscom.com.br\/jovem-que-teve-casa-vistoriada-durante-investigacao-no-caso-ana-sophia-tambem-desaparece\/\" target=\"_blank\">Jovem que teve casa vistoriada durante investiga\u00e7\u00e3o no Caso Ana Sophia tamb\u00e9m desaparece<\/a> apareceu primeiro em <a rel=\"nofollow noopener\" href=\"https:\/\/wscom.com.br\/\" target=\"_blank\">WSCOM<\/a>.<\/p>\n","protected":false},"excerpt":{"rendered":"<p>O Caso Ana Sophia, crian\u00e7a de 8 anos que desapareceu em Bananeiras h\u00e1 mais de dois meses, teve um novo desenrolar nas investiga\u00e7\u00f5es. Tiago Fernandes, cuja resid\u00eancia foi alvo de vistoria pela Pol\u00edcia Civil, tamb\u00e9m est\u00e1 desaparecido. Informa\u00e7\u00f5es da Pol\u00edcia Civil apontam que ele saiu de casa pouco depois da vistoria e, at\u00e9 a data [\u2026]<\/p>\n<p>O post <a rel=\"nofollow\" href=\"https:\/\/wscom.com.br\/jovem-que-teve-casa-vistoriada-durante-investigacao-no-caso-ana-sophia-tambem-desaparece\/\">Jovem que teve casa vistoriada durante investiga\u00e7\u00e3o no Caso Ana Sophia tamb\u00e9m desaparece<\/a> apareceu primeiro em <a rel=\"nofollow\" href=\"https:\/\/wscom.com.br\/\">WSCOM<\/a>.<\/p>\n","protected":false},"author":50,"featured_media":0,"comment_status":"closed","ping_status":"closed","sticky":false,"template":"","format":"standard","meta":{"advgb_blocks_editor_width":"","advgb_blocks_columns_visual_guide":"","footnotes":""},"categories":[5972,34,512,66,6089],"tags":[35],"class_list":["post-33945","post","type-post","status-publish","format-standard","hentry","category-ana","category-g1","category-jovem","category-policial","category-sophia","tag-g1"],"author_meta":{"display_name":"Wallyson","author_link":"https:\/\/sindaopcpb.org.br\/author\/wallyson\/"},"featured_img":null,"coauthors":[],"tax_additional":{"categories":{"linked":["<a href=\"https:\/\/sindaopcpb.org.br\/ana\/\" class=\"advgb-post-tax-term\">Ana<\/a>","<a href=\"https:\/\/sindaopcpb.org.br\/g1\/\" class=\"advgb-post-tax-term\">G1<\/a>","<a href=\"https:\/\/sindaopcpb.org.br\/jovem\/\" class=\"advgb-post-tax-term\">Jovem<\/a>","<a href=\"https:\/\/sindaopcpb.org.br\/policial\/\" class=\"advgb-post-tax-term\">Policial<\/a>","<a href=\"https:\/\/sindaopcpb.org.br\/sophia\/\" class=\"advgb-post-tax-term\">Sophia<\/a>"],"unlinked":["<span class=\"advgb-post-tax-term\">Ana<\/span>","<span class=\"advgb-post-tax-term\">G1<\/span>","<span class=\"advgb-post-tax-term\">Jovem<\/span>","<span class=\"advgb-post-tax-term\">Policial<\/span>","<span class=\"advgb-post-tax-term\">Sophia<\/span>"]},"tags":{"linked":["<a href=\"https:\/\/sindaopcpb.org.br\/sophia\/\" class=\"advgb-post-tax-term\">g1<\/a>"],"unlinked":["<span class=\"advgb-post-tax-term\">g1<\/span>"]}},"comment_count":"0","relative_dates":{"created":"Publicado 3 anos atr\u00e1s","modified":"Atualizado 3 anos atr\u00e1s"},"absolute_dates":{"created":"Publicado em 12 de setembro de 2023","modified":"Atualizado em 12 de setembro de 2023"},"absolute_dates_time":{"created":"Publicado em 12 de setembro de 2023 11:28","modified":"Atualizado em 12 de setembro de 2023 11:28"},"featured_img_caption":"","series_order":"","_links":{"self":[{"href":"https:\/\/sindaopcpb.org.br\/index.php\/wp-json\/wp\/v2\/posts\/33945","targetHints":{"allow":["GET"]}}],"collection":[{"href":"https:\/\/sindaopcpb.org.br\/index.php\/wp-json\/wp\/v2\/posts"}],"about":[{"href":"https:\/\/sindaopcpb.org.br\/index.php\/wp-json\/wp\/v2\/types\/post"}],"author":[{"embeddable":true,"href":"https:\/\/sindaopcpb.org.br\/index.php\/wp-json\/wp\/v2\/users\/50"}],"replies":[{"embeddable":true,"href":"https:\/\/sindaopcpb.org.br\/index.php\/wp-json\/wp\/v2\/comments?post=33945"}],"version-history":[{"count":1,"href":"https:\/\/sindaopcpb.org.br\/index.php\/wp-json\/wp\/v2\/posts\/33945\/revisions"}],"predecessor-version":[{"id":33946,"href":"https:\/\/sindaopcpb.org.br\/index.php\/wp-json\/wp\/v2\/posts\/33945\/revisions\/33946"}],"wp:attachment":[{"href":"https:\/\/sindaopcpb.org.br\/index.php\/wp-json\/wp\/v2\/media?parent=33945"}],"wp:term":[{"taxonomy":"category","embeddable":true,"href":"https:\/\/sindaopcpb.org.br\/index.php\/wp-json\/wp\/v2\/categories?post=33945"},{"taxonomy":"post_tag","embeddable":true,"href":"https:\/\/sindaopcpb.org.br\/index.php\/wp-json\/wp\/v2\/tags?post=33945"}],"curies":[{"name":"wp","href":"https:\/\/api.w.org\/{rel}","templated":true}]}}