{"id":33923,"date":"2023-09-12T09:49:00","date_gmt":"2023-09-12T12:49:00","guid":{"rendered":"https:\/\/www.infomoney.com.br\/?p=2239476"},"modified":"2023-09-12T09:49:00","modified_gmt":"2023-09-12T12:49:00","slug":"omc-diz-que-reforma-no-sistema-global-de-comercio-seria-fundamental-para-lidar-com-desafios","status":"publish","type":"post","link":"https:\/\/sindaopcpb.org.br\/index.php\/2023\/09\/12\/omc-diz-que-reforma-no-sistema-global-de-comercio-seria-fundamental-para-lidar-com-desafios\/","title":{"rendered":"OMC diz que reforma no sistema global de com\u00e9rcio seria fundamental para lidar com desafios"},"content":{"rendered":"<p><img loading=\"lazy\" width=\"300\" height=\"199\" src=\"https:\/\/www.infomoney.com.br\/wp-content\/uploads\/2019\/06\/portos-conteineres-santos-brasil-.jpg?fit=300%2C199&amp;quality=70&amp;strip=all\" class=\"attachment-medium size-medium wp-post-image\" alt=\"\" decoding=\"async\" style=\"float:right; margin:0 0 10px 10px;\" srcset=\"https:\/\/www.infomoney.com.br\/wp-content\/uploads\/2019\/06\/portos-conteineres-santos-brasil-.jpg?w=720&amp;quality=70&amp;strip=all 720w, https:\/\/www.infomoney.com.br\/wp-content\/uploads\/2019\/06\/portos-conteineres-santos-brasil-.jpg?w=300&amp;quality=70&amp;strip=all 300w, https:\/\/www.infomoney.com.br\/wp-content\/uploads\/2019\/06\/portos-conteineres-santos-brasil-.jpg?w=150&amp;quality=70&amp;strip=all 150w\" sizes=\"auto, (max-width: 300px) 100vw, 300px\" data-attachment-id=\"29406\" data-permalink=\"https:\/\/www.infomoney.com.br\/portos-conteineres-santos-brasil\/\" data-orig-file=\"https:\/\/www.infomoney.com.br\/wp-content\/uploads\/2019\/06\/portos-conteineres-santos-brasil-.jpg?fit=720%2C477&amp;quality=70&amp;strip=all\" data-orig-size=\"720,477\" data-comments-opened=\"1\" data-image-meta=\"{&quot;aperture&quot;:&quot;0&quot;,&quot;credit&quot;:&quot;&quot;,&quot;camera&quot;:&quot;&quot;,&quot;caption&quot;:&quot;&quot;,&quot;created_timestamp&quot;:&quot;0&quot;,&quot;copyright&quot;:&quot;&quot;,&quot;focal_length&quot;:&quot;0&quot;,&quot;iso&quot;:&quot;0&quot;,&quot;shutter_speed&quot;:&quot;0&quot;,&quot;title&quot;:&quot;&quot;,&quot;orientation&quot;:&quot;0&quot;}\" data-image-title=\"portos-conteineres-santos-brasil-\" data-image-description=\"&lt;p&gt;Cont\u00eaineres no Porto de Santos&lt;\/p&gt;\n\" data-image-caption=\"&lt;p&gt;(Divulga\u00e7\u00e3o)&lt;\/p&gt;\n\" data-medium-file=\"https:\/\/www.infomoney.com.br\/wp-content\/uploads\/2019\/06\/portos-conteineres-santos-brasil-.jpg?fit=300%2C199&amp;quality=70&amp;strip=all\" data-large-file=\"https:\/\/www.infomoney.com.br\/wp-content\/uploads\/2019\/06\/portos-conteineres-santos-brasil-.jpg?fit=720%2C477&amp;quality=70&amp;strip=all\" title=\"\"><\/p>\n<p>A Organiza&ccedil;&atilde;o Mundial do Com&eacute;rcio (OMC) avalia que uma reforma do sistema global de com&eacute;rcio seria fundamental para lidar com os m&uacute;ltiplos desafios vigentes na economia do planeta. A conclus&atilde;o aparece em relat&oacute;rio anual divulgado nesta ter&ccedil;a-feira (12).<\/p>\n<p>Em particular, a OMC defende o fortalecimento de seu processo deliberativo para incluir quest&otilde;es de seguran&ccedil;a, al&eacute;m de um aumento da transpar&ecirc;ncia. Para a institui&ccedil;&atilde;o, a comunidade internacional precisaria remover v&aacute;rias barreiras comerciais para integrar mais pa&iacute;ses &agrave;s cadeias globais de valores.<\/p>\n<p>&ldquo;A medida mais importante a tomar &eacute; fortalecer o sistema de com&eacute;rcio multilateral baseado em regras, que fornece a estrutura necess&aacute;ria para resili&ecirc;ncia cadeias de abastecimento e resolu&ccedil;&atilde;o pac&iacute;fica de disputas&rdquo;, argumenta a OMC.<\/p>\n<\/p>\n<div class=\"cta-end\">\n<div class=\"im-cta\" >\n<div class=\"im-shortcode-forms bg-light bg-opacity-25 border rounded-4 p-3 p-sm-4 p-md-3 p-lg-4 px-xxl-5 my-5\" data-configuration='{\"form_name\":false,\"form_hat\":\"Newsletter\",\"form_email\":true,\"form_icon\":\"newsletter\",\"form_phone\":false,\"form_campaign\":\"NIM\",\"form_thankyou\":\"\",\"form_journey\":\"APIEvent-26a5198d-8e09-06ef-5f80-cd9127757ad1\",\"form_button\":\"Quero receber\",\"form_context\":\"newsletter\",\"form_origin\":\"https:\\\/\\\/www.infomoney.com.br\\\/politica\\\/feed\\\/?utm_medium=materia&#038;utm_source=infomoney&#038;utm_campaign=NIM&#038;utm_term=politica&#038;utm_content=newsletter\",\"form_position\":\"final\",\"form_category\":\"cta_form\"}'>\n<div class=\"d-flex flex-column align-items-center align-items-lg-start mb-4 flex-lg-row\">\n<div class=\"rounded-circle mb-2 mb-lg-0 mr-lg-4 me-lg-4 p-3 p-lg-4 bg-blue-400\"><svg width=\"40\" height=\"40\" viewBox=\"0 0 40 40\" fill=\"none\" xmlns=\"http:\/\/www.w3.org\/2000\/svg\"><path d=\"M20 20.25 6.042 11.042v19.041c0 .167.048.299.146.396a.535.535 0 0 0 .395.146h15.792V32.5H6.583a2.328 2.328 0 0 1-1.708-.708 2.328 2.328 0 0 1-.708-1.709V9.917c0-.667.236-1.236.708-1.709A2.328 2.328 0 0 1 6.583 7.5h26.834c.666 0 1.236.236 1.708.708a2.33 2.33 0 0 1 .708 1.709v12.458h-1.875V11.042L20 20.25Zm0-2 13.667-8.875H6.333L20 18.25Zm11.75 18.958-1.292-1.333 3.334-3.375h-9v-1.875h9l-3.375-3.417 1.333-1.291 5.667 5.625-5.667 5.666ZM6.042 11.042v20.791-9.458.25-13.25 1.667Z\" fill=\"#fff\"\/><\/svg><\/div>\n<div class=\"flex-fill text-center text-lg-left\">\n<div class=\"h6 small text-orange-700 lh-base mb-1\">Newsletter<\/div>\n<div class=\"text-body h4 m-0\">Infomorning<\/div>\n<div class=\"text-body small lh-base mt-2\">Receba no seu e-mail logo pela manh&atilde; as not&iacute;cias que v&atilde;o mexer com os mercados, com os seus investimentos e o seu bolso durante o dia<\/div>\n<\/div>\n<\/div>\n<\/div>\n<\/div>\n<\/div>\n<p>The post <a rel=\"nofollow noopener\" href=\"https:\/\/www.infomoney.com.br\/politica\/omc-diz-que-reforma-no-sistema-global-de-comercio-seria-fundamental-para-lidar-com-desafios\/\" target=\"_blank\">OMC diz que reforma no sistema global de com\u00e9rcio seria fundamental para lidar com desafios<\/a> appeared first on <a rel=\"nofollow noopener\" href=\"https:\/\/www.infomoney.com.br\/\" target=\"_blank\">InfoMoney<\/a>.<\/p>\n","protected":false},"excerpt":{"rendered":"<p><img loading=\"lazy\" decoding=\"async\" width=\"300\" height=\"199\" src=\"https:\/\/www.infomoney.com.br\/wp-content\/uploads\/2019\/06\/portos-conteineres-santos-brasil-.jpg?fit=300%2C199&amp;quality=70&amp;strip=all\" class=\"attachment-medium size-medium wp-post-image\" alt=\"\" data-attachment-id=\"29406\" data-permalink=\"https:\/\/www.infomoney.com.br\/portos-conteineres-santos-brasil\/\" data-orig-file=\"https:\/\/www.infomoney.com.br\/wp-content\/uploads\/2019\/06\/portos-conteineres-santos-brasil-.jpg?fit=720%2C477&amp;quality=70&amp;strip=all\" data-orig-size=\"720,477\" data-comments-opened=\"1\" data-image-meta='{\"aperture\":\"0\",\"credit\":\"\",\"camera\":\"\",\"caption\":\"\",\"created_timestamp\":\"0\",\"copyright\":\"\",\"focal_length\":\"0\",\"iso\":\"0\",\"shutter_speed\":\"0\",\"title\":\"\",\"orientation\":\"0\"}' data-image-title=\"portos-conteineres-santos-brasil-\" data-image-description=\"&lt;p&gt;Cont\u00eaineres no Porto de Santos&lt;\/p&gt;\n\" data-image-caption=\"&lt;p&gt;(Divulga\u00e7\u00e3o)&lt;\/p&gt;\n\" data-medium-file=\"https:\/\/www.infomoney.com.br\/wp-content\/uploads\/2019\/06\/portos-conteineres-santos-brasil-.jpg?fit=300%2C199&amp;quality=70&amp;strip=all\" data-large-file=\"https:\/\/www.infomoney.com.br\/wp-content\/uploads\/2019\/06\/portos-conteineres-santos-brasil-.jpg?fit=720%2C477&amp;quality=70&amp;strip=all\">Para a institui\u00e7\u00e3o, a comunidade internacional precisaria remover v\u00e1rias barreiras comerciais para integrar mais pa\u00edses \u00e0s cadeias globais de valores<\/p>\n<p>The post <a rel=\"nofollow\" href=\"https:\/\/www.infomoney.com.br\/politica\/omc-diz-que-reforma-no-sistema-global-de-comercio-seria-fundamental-para-lidar-com-desafios\/\">OMC diz que reforma no sistema global de com\u00e9rcio seria fundamental para lidar com desafios<\/a> appeared first on <a rel=\"nofollow\" href=\"https:\/\/www.infomoney.com.br\/\">InfoMoney<\/a>.<\/p>\n","protected":false},"author":43,"featured_media":0,"comment_status":"closed","ping_status":"closed","sticky":false,"template":"","format":"standard","meta":{"advgb_blocks_editor_width":"","advgb_blocks_columns_visual_guide":"","footnotes":""},"categories":[541,34,7302,6173,47,548,9003],"tags":[35],"class_list":["post-33923","post","type-post","status-publish","format-standard","hentry","category-comercio-exterior","category-g1","category-globalizacao","category-omc","category-politica","category-seguranca","category-transparencia","tag-g1"],"author_meta":{"display_name":"Estad\u00e3o Conte\u00fado","author_link":"https:\/\/sindaopcpb.org.br\/author\/estadao-conteudo\/"},"featured_img":null,"coauthors":[],"tax_additional":{"categories":{"linked":["<a href=\"https:\/\/sindaopcpb.org.br\/comercio-exterior\/\" class=\"advgb-post-tax-term\">Com\u00e9rcio Exterior<\/a>","<a href=\"https:\/\/sindaopcpb.org.br\/g1\/\" class=\"advgb-post-tax-term\">G1<\/a>","<a href=\"https:\/\/sindaopcpb.org.br\/globalizacao\/\" class=\"advgb-post-tax-term\">Globaliza\u00e7\u00e3o<\/a>","<a href=\"https:\/\/sindaopcpb.org.br\/omc\/\" class=\"advgb-post-tax-term\">OMC<\/a>","<a href=\"https:\/\/sindaopcpb.org.br\/politica\/\" class=\"advgb-post-tax-term\">POLITICA<\/a>","<a href=\"https:\/\/sindaopcpb.org.br\/seguranca\/\" class=\"advgb-post-tax-term\">Seguran\u00e7a<\/a>","<a href=\"https:\/\/sindaopcpb.org.br\/transparencia\/\" class=\"advgb-post-tax-term\">Transpar\u00eancia<\/a>"],"unlinked":["<span class=\"advgb-post-tax-term\">Com\u00e9rcio Exterior<\/span>","<span class=\"advgb-post-tax-term\">G1<\/span>","<span class=\"advgb-post-tax-term\">Globaliza\u00e7\u00e3o<\/span>","<span class=\"advgb-post-tax-term\">OMC<\/span>","<span class=\"advgb-post-tax-term\">POLITICA<\/span>","<span class=\"advgb-post-tax-term\">Seguran\u00e7a<\/span>","<span class=\"advgb-post-tax-term\">Transpar\u00eancia<\/span>"]},"tags":{"linked":["<a href=\"https:\/\/sindaopcpb.org.br\/transparencia\/\" class=\"advgb-post-tax-term\">g1<\/a>"],"unlinked":["<span class=\"advgb-post-tax-term\">g1<\/span>"]}},"comment_count":"0","relative_dates":{"created":"Publicado 3 anos atr\u00e1s","modified":"Atualizado 3 anos atr\u00e1s"},"absolute_dates":{"created":"Publicado em 12 de setembro de 2023","modified":"Atualizado em 12 de setembro de 2023"},"absolute_dates_time":{"created":"Publicado em 12 de setembro de 2023 09:49","modified":"Atualizado em 12 de setembro de 2023 09:49"},"featured_img_caption":"","series_order":"","_links":{"self":[{"href":"https:\/\/sindaopcpb.org.br\/index.php\/wp-json\/wp\/v2\/posts\/33923","targetHints":{"allow":["GET"]}}],"collection":[{"href":"https:\/\/sindaopcpb.org.br\/index.php\/wp-json\/wp\/v2\/posts"}],"about":[{"href":"https:\/\/sindaopcpb.org.br\/index.php\/wp-json\/wp\/v2\/types\/post"}],"author":[{"embeddable":true,"href":"https:\/\/sindaopcpb.org.br\/index.php\/wp-json\/wp\/v2\/users\/43"}],"replies":[{"embeddable":true,"href":"https:\/\/sindaopcpb.org.br\/index.php\/wp-json\/wp\/v2\/comments?post=33923"}],"version-history":[{"count":1,"href":"https:\/\/sindaopcpb.org.br\/index.php\/wp-json\/wp\/v2\/posts\/33923\/revisions"}],"predecessor-version":[{"id":33924,"href":"https:\/\/sindaopcpb.org.br\/index.php\/wp-json\/wp\/v2\/posts\/33923\/revisions\/33924"}],"wp:attachment":[{"href":"https:\/\/sindaopcpb.org.br\/index.php\/wp-json\/wp\/v2\/media?parent=33923"}],"wp:term":[{"taxonomy":"category","embeddable":true,"href":"https:\/\/sindaopcpb.org.br\/index.php\/wp-json\/wp\/v2\/categories?post=33923"},{"taxonomy":"post_tag","embeddable":true,"href":"https:\/\/sindaopcpb.org.br\/index.php\/wp-json\/wp\/v2\/tags?post=33923"}],"curies":[{"name":"wp","href":"https:\/\/api.w.org\/{rel}","templated":true}]}}