{"id":33911,"date":"2023-09-12T08:38:06","date_gmt":"2023-09-12T11:38:06","guid":{"rendered":"https:\/\/wpa.wscom.com.br\/?p=922588"},"modified":"2023-09-12T08:38:06","modified_gmt":"2023-09-12T11:38:06","slug":"corpo-de-jovem-desaparecida-e-encontrado-esquartejado-em-lixeira","status":"publish","type":"post","link":"https:\/\/sindaopcpb.org.br\/index.php\/2023\/09\/12\/corpo-de-jovem-desaparecida-e-encontrado-esquartejado-em-lixeira\/","title":{"rendered":"Corpo de jovem desaparecida \u00e9 encontrado esquartejado em lixeira"},"content":{"rendered":"<div id=\"chunk-38q8v\">\n<div class=\"mc-column content-text active-extra-styles \" data-block-type=\"unstyled\" data-block-weight=\"38\" data-block-id=\"3\">\n<p class=\"content-text__container \" data-track-category=\"Link no Texto\" data-track-links=\"\">Policiais encontraram o corpo da jovem Julia Vieira, de 24 anos, dentro de uma lixeira, em Madureira, na Zona Norte do Rio, na manh\u00e3 do \u00faltimo domingo (11). Julia deixou dois filhos.<\/p>\n<\/div>\n<\/div>\n<div class=\"wall protected-content\">\n<div id=\"chunk-9hqef\">\n<div class=\"mc-column content-text active-extra-styles \" data-block-type=\"unstyled\" data-block-weight=\"30\" data-block-id=\"4\">\n<p class=\"content-text__container \" data-track-category=\"Link no Texto\" data-track-links=\"\">No local, os PMs encontraram um corpo mutilado, com cabe\u00e7a e membros separados e enrolados em um cobertor. Segundo as primeiras informa\u00e7\u00f5es, Julia Vieira estava desaparecida desde o domingo (3).<\/p>\n<\/div>\n<\/div>\n<div id=\"chunk-9mkc5\">\n<div class=\"mc-column content-text active-extra-styles \" data-block-type=\"unstyled\" data-block-weight=\"16\" data-block-id=\"5\">\n<p class=\"content-text__container \" data-track-category=\"Link no Texto\" data-track-links=\"\">O caso foi registrado na Delegacia de Homic\u00eddios da Capital (DHC), que ficar\u00e1 respons\u00e1vel pelas investiga\u00e7\u00f5es.<\/p>\n<\/div>\n<\/div>\n<div id=\"chunk-5fif8\">\n<div class=\"mc-column content-text active-extra-styles \" data-block-type=\"unstyled\" data-block-weight=\"5\" data-block-id=\"6\">\n<p class=\"content-text__container \" data-track-category=\"Link no Texto\" data-track-links=\"\">\n<\/div>\n<\/div>\n<\/div>\n<p>O post <a rel=\"nofollow noopener\" href=\"https:\/\/wscom.com.br\/corpo-de-jovem-desaparecida-e-encontrado-esquartejado-em-lixeira\/\" target=\"_blank\">Corpo de jovem desaparecida \u00e9 encontrado esquartejado em lixeira<\/a> apareceu primeiro em <a rel=\"nofollow noopener\" href=\"https:\/\/wscom.com.br\/\" target=\"_blank\">WSCOM<\/a>.<\/p>\n","protected":false},"excerpt":{"rendered":"<p>Policiais encontraram o corpo da jovem Julia Vieira, de 24 anos, dentro de uma lixeira, em Madureira, na Zona Norte do Rio, na manh\u00e3 do \u00faltimo domingo (11). Julia deixou dois filhos. No local, os PMs encontraram um corpo mutilado, com cabe\u00e7a e membros separados e enrolados em um cobertor. Segundo as primeiras informa\u00e7\u00f5es, Julia [\u2026]<\/p>\n<p>O post <a rel=\"nofollow\" href=\"https:\/\/wscom.com.br\/corpo-de-jovem-desaparecida-e-encontrado-esquartejado-em-lixeira\/\">Corpo de jovem desaparecida \u00e9 encontrado esquartejado em lixeira<\/a> apareceu primeiro em <a rel=\"nofollow\" href=\"https:\/\/wscom.com.br\/\">WSCOM<\/a>.<\/p>\n","protected":false},"author":50,"featured_media":0,"comment_status":"closed","ping_status":"closed","sticky":false,"template":"","format":"standard","meta":{"advgb_blocks_editor_width":"","advgb_blocks_columns_visual_guide":"","footnotes":""},"categories":[34,1602,66,5028],"tags":[35],"class_list":["post-33911","post","type-post","status-publish","format-standard","hentry","category-g1","category-julia","category-policial","category-vieira","tag-g1"],"author_meta":{"display_name":"Wallyson","author_link":"https:\/\/sindaopcpb.org.br\/author\/wallyson\/"},"featured_img":null,"coauthors":[],"tax_additional":{"categories":{"linked":["<a href=\"https:\/\/sindaopcpb.org.br\/g1\/\" class=\"advgb-post-tax-term\">G1<\/a>","<a href=\"https:\/\/sindaopcpb.org.br\/julia\/\" class=\"advgb-post-tax-term\">julia<\/a>","<a href=\"https:\/\/sindaopcpb.org.br\/policial\/\" class=\"advgb-post-tax-term\">Policial<\/a>","<a href=\"https:\/\/sindaopcpb.org.br\/vieira\/\" class=\"advgb-post-tax-term\">Vieira<\/a>"],"unlinked":["<span class=\"advgb-post-tax-term\">G1<\/span>","<span class=\"advgb-post-tax-term\">julia<\/span>","<span class=\"advgb-post-tax-term\">Policial<\/span>","<span class=\"advgb-post-tax-term\">Vieira<\/span>"]},"tags":{"linked":["<a href=\"https:\/\/sindaopcpb.org.br\/vieira\/\" class=\"advgb-post-tax-term\">g1<\/a>"],"unlinked":["<span class=\"advgb-post-tax-term\">g1<\/span>"]}},"comment_count":"0","relative_dates":{"created":"Publicado 3 anos atr\u00e1s","modified":"Atualizado 3 anos atr\u00e1s"},"absolute_dates":{"created":"Publicado em 12 de setembro de 2023","modified":"Atualizado em 12 de setembro de 2023"},"absolute_dates_time":{"created":"Publicado em 12 de setembro de 2023 08:38","modified":"Atualizado em 12 de setembro de 2023 08:38"},"featured_img_caption":"","series_order":"","_links":{"self":[{"href":"https:\/\/sindaopcpb.org.br\/index.php\/wp-json\/wp\/v2\/posts\/33911","targetHints":{"allow":["GET"]}}],"collection":[{"href":"https:\/\/sindaopcpb.org.br\/index.php\/wp-json\/wp\/v2\/posts"}],"about":[{"href":"https:\/\/sindaopcpb.org.br\/index.php\/wp-json\/wp\/v2\/types\/post"}],"author":[{"embeddable":true,"href":"https:\/\/sindaopcpb.org.br\/index.php\/wp-json\/wp\/v2\/users\/50"}],"replies":[{"embeddable":true,"href":"https:\/\/sindaopcpb.org.br\/index.php\/wp-json\/wp\/v2\/comments?post=33911"}],"version-history":[{"count":1,"href":"https:\/\/sindaopcpb.org.br\/index.php\/wp-json\/wp\/v2\/posts\/33911\/revisions"}],"predecessor-version":[{"id":33912,"href":"https:\/\/sindaopcpb.org.br\/index.php\/wp-json\/wp\/v2\/posts\/33911\/revisions\/33912"}],"wp:attachment":[{"href":"https:\/\/sindaopcpb.org.br\/index.php\/wp-json\/wp\/v2\/media?parent=33911"}],"wp:term":[{"taxonomy":"category","embeddable":true,"href":"https:\/\/sindaopcpb.org.br\/index.php\/wp-json\/wp\/v2\/categories?post=33911"},{"taxonomy":"post_tag","embeddable":true,"href":"https:\/\/sindaopcpb.org.br\/index.php\/wp-json\/wp\/v2\/tags?post=33911"}],"curies":[{"name":"wp","href":"https:\/\/api.w.org\/{rel}","templated":true}]}}