{"id":33907,"date":"2023-09-12T08:46:45","date_gmt":"2023-09-12T11:46:45","guid":{"rendered":"https:\/\/wpa.wscom.com.br\/?p=922594"},"modified":"2023-09-12T08:46:45","modified_gmt":"2023-09-12T11:46:45","slug":"paraibanos-radicados-em-sp-lancam-disco-em-espetaculo-gratuito-em-joao-pessoa","status":"publish","type":"post","link":"https:\/\/sindaopcpb.org.br\/index.php\/2023\/09\/12\/paraibanos-radicados-em-sp-lancam-disco-em-espetaculo-gratuito-em-joao-pessoa\/","title":{"rendered":"Paraibanos radicados em SP lan\u00e7am disco em espet\u00e1culo gratuito em Jo\u00e3o Pessoa"},"content":{"rendered":"<p>Radicados em S\u00e3o Paulo, os paraibanos Salom\u00e3o Soares e Guegu\u00e9 Medeiros, voltam \u00e0 Jo\u00e3o Pessoa para lan\u00e7ar o disco que celebra suas ra\u00edzes, na forma\u00e7\u00e3o de piano e zabumba.\u00a0<em><strong>Bai\u00e3o de Dois<\/strong><\/em>, \u00e1lbum que acaba de ser disponibilizado nas plataformas digitais ser\u00e1 apresentado em espet\u00e1culo gratuito no dia 16 de setembro, s\u00e1bado, \u00e0s 16 horas, no Hotel Globo, dentro da programa\u00e7\u00e3o do Festival Centro em Cena.<\/p>\n<p>A uni\u00e3o do pianista e compositor Salom\u00e3o Soares e o zabumbeiro, produtor musical e tamb\u00e9m compositor Guegu\u00e9 Medeiros n\u00e3o \u00e9 s\u00f3 na m\u00fasica. Amigos, nascidos na Para\u00edba,\u00a0levaram para o est\u00fadio, as refer\u00eancias pessoais da m\u00fasica nordestina, al\u00e9m de cl\u00e1ssicos brasileiros, numa forma\u00e7\u00e3o bastante singular, com piano e zabumba. Nesse \u00e1lbum, os m\u00fasicos tamb\u00e9m reverenciam o forr\u00f3, apresentando um pouco da cultura da regi\u00e3o nordeste do pa\u00eds. O g\u00eanero, por natureza, \u00e9 uma celebra\u00e7\u00e3o que transmite felicidade, autenticidade e conex\u00e3o interpessoal. &#8220;Esse ambiente inspirador nos incentivou a conceber arranjos inovadores e a explorar a improvisa\u00e7\u00e3o&#8221;, conta Guegu\u00e9. E Salom\u00e3o completa \u201cComo paraibanos, tivemos o privil\u00e9gio de crescer imersos na riqueza musical que permeia os bailes juninos e as festas nos s\u00edtios do nosso amado nordeste.<\/p>\n<p>O repert\u00f3rio \u00e9 uma parte t\u00e3o importante da nossa hist\u00f3ria, carrega consigo mem\u00f3rias afetuosas e fortalece ainda mais a nossa conex\u00e3o com as tradi\u00e7\u00f5es regionais&#8221;. Foram gravadas as m\u00fasicas Doidinho, Doidinho (Dominguinhos, Anast\u00e1cia), Nilopolitano (Dominguinhos), Sete An\u00e9is (Egberto Gismonti), Paratodos (Chico Buarque), Ponteio (Edu Lobo e Capinan), Nen\u00e9m Mulher (Pinto do Acordeon), 13 de Dezembro (Luiz Gonzaga) e Feira de Mangaio (Sivuca e Glorinha Gadelha).<\/p>\n<p>Nascido e criado em Cruz do Esp\u00edrito Santo, interior da Para\u00edba, e atualmente morando em S\u00e3o Paulo,\u00a0<strong>Salom\u00e3o Soares<\/strong>\u00a0\u00e9 pianista, arranjador e compositor. Vem se destacando como uma das grandes revela\u00e7\u00f5es da nova gera\u00e7\u00e3o de instrumentistas brasileiros e j\u00e1 dividiu palco com nomes marcantes da m\u00fasica brasileira como Hermeto Pascoal, Toninho Horta, Hamilton de Holanda, Leny Andrade, Fil\u00f3 Machado, Nen\u00ea, Arismar do Esp\u00edrito Santo, Toninho Ferragutti (com quem gravou um disco em duo), entre tantos outros. \u00c9 vencedor do Pr\u00eamio MIMO Instrumental 2017, finalista do Piano Competition no Festival de Montreux 2017 \u2013 Su\u00ed\u00e7a e vencedor do Pr\u00eamio Novos Talentos do Festival Savassi 2018, em Belo Horizonte (MG). Sua discografia inicia com Alegria de Matuto &#8211; Salom\u00e3o Soares Quarteto (2018), depois Toninho Ferragutti &amp; Salom\u00e3o Soares (2018) e ainda no mesmo ano, Salom\u00e3o Soares &amp; Nivaldo Candido Duo &#8211; Gravado e lan\u00e7ado na Su\u00ed\u00e7a. Em 2019, lan\u00e7a Colorido Urbano &#8211; Salom\u00e3o Soares Trio, Ch\u00e3o de Flutuar &#8211; Salom\u00e3o Soares &amp; Vanessa Moreno e em 2021, Yatra-T\u00e1 -Salom\u00e3o Soares &amp; Vanessa Moreno.<\/p>\n<p>Foi em Jo\u00e3o Pessoa, que\u00a0<strong>Guegu\u00e9 Medeiros<\/strong>, nasceu e cresceu como parte de uma numerosa fam\u00edlia de artistas. Em sua carreira, de mais de 30 anos na m\u00fasica, j\u00e1 dividiu, e com muitos ainda divide os palcos, grava\u00e7\u00f5es ou produ\u00e7\u00f5es, no Brasil e no mundo, com artistas como Chico Cesar, Moacir Santos, Gilberto Gil, Dominguinhos, Sivuca, Ney Matogrosso, Arnaldo Antunes, Luiz Melodia, Lenine, Zeca Baleiro, Seu Jorge, Anast\u00e1cia, Martin\u00e1lia, Sandra de S\u00e1, Elba Ramalho, Nelson Ayres, Proveta, Xangai, Lucy Alves, Maria Alcina, Quinteto da Para\u00edba, Jo\u00e3o Linhares, Arthur Maia, Toninho Ferragutti, Ricardo Herz, Z\u00e9 Pitoco, Beatles Cordel, Danilo Moraes e Forr\u00f3 Picadinho, entre tantos outros. Como produtor musical, assina \u00e1lbuns como \u201cCatabi\u201d Guegu\u00e9 Medeiros; \u201cAos Meus\u201d Guegu\u00e9 Medeiros; \u201cFrancisco, Forr\u00f3 &amp; Frevo\u201d Chico C\u00e9sar; \u201cBrasileran\u00e7a\u201d Xangai e Quinteto da Para\u00edba, entre muitos outros. Em 2020, produziu \u201cZabumba\u201d, o primeiro document\u00e1rio sobre o instrumento do Brasil, com a participa\u00e7\u00e3o de grandes mestres zabumbeiros.<\/p>\n<p><strong>SERVI\u00c7O: LAN\u00c7AMENTO BAI\u00c3O DE DOIS &#8211; SALOM\u00c3O SOARES E GUEGU\u00c9 MEDEIROS<\/strong><\/p>\n<p>Data e hor\u00e1rio: dia 16 de setembro, \u00e0s 16 horas<\/p>\n<p>Local: Hotel Globo &#8211; Largo de S\u00e3o Frei Pedro Gon\u00e7alves, Pra\u00e7a S\u00e3o Pedro Gon\u00e7alves, 7 &#8211; Varadouro, Jo\u00e3o Pessoa &#8211; PB<\/p>\n<p><strong>Espet\u00e1culo gratuito<\/strong><\/p>\n<p>&nbsp;<\/p>\n<p><strong>BAI\u00c3O DE DOIS | FICHA T\u00c9CNICA<\/strong><\/p>\n<p>Salom\u00e3o Soares &#8211; Piano<\/p>\n<p>Guegu\u00e9 Medeiros &#8211; Zabumba<\/p>\n<p>Apoio Est\u00fadio Gargol\u00e2ndia Gravado nos dias 16 e 17 de mar\u00e7o de 2023 no Est\u00fadio Gargol\u00e2ndia, Alambari, SP.<\/p>\n<p>Produ\u00e7\u00e3o musical &#8211; Salom\u00e3o Soares e Guegu\u00e9 Medeiros<\/p>\n<p>Capta\u00e7\u00e3o: Thiago Baggio Mix e Master: Thiago Monteiro<\/p>\n<p>Afina\u00e7\u00e3o do piano: Armando Arone<\/p>\n<p>Fotos: Dani Gurgel<\/p>\n<p>C\u00e2mera e finaliza\u00e7\u00e3o: Renan Mansur<\/p>\n<p>C\u00e2mera e edi\u00e7\u00e3o: Serginho Prado<\/p>\n<p>Figurino: Amrita<\/p>\n<p>Maquiagem &#8211; La\u00eds Klein<\/p>\n<p>Arte da Capa: Daniel Vincent<\/p>\n<p>O post <a rel=\"nofollow noopener\" href=\"https:\/\/wscom.com.br\/paraibanos-radicados-em-sp-lancam-disco-em-espetaculo-gratuito\/\" target=\"_blank\">Paraibanos radicados em SP lan\u00e7am disco em espet\u00e1culo gratuito em Jo\u00e3o Pessoa<\/a> apareceu primeiro em <a rel=\"nofollow noopener\" href=\"https:\/\/wscom.com.br\/\" target=\"_blank\">WSCOM<\/a>.<\/p>\n","protected":false},"excerpt":{"rendered":"<p>Radicados em S\u00e3o Paulo, os paraibanos Salom\u00e3o Soares e Guegu\u00e9 Medeiros, voltam \u00e0 Jo\u00e3o Pessoa para lan\u00e7ar o disco que celebra suas ra\u00edzes, na forma\u00e7\u00e3o de piano e zabumba.\u00a0Bai\u00e3o de Dois, \u00e1lbum que acaba de ser disponibilizado nas plataformas digitais ser\u00e1 apresentado em espet\u00e1culo gratuito no dia 16 de setembro, s\u00e1bado, \u00e0s 16 horas, no [\u2026]<\/p>\n<p>O post <a rel=\"nofollow\" href=\"https:\/\/wscom.com.br\/paraibanos-radicados-em-sp-lancam-disco-em-espetaculo-gratuito\/\">Paraibanos radicados em SP lan\u00e7am disco em espet\u00e1culo gratuito em Jo\u00e3o Pessoa<\/a> apareceu primeiro em <a rel=\"nofollow\" href=\"https:\/\/wscom.com.br\/\">WSCOM<\/a>.<\/p>\n","protected":false},"author":50,"featured_media":0,"comment_status":"closed","ping_status":"closed","sticky":false,"template":"","format":"standard","meta":{"advgb_blocks_editor_width":"","advgb_blocks_columns_visual_guide":"","footnotes":""},"categories":[4168,170,8999,4354,34],"tags":[35],"class_list":["post-33907","post","type-post","status-publish","format-standard","hentry","category-baiao","category-cultura","category-dois","category-espetaculo","category-g1","tag-g1"],"author_meta":{"display_name":"Wallyson","author_link":"https:\/\/sindaopcpb.org.br\/author\/wallyson\/"},"featured_img":null,"coauthors":[],"tax_additional":{"categories":{"linked":["<a href=\"https:\/\/sindaopcpb.org.br\/baiao\/\" class=\"advgb-post-tax-term\">Bai\u00e3o<\/a>","<a href=\"https:\/\/sindaopcpb.org.br\/cultura\/\" class=\"advgb-post-tax-term\">Cultura<\/a>","<a href=\"https:\/\/sindaopcpb.org.br\/dois\/\" class=\"advgb-post-tax-term\">dois<\/a>","<a href=\"https:\/\/sindaopcpb.org.br\/espetaculo\/\" class=\"advgb-post-tax-term\">espet\u00e1culo<\/a>","<a href=\"https:\/\/sindaopcpb.org.br\/g1\/\" class=\"advgb-post-tax-term\">G1<\/a>"],"unlinked":["<span class=\"advgb-post-tax-term\">Bai\u00e3o<\/span>","<span class=\"advgb-post-tax-term\">Cultura<\/span>","<span class=\"advgb-post-tax-term\">dois<\/span>","<span class=\"advgb-post-tax-term\">espet\u00e1culo<\/span>","<span class=\"advgb-post-tax-term\">G1<\/span>"]},"tags":{"linked":["<a href=\"https:\/\/sindaopcpb.org.br\/g1\/\" class=\"advgb-post-tax-term\">g1<\/a>"],"unlinked":["<span class=\"advgb-post-tax-term\">g1<\/span>"]}},"comment_count":"0","relative_dates":{"created":"Publicado 3 anos atr\u00e1s","modified":"Atualizado 3 anos atr\u00e1s"},"absolute_dates":{"created":"Publicado em 12 de setembro de 2023","modified":"Atualizado em 12 de setembro de 2023"},"absolute_dates_time":{"created":"Publicado em 12 de setembro de 2023 08:46","modified":"Atualizado em 12 de setembro de 2023 08:46"},"featured_img_caption":"","series_order":"","_links":{"self":[{"href":"https:\/\/sindaopcpb.org.br\/index.php\/wp-json\/wp\/v2\/posts\/33907","targetHints":{"allow":["GET"]}}],"collection":[{"href":"https:\/\/sindaopcpb.org.br\/index.php\/wp-json\/wp\/v2\/posts"}],"about":[{"href":"https:\/\/sindaopcpb.org.br\/index.php\/wp-json\/wp\/v2\/types\/post"}],"author":[{"embeddable":true,"href":"https:\/\/sindaopcpb.org.br\/index.php\/wp-json\/wp\/v2\/users\/50"}],"replies":[{"embeddable":true,"href":"https:\/\/sindaopcpb.org.br\/index.php\/wp-json\/wp\/v2\/comments?post=33907"}],"version-history":[{"count":1,"href":"https:\/\/sindaopcpb.org.br\/index.php\/wp-json\/wp\/v2\/posts\/33907\/revisions"}],"predecessor-version":[{"id":33908,"href":"https:\/\/sindaopcpb.org.br\/index.php\/wp-json\/wp\/v2\/posts\/33907\/revisions\/33908"}],"wp:attachment":[{"href":"https:\/\/sindaopcpb.org.br\/index.php\/wp-json\/wp\/v2\/media?parent=33907"}],"wp:term":[{"taxonomy":"category","embeddable":true,"href":"https:\/\/sindaopcpb.org.br\/index.php\/wp-json\/wp\/v2\/categories?post=33907"},{"taxonomy":"post_tag","embeddable":true,"href":"https:\/\/sindaopcpb.org.br\/index.php\/wp-json\/wp\/v2\/tags?post=33907"}],"curies":[{"name":"wp","href":"https:\/\/api.w.org\/{rel}","templated":true}]}}