{"id":33865,"date":"2023-09-11T18:10:13","date_gmt":"2023-09-11T21:10:13","guid":{"rendered":"https:\/\/www.infomoney.com.br\/?p=2239218"},"modified":"2023-09-11T18:10:13","modified_gmt":"2023-09-11T21:10:13","slug":"proposta-regulamenta-compensacao-de-r-27-bilhoes-no-icms-dos-estados","status":"publish","type":"post","link":"https:\/\/sindaopcpb.org.br\/index.php\/2023\/09\/11\/proposta-regulamenta-compensacao-de-r-27-bilhoes-no-icms-dos-estados\/","title":{"rendered":"Proposta regulamenta compensa\u00e7\u00e3o de R$ 27 bilh\u00f5es no ICMS dos estados"},"content":{"rendered":"<p><img loading=\"lazy\" width=\"300\" height=\"200\" src=\"https:\/\/www.infomoney.com.br\/wp-content\/uploads\/2023\/05\/img20230517175627214MED.jpg?fit=300%2C200&amp;quality=70&amp;strip=all\" class=\"attachment-medium size-medium wp-post-image\" alt=\"\" decoding=\"async\" style=\"float:right; margin:0 0 10px 10px;\" srcset=\"https:\/\/www.infomoney.com.br\/wp-content\/uploads\/2023\/05\/img20230517175627214MED.jpg?w=1000&amp;quality=70&amp;strip=all 1000w, https:\/\/www.infomoney.com.br\/wp-content\/uploads\/2023\/05\/img20230517175627214MED.jpg?w=300&amp;quality=70&amp;strip=all 300w, https:\/\/www.infomoney.com.br\/wp-content\/uploads\/2023\/05\/img20230517175627214MED.jpg?w=768&amp;quality=70&amp;strip=all 768w, https:\/\/www.infomoney.com.br\/wp-content\/uploads\/2023\/05\/img20230517175627214MED.jpg?w=150&amp;quality=70&amp;strip=all 150w\" sizes=\"auto, (max-width: 300px) 100vw, 300px\" data-attachment-id=\"2138038\" data-permalink=\"https:\/\/www.infomoney.com.br\/politica\/pl-de-bolsonaro-entregou-29-votos-para-urgencia-do-arcabouco-fiscal-uniao-brasil-com-ministerios-no-governo-teve-11-votos-contrarios\/attachment\/img20230517175627214med\/\" data-orig-file=\"https:\/\/www.infomoney.com.br\/wp-content\/uploads\/2023\/05\/img20230517175627214MED.jpg?fit=1000%2C667&amp;quality=70&amp;strip=all\" data-orig-size=\"1000,667\" data-comments-opened=\"0\" data-image-meta=\"{&quot;aperture&quot;:&quot;0&quot;,&quot;credit&quot;:&quot;&quot;,&quot;camera&quot;:&quot;&quot;,&quot;caption&quot;:&quot;&quot;,&quot;created_timestamp&quot;:&quot;0&quot;,&quot;copyright&quot;:&quot;&quot;,&quot;focal_length&quot;:&quot;0&quot;,&quot;iso&quot;:&quot;0&quot;,&quot;shutter_speed&quot;:&quot;0&quot;,&quot;title&quot;:&quot;&quot;,&quot;orientation&quot;:&quot;0&quot;}\" data-image-title=\"C\u00e2mara dos Deputados\" data-image-description=\"\" data-image-caption=\"&lt;p&gt;O plen\u00e1rio da C\u00e2mara dos Deputados durante sess\u00e3o deliberativa extraordin\u00e1ria (Foto: Zeca Ribeiro\/C\u00e2mara dos Deputados)&lt;\/p&gt;\n\" data-medium-file=\"https:\/\/www.infomoney.com.br\/wp-content\/uploads\/2023\/05\/img20230517175627214MED.jpg?fit=300%2C200&amp;quality=70&amp;strip=all\" data-large-file=\"https:\/\/www.infomoney.com.br\/wp-content\/uploads\/2023\/05\/img20230517175627214MED.jpg?fit=1000%2C667&amp;quality=70&amp;strip=all\" title=\"\"><\/p>\n<p>O Projeto de Lei Complementar (PLP) 136\/23, do Poder Executivo, regulamenta a compensa&ccedil;&atilde;o de R$ 27 bilh&otilde;es aos estados e ao Distrito Federal ap&oacute;s mudan&ccedil;as (em 2022) na cobran&ccedil;a do Imposto de Circula&ccedil;&atilde;o de Mercadorias e Servi&ccedil;os (ICMS) sobre combust&iacute;veis, energia el&eacute;trica, comunica&ccedil;&otilde;es e transportes.<\/p>\n<p>O texto em an&aacute;lise na C&acirc;mara dos Deputados formaliza acordo entre os governos federal e estaduais homologado pelo Supremo Tribunal Federal (STF) em junho. &ldquo;&Eacute; importante para a sustentabilidade fiscal dos estados e das contas nacionais&rdquo;, disse o ministro da Fazenda, Fernando Haddad, ao anunciar o acordo, em maio.<\/p>\n<p>Na gest&atilde;o Bolsonaro, duas leis complementares (192\/22 e 194\/22) alteraram a cobran&ccedil;a do ICMS, com preju&iacute;zo aos caixas estaduais. Governadores foram &agrave; Justi&ccedil;a, obtendo liminares no STF. Do total envolvido no acordo, mais de R$ 15,2 bilh&otilde;es j&aacute; foram compensados pela Uni&atilde;o, e o resto ser&aacute; repassado at&eacute; 2025.<\/p>\n<p>Estados que t&ecirc;m a receber at&eacute; R$ 150 milh&otilde;es contar&atilde;o com 50% em 2023 e 50% em 2024. Aqueles que t&ecirc;m entre R$ 150 milh&otilde;es e R$ 500 milh&otilde;es a receber, ter&atilde;o 1\/3 do valor em 2023 e 2\/3 em 2024. Quando o montante superar R$ 500 milh&otilde;es a receber, a compensa&ccedil;&atilde;o ser&aacute; de 25% em 2023, 50% em 2024 e 25% em 2025.<\/p>\n<p>Estados em Regime de Recupera&ccedil;&atilde;o Fiscal (Rio de Janeiro, Goi&aacute;s e Rio Grande do Sul) receber&atilde;o da mesma forma, com a diferen&ccedil;a de que poder&atilde;o abater R$ 900 milh&otilde;es na parcela das d&iacute;vidas com a Uni&atilde;o em 2026. Em raz&atilde;o do ajuste fiscal, esses estados est&atilde;o quitando d&eacute;bitos com a Uni&atilde;o em condi&ccedil;&otilde;es especiais.<\/p>\n<h2><strong>Tramita&ccedil;&atilde;o<\/strong><\/h2>\n<p>O projeto ser&aacute; analisado pelas comiss&otilde;es permanentes da C&acirc;mara e depois seguir&aacute; para o Plen&aacute;rio, onde tramita em regime de urg&ecirc;ncia.<\/p>\n<\/p>\n<div class=\"cta-end\">\n<div class=\"im-cta\" >\n<div class=\"im-shortcode-forms bg-light bg-opacity-25 border rounded-4 p-3 p-sm-4 p-md-3 p-lg-4 px-xxl-5 my-5\" data-configuration='{\"form_name\":false,\"form_hat\":\"Newsletter\",\"form_email\":true,\"form_icon\":\"newsletter\",\"form_phone\":false,\"form_campaign\":\"NIM\",\"form_thankyou\":\"\",\"form_journey\":\"APIEvent-26a5198d-8e09-06ef-5f80-cd9127757ad1\",\"form_button\":\"Quero receber\",\"form_context\":\"newsletter\",\"form_origin\":\"https:\\\/\\\/www.infomoney.com.br\\\/politica\\\/feed\\\/?utm_medium=materia&#038;utm_source=infomoney&#038;utm_campaign=NIM&#038;utm_term=politica&#038;utm_content=newsletter\",\"form_position\":\"final\",\"form_category\":\"cta_form\"}'>\n<div class=\"d-flex flex-column align-items-center align-items-lg-start mb-4 flex-lg-row\">\n<div class=\"rounded-circle mb-2 mb-lg-0 mr-lg-4 me-lg-4 p-3 p-lg-4 bg-blue-400\"><svg width=\"40\" height=\"40\" viewBox=\"0 0 40 40\" fill=\"none\" xmlns=\"http:\/\/www.w3.org\/2000\/svg\"><path d=\"M20 20.25 6.042 11.042v19.041c0 .167.048.299.146.396a.535.535 0 0 0 .395.146h15.792V32.5H6.583a2.328 2.328 0 0 1-1.708-.708 2.328 2.328 0 0 1-.708-1.709V9.917c0-.667.236-1.236.708-1.709A2.328 2.328 0 0 1 6.583 7.5h26.834c.666 0 1.236.236 1.708.708a2.33 2.33 0 0 1 .708 1.709v12.458h-1.875V11.042L20 20.25Zm0-2 13.667-8.875H6.333L20 18.25Zm11.75 18.958-1.292-1.333 3.334-3.375h-9v-1.875h9l-3.375-3.417 1.333-1.291 5.667 5.625-5.667 5.666ZM6.042 11.042v20.791-9.458.25-13.25 1.667Z\" fill=\"#fff\"\/><\/svg><\/div>\n<div class=\"flex-fill text-center text-lg-left\">\n<div class=\"h6 small text-orange-700 lh-base mb-1\">Newsletter<\/div>\n<div class=\"text-body h4 m-0\">Infomorning<\/div>\n<div class=\"text-body small lh-base mt-2\">Receba no seu e-mail logo pela manh&atilde; as not&iacute;cias que v&atilde;o mexer com os mercados, com os seus investimentos e o seu bolso durante o dia<\/div>\n<\/div>\n<\/div>\n<\/div>\n<\/div>\n<\/div>\n<p>The post <a rel=\"nofollow noopener\" href=\"https:\/\/www.infomoney.com.br\/politica\/proposta-regulamenta-compensacao-de-r-27-bilhoes-no-icms-dos-estados\/\" target=\"_blank\">Proposta regulamenta compensa\u00e7\u00e3o de R$ 27 bilh\u00f5es no ICMS dos estados<\/a> appeared first on <a rel=\"nofollow noopener\" href=\"https:\/\/www.infomoney.com.br\/\" target=\"_blank\">InfoMoney<\/a>.<\/p>\n","protected":false},"excerpt":{"rendered":"<p><img loading=\"lazy\" decoding=\"async\" width=\"300\" height=\"200\" src=\"https:\/\/www.infomoney.com.br\/wp-content\/uploads\/2023\/05\/img20230517175627214MED.jpg?fit=300%2C200&amp;quality=70&amp;strip=all\" class=\"attachment-medium size-medium wp-post-image\" alt=\"\" data-attachment-id=\"2138038\" data-permalink=\"https:\/\/www.infomoney.com.br\/politica\/pl-de-bolsonaro-entregou-29-votos-para-urgencia-do-arcabouco-fiscal-uniao-brasil-com-ministerios-no-governo-teve-11-votos-contrarios\/attachment\/img20230517175627214med\/\" data-orig-file=\"https:\/\/www.infomoney.com.br\/wp-content\/uploads\/2023\/05\/img20230517175627214MED.jpg?fit=1000%2C667&amp;quality=70&amp;strip=all\" data-orig-size=\"1000,667\" data-comments-opened=\"0\" data-image-meta='{\"aperture\":\"0\",\"credit\":\"\",\"camera\":\"\",\"caption\":\"\",\"created_timestamp\":\"0\",\"copyright\":\"\",\"focal_length\":\"0\",\"iso\":\"0\",\"shutter_speed\":\"0\",\"title\":\"\",\"orientation\":\"0\"}' data-image-title=\"C\u00e2mara dos Deputados\" data-image-description=\"\" data-image-caption=\"&lt;p&gt;O plen\u00e1rio da C\u00e2mara dos Deputados durante sess\u00e3o deliberativa extraordin\u00e1ria (Foto: Zeca Ribeiro\/C\u00e2mara dos Deputados)&lt;\/p&gt;\n\" data-medium-file=\"https:\/\/www.infomoney.com.br\/wp-content\/uploads\/2023\/05\/img20230517175627214MED.jpg?fit=300%2C200&amp;quality=70&amp;strip=all\" data-large-file=\"https:\/\/www.infomoney.com.br\/wp-content\/uploads\/2023\/05\/img20230517175627214MED.jpg?fit=1000%2C667&amp;quality=70&amp;strip=all\">Texto em an\u00e1lise na C\u00e2mara formaliza acordo entre os governos federal e estaduais homologado pelo Supremo Tribunal Federal<\/p>\n<p>The post <a rel=\"nofollow\" href=\"https:\/\/www.infomoney.com.br\/politica\/proposta-regulamenta-compensacao-de-r-27-bilhoes-no-icms-dos-estados\/\">Proposta regulamenta compensa\u00e7\u00e3o de R$ 27 bilh\u00f5es no ICMS dos estados<\/a> appeared first on <a rel=\"nofollow\" href=\"https:\/\/www.infomoney.com.br\/\">InfoMoney<\/a>.<\/p>\n","protected":false},"author":47,"featured_media":0,"comment_status":"closed","ping_status":"closed","sticky":false,"template":"","format":"standard","meta":{"advgb_blocks_editor_width":"","advgb_blocks_columns_visual_guide":"","footnotes":""},"categories":[276,34,128,47],"tags":[35,50],"class_list":["post-33865","post","type-post","status-publish","format-standard","hentry","category-camara-dos-deputados","category-g1","category-icms","category-politica","tag-g1","tag-projeto-de-lei"],"author_meta":{"display_name":"luispereira","author_link":"https:\/\/sindaopcpb.org.br\/author\/luispereira\/"},"featured_img":null,"coauthors":[],"tax_additional":{"categories":{"linked":["<a href=\"https:\/\/sindaopcpb.org.br\/camara-dos-deputados\/\" class=\"advgb-post-tax-term\">C\u00e2mara dos Deputados<\/a>","<a href=\"https:\/\/sindaopcpb.org.br\/g1\/\" class=\"advgb-post-tax-term\">G1<\/a>","<a href=\"https:\/\/sindaopcpb.org.br\/icms\/\" class=\"advgb-post-tax-term\">ICMS<\/a>","<a href=\"https:\/\/sindaopcpb.org.br\/politica\/\" class=\"advgb-post-tax-term\">POLITICA<\/a>"],"unlinked":["<span class=\"advgb-post-tax-term\">C\u00e2mara dos Deputados<\/span>","<span class=\"advgb-post-tax-term\">G1<\/span>","<span class=\"advgb-post-tax-term\">ICMS<\/span>","<span class=\"advgb-post-tax-term\">POLITICA<\/span>"]},"tags":{"linked":["<a href=\"https:\/\/sindaopcpb.org.br\/politica\/\" class=\"advgb-post-tax-term\">g1<\/a>","<a href=\"https:\/\/sindaopcpb.org.br\/politica\/\" class=\"advgb-post-tax-term\">projeto de lei<\/a>"],"unlinked":["<span class=\"advgb-post-tax-term\">g1<\/span>","<span class=\"advgb-post-tax-term\">projeto de lei<\/span>"]}},"comment_count":"0","relative_dates":{"created":"Publicado 3 anos atr\u00e1s","modified":"Atualizado 3 anos atr\u00e1s"},"absolute_dates":{"created":"Publicado em 11 de setembro de 2023","modified":"Atualizado em 11 de setembro de 2023"},"absolute_dates_time":{"created":"Publicado em 11 de setembro de 2023 18:10","modified":"Atualizado em 11 de setembro de 2023 18:10"},"featured_img_caption":"","series_order":"","_links":{"self":[{"href":"https:\/\/sindaopcpb.org.br\/index.php\/wp-json\/wp\/v2\/posts\/33865","targetHints":{"allow":["GET"]}}],"collection":[{"href":"https:\/\/sindaopcpb.org.br\/index.php\/wp-json\/wp\/v2\/posts"}],"about":[{"href":"https:\/\/sindaopcpb.org.br\/index.php\/wp-json\/wp\/v2\/types\/post"}],"author":[{"embeddable":true,"href":"https:\/\/sindaopcpb.org.br\/index.php\/wp-json\/wp\/v2\/users\/47"}],"replies":[{"embeddable":true,"href":"https:\/\/sindaopcpb.org.br\/index.php\/wp-json\/wp\/v2\/comments?post=33865"}],"version-history":[{"count":1,"href":"https:\/\/sindaopcpb.org.br\/index.php\/wp-json\/wp\/v2\/posts\/33865\/revisions"}],"predecessor-version":[{"id":33866,"href":"https:\/\/sindaopcpb.org.br\/index.php\/wp-json\/wp\/v2\/posts\/33865\/revisions\/33866"}],"wp:attachment":[{"href":"https:\/\/sindaopcpb.org.br\/index.php\/wp-json\/wp\/v2\/media?parent=33865"}],"wp:term":[{"taxonomy":"category","embeddable":true,"href":"https:\/\/sindaopcpb.org.br\/index.php\/wp-json\/wp\/v2\/categories?post=33865"},{"taxonomy":"post_tag","embeddable":true,"href":"https:\/\/sindaopcpb.org.br\/index.php\/wp-json\/wp\/v2\/tags?post=33865"}],"curies":[{"name":"wp","href":"https:\/\/api.w.org\/{rel}","templated":true}]}}