{"id":33854,"date":"2023-09-11T18:27:13","date_gmt":"2023-09-11T21:27:13","guid":{"rendered":"https:\/\/wpa.wscom.com.br\/?p=922512"},"modified":"2023-09-11T18:27:13","modified_gmt":"2023-09-11T21:27:13","slug":"livia-andrade-se-emociona-ao-mandar-recado-para-silvio-santos","status":"publish","type":"post","link":"https:\/\/sindaopcpb.org.br\/index.php\/2023\/09\/11\/livia-andrade-se-emociona-ao-mandar-recado-para-silvio-santos\/","title":{"rendered":"L\u00edvia Andrade se emociona ao mandar recado para Silvio Santos"},"content":{"rendered":"<p><span data-contrast=\"auto\">Durante a apresenta\u00e7\u00e3o do ator Tiago Abravanel no quadro Batalha do Lip Sync do programa Domig\u00e3o com Luciano Huck em que ele homenageou o av\u00f4, um dos mais famosos apresentadores dominicais da televis\u00e3o brasileira, L\u00edvia Andrade decidiu mandar um recado para Silvio Santos enquanto n\u00e3o conteve as l\u00e1grimas. L\u00edvia falou sobre os dez anos que passou no SBT trabalhando ao lado de Silvio Santos. <\/span><span data-ccp-props=\"{&quot;201341983&quot;:0,&quot;335559739&quot;:160,&quot;335559740&quot;:259}\">\u00a0<\/span><\/p>\n<p><span data-contrast=\"auto\">Chamando o apresentador, a famosa se declarou: \u201cSisi [Silvio Santos], eu sei que vai chegar at\u00e9 a\u00ed: eu estou morrendo de saudade de voc\u00ea. Ele com certeza vai ver porque o neto est\u00e1 aqui. Estar aqui em um domingo, \u00e9 um dia muito especial. A gente fala de domingo, fala de Silvio\u201d, disse ela.<\/span><span data-ccp-props=\"{&quot;201341983&quot;:0,&quot;335559739&quot;:160,&quot;335559740&quot;:259}\">\u00a0<\/span><\/p>\n<p><span data-contrast=\"auto\">Trazendo seus tempos na outra emissora \u00e0 tona, a apresentadora completou: \u201cForam mais de dez anos ali do lado, quando o audit\u00f3rio pegou um pompom, j\u00e1 me deu um neg\u00f3cio, minha cabe\u00e7a deu uma bugada\u201d, afirmou. Surpreso,\u00a0Luciano Huck\u00a0brincou: \u201cEu s\u00f3 n\u00e3o vou ficar com ci\u00fames porque \u00e9 o\u00a0Silvio Santos\u201c.<\/span><span data-ccp-props=\"{&quot;201341983&quot;:0,&quot;335559739&quot;:160,&quot;335559740&quot;:259}\">\u00a0<\/span><\/p>\n<p>O post <a rel=\"nofollow noopener\" href=\"https:\/\/wscom.com.br\/livia-andrade-se-emociona-ao-mandar-recado-para-silvio-santos\/\" target=\"_blank\">L\u00edvia Andrade se emociona ao mandar recado para Silvio Santos<\/a> apareceu primeiro em <a rel=\"nofollow noopener\" href=\"https:\/\/wscom.com.br\/\" target=\"_blank\">WSCOM<\/a>.<\/p>\n","protected":false},"excerpt":{"rendered":"<p>Durante a apresenta\u00e7\u00e3o do ator Tiago Abravanel no quadro Batalha do Lip Sync do programa Domig\u00e3o com Luciano Huck em que ele homenageou o av\u00f4, um dos mais famosos apresentadores dominicais da televis\u00e3o brasileira, L\u00edvia Andrade decidiu mandar um recado para Silvio Santos enquanto n\u00e3o conteve as l\u00e1grimas. L\u00edvia falou sobre os dez anos que [\u2026]<\/p>\n<p>O post <a rel=\"nofollow\" href=\"https:\/\/wscom.com.br\/livia-andrade-se-emociona-ao-mandar-recado-para-silvio-santos\/\">L\u00edvia Andrade se emociona ao mandar recado para Silvio Santos<\/a> apareceu primeiro em <a rel=\"nofollow\" href=\"https:\/\/wscom.com.br\/\">WSCOM<\/a>.<\/p>\n","protected":false},"author":247,"featured_media":0,"comment_status":"closed","ping_status":"closed","sticky":false,"template":"","format":"standard","meta":{"advgb_blocks_editor_width":"","advgb_blocks_columns_visual_guide":"","footnotes":""},"categories":[8981,267,8982,34,8983,4338,8984],"tags":[35],"class_list":["post-33854","post","type-post","status-publish","format-standard","hentry","category-domigao-do-huck","category-entretenimento","category-ex-patrao","category-g1","category-livia-andrade","category-silvio-santos","category-tiago-abravanel","tag-g1"],"author_meta":{"display_name":"Anderson Costa","author_link":"https:\/\/sindaopcpb.org.br\/author\/anderson-costa\/"},"featured_img":null,"coauthors":[],"tax_additional":{"categories":{"linked":["<a href=\"https:\/\/sindaopcpb.org.br\/domigao-do-huck\/\" class=\"advgb-post-tax-term\">domig\u00e3o do huck<\/a>","<a href=\"https:\/\/sindaopcpb.org.br\/entretenimento\/\" class=\"advgb-post-tax-term\">Entretenimento<\/a>","<a href=\"https:\/\/sindaopcpb.org.br\/ex-patrao\/\" class=\"advgb-post-tax-term\">ex-patr\u00e3o<\/a>","<a href=\"https:\/\/sindaopcpb.org.br\/g1\/\" class=\"advgb-post-tax-term\">G1<\/a>","<a href=\"https:\/\/sindaopcpb.org.br\/livia-andrade\/\" class=\"advgb-post-tax-term\">livia andrade<\/a>","<a href=\"https:\/\/sindaopcpb.org.br\/silvio-santos\/\" class=\"advgb-post-tax-term\">silvio santos<\/a>","<a href=\"https:\/\/sindaopcpb.org.br\/tiago-abravanel\/\" class=\"advgb-post-tax-term\">tiago abravanel<\/a>"],"unlinked":["<span class=\"advgb-post-tax-term\">domig\u00e3o do huck<\/span>","<span class=\"advgb-post-tax-term\">Entretenimento<\/span>","<span class=\"advgb-post-tax-term\">ex-patr\u00e3o<\/span>","<span class=\"advgb-post-tax-term\">G1<\/span>","<span class=\"advgb-post-tax-term\">livia andrade<\/span>","<span class=\"advgb-post-tax-term\">silvio santos<\/span>","<span class=\"advgb-post-tax-term\">tiago abravanel<\/span>"]},"tags":{"linked":["<a href=\"https:\/\/sindaopcpb.org.br\/tiago-abravanel\/\" class=\"advgb-post-tax-term\">g1<\/a>"],"unlinked":["<span class=\"advgb-post-tax-term\">g1<\/span>"]}},"comment_count":"0","relative_dates":{"created":"Publicado 3 anos atr\u00e1s","modified":"Atualizado 3 anos atr\u00e1s"},"absolute_dates":{"created":"Publicado em 11 de setembro de 2023","modified":"Atualizado em 11 de setembro de 2023"},"absolute_dates_time":{"created":"Publicado em 11 de setembro de 2023 18:27","modified":"Atualizado em 11 de setembro de 2023 18:27"},"featured_img_caption":"","series_order":"","_links":{"self":[{"href":"https:\/\/sindaopcpb.org.br\/index.php\/wp-json\/wp\/v2\/posts\/33854","targetHints":{"allow":["GET"]}}],"collection":[{"href":"https:\/\/sindaopcpb.org.br\/index.php\/wp-json\/wp\/v2\/posts"}],"about":[{"href":"https:\/\/sindaopcpb.org.br\/index.php\/wp-json\/wp\/v2\/types\/post"}],"author":[{"embeddable":true,"href":"https:\/\/sindaopcpb.org.br\/index.php\/wp-json\/wp\/v2\/users\/247"}],"replies":[{"embeddable":true,"href":"https:\/\/sindaopcpb.org.br\/index.php\/wp-json\/wp\/v2\/comments?post=33854"}],"version-history":[{"count":1,"href":"https:\/\/sindaopcpb.org.br\/index.php\/wp-json\/wp\/v2\/posts\/33854\/revisions"}],"predecessor-version":[{"id":33855,"href":"https:\/\/sindaopcpb.org.br\/index.php\/wp-json\/wp\/v2\/posts\/33854\/revisions\/33855"}],"wp:attachment":[{"href":"https:\/\/sindaopcpb.org.br\/index.php\/wp-json\/wp\/v2\/media?parent=33854"}],"wp:term":[{"taxonomy":"category","embeddable":true,"href":"https:\/\/sindaopcpb.org.br\/index.php\/wp-json\/wp\/v2\/categories?post=33854"},{"taxonomy":"post_tag","embeddable":true,"href":"https:\/\/sindaopcpb.org.br\/index.php\/wp-json\/wp\/v2\/tags?post=33854"}],"curies":[{"name":"wp","href":"https:\/\/api.w.org\/{rel}","templated":true}]}}