{"id":33852,"date":"2023-09-11T18:30:53","date_gmt":"2023-09-11T21:30:53","guid":{"rendered":"https:\/\/wpa.wscom.com.br\/?p=922508"},"modified":"2023-09-11T18:30:53","modified_gmt":"2023-09-11T21:30:53","slug":"gervasio-garante-que-psb-nao-vive-necessidade-de-mais-cargos-no-governo-lula","status":"publish","type":"post","link":"https:\/\/sindaopcpb.org.br\/index.php\/2023\/09\/11\/gervasio-garante-que-psb-nao-vive-necessidade-de-mais-cargos-no-governo-lula\/","title":{"rendered":"Gerv\u00e1sio garante que PSB n\u00e3o vive necessidade de mais cargos no governo Lula"},"content":{"rendered":"<p><span data-contrast=\"auto\">O presidente estadual do PSB da Para\u00edba, Gerv\u00e1sio Maia, garantiu que n\u00e3o v\u00ea uma necessidade de que o presidente da Rep\u00fablica, Luiz In\u00e1cio Lula da Silva (PT), destine mais cargos no organograma do Governo Federal para o seu partido. Segundo Gerv\u00e1sio, hoje o PSB, que \u00e9 o partido do vice-presidente, Geraldo Alckmin, entende que \u00e9 necess\u00e1rio que o presidente estabele\u00e7a uma composi\u00e7\u00e3o atraindo partidos de centro para a sua base. <\/span><span data-ccp-props=\"{&quot;201341983&quot;:0,&quot;335559739&quot;:160,&quot;335559740&quot;:259}\">\u00a0<\/span><\/p>\n<p><span data-contrast=\"auto\">Questionado sobre a composi\u00e7\u00e3o de chapas nas cidades paraibanas para as elei\u00e7\u00f5es de 2024, Gerv\u00e1sio afirmou que na grande maioria das cidades do estado esta defini\u00e7\u00e3o ficar\u00e1 para o pr\u00f3ximo ano. Veja a fala de Gerv\u00e1sio abaixo: <\/span><\/p>\n<div style=\"width: 480px;\" class=\"wp-video\"><video class=\"wp-video-shortcode\" id=\"video-922508-2\" width=\"480\" height=\"864\" preload=\"metadata\" controls=\"controls\"><source type=\"video\/mp4\" src=\"https:\/\/wpa.wscom.com.br\/wp-content\/uploads\/2023\/09\/fala-gervasio-maia-filho-cabedelo.mp4?_=2\" \/><a href=\"https:\/\/wpa.wscom.com.br\/wp-content\/uploads\/2023\/09\/fala-gervasio-maia-filho-cabedelo.mp4\" rel=\"nofollow noopener\" target=\"_blank\">https:\/\/wpa.wscom.com.br\/wp-content\/uploads\/2023\/09\/fala-gervasio-maia-filho-cabedelo.mp4<\/a><\/video><\/div>\n<p>O post <a rel=\"nofollow noopener\" href=\"https:\/\/wscom.com.br\/gervasio-garante-que-psb-nao-vive-necessidade-de-mais-cargos-no-governo-lula\/\" target=\"_blank\">Gerv\u00e1sio garante que PSB n\u00e3o vive necessidade de mais cargos no governo Lula<\/a> apareceu primeiro em <a rel=\"nofollow noopener\" href=\"https:\/\/wscom.com.br\/\" target=\"_blank\">WSCOM<\/a>.<\/p>\n","protected":false},"excerpt":{"rendered":"<p>O presidente estadual do PSB da Para\u00edba, Gerv\u00e1sio Maia, garantiu que n\u00e3o v\u00ea uma necessidade de que o presidente da Rep\u00fablica, Luiz In\u00e1cio Lula da Silva (PT), destine mais cargos no organograma do Governo Federal para o seu partido. Segundo Gerv\u00e1sio, hoje o PSB, que \u00e9 o partido do vice-presidente, Geraldo Alckmin, entende que \u00e9 [\u2026]<\/p>\n<p>O post <a rel=\"nofollow\" href=\"https:\/\/wscom.com.br\/gervasio-garante-que-psb-nao-vive-necessidade-de-mais-cargos-no-governo-lula\/\">Gerv\u00e1sio garante que PSB n\u00e3o vive necessidade de mais cargos no governo Lula<\/a> apareceu primeiro em <a rel=\"nofollow\" href=\"https:\/\/wscom.com.br\/\">WSCOM<\/a>.<\/p>\n","protected":false},"author":247,"featured_media":0,"comment_status":"closed","ping_status":"closed","sticky":false,"template":"","format":"standard","meta":{"advgb_blocks_editor_width":"","advgb_blocks_columns_visual_guide":"","footnotes":""},"categories":[1363,34,823,187,47,8980],"tags":[35],"class_list":["post-33852","post","type-post","status-publish","format-standard","hentry","category-deputado-federal","category-g1","category-gervasio-maia","category-governo-federal","category-politica","category-presidente-estadual","tag-g1"],"author_meta":{"display_name":"Anderson Costa","author_link":"https:\/\/sindaopcpb.org.br\/author\/anderson-costa\/"},"featured_img":null,"coauthors":[],"tax_additional":{"categories":{"linked":["<a href=\"https:\/\/sindaopcpb.org.br\/deputado-federal\/\" class=\"advgb-post-tax-term\">deputado federal<\/a>","<a href=\"https:\/\/sindaopcpb.org.br\/g1\/\" class=\"advgb-post-tax-term\">G1<\/a>","<a href=\"https:\/\/sindaopcpb.org.br\/gervasio-maia\/\" class=\"advgb-post-tax-term\">Gerv\u00e1sio Maia<\/a>","<a href=\"https:\/\/sindaopcpb.org.br\/governo-federal\/\" class=\"advgb-post-tax-term\">Governo Federal<\/a>","<a href=\"https:\/\/sindaopcpb.org.br\/politica\/\" class=\"advgb-post-tax-term\">POLITICA<\/a>","<a href=\"https:\/\/sindaopcpb.org.br\/presidente-estadual\/\" class=\"advgb-post-tax-term\">presidente estadual<\/a>"],"unlinked":["<span class=\"advgb-post-tax-term\">deputado federal<\/span>","<span class=\"advgb-post-tax-term\">G1<\/span>","<span class=\"advgb-post-tax-term\">Gerv\u00e1sio Maia<\/span>","<span class=\"advgb-post-tax-term\">Governo Federal<\/span>","<span class=\"advgb-post-tax-term\">POLITICA<\/span>","<span class=\"advgb-post-tax-term\">presidente estadual<\/span>"]},"tags":{"linked":["<a href=\"https:\/\/sindaopcpb.org.br\/presidente-estadual\/\" class=\"advgb-post-tax-term\">g1<\/a>"],"unlinked":["<span class=\"advgb-post-tax-term\">g1<\/span>"]}},"comment_count":"0","relative_dates":{"created":"Publicado 3 anos atr\u00e1s","modified":"Atualizado 3 anos atr\u00e1s"},"absolute_dates":{"created":"Publicado em 11 de setembro de 2023","modified":"Atualizado em 11 de setembro de 2023"},"absolute_dates_time":{"created":"Publicado em 11 de setembro de 2023 18:30","modified":"Atualizado em 11 de setembro de 2023 18:30"},"featured_img_caption":"","series_order":"","_links":{"self":[{"href":"https:\/\/sindaopcpb.org.br\/index.php\/wp-json\/wp\/v2\/posts\/33852","targetHints":{"allow":["GET"]}}],"collection":[{"href":"https:\/\/sindaopcpb.org.br\/index.php\/wp-json\/wp\/v2\/posts"}],"about":[{"href":"https:\/\/sindaopcpb.org.br\/index.php\/wp-json\/wp\/v2\/types\/post"}],"author":[{"embeddable":true,"href":"https:\/\/sindaopcpb.org.br\/index.php\/wp-json\/wp\/v2\/users\/247"}],"replies":[{"embeddable":true,"href":"https:\/\/sindaopcpb.org.br\/index.php\/wp-json\/wp\/v2\/comments?post=33852"}],"version-history":[{"count":1,"href":"https:\/\/sindaopcpb.org.br\/index.php\/wp-json\/wp\/v2\/posts\/33852\/revisions"}],"predecessor-version":[{"id":33853,"href":"https:\/\/sindaopcpb.org.br\/index.php\/wp-json\/wp\/v2\/posts\/33852\/revisions\/33853"}],"wp:attachment":[{"href":"https:\/\/sindaopcpb.org.br\/index.php\/wp-json\/wp\/v2\/media?parent=33852"}],"wp:term":[{"taxonomy":"category","embeddable":true,"href":"https:\/\/sindaopcpb.org.br\/index.php\/wp-json\/wp\/v2\/categories?post=33852"},{"taxonomy":"post_tag","embeddable":true,"href":"https:\/\/sindaopcpb.org.br\/index.php\/wp-json\/wp\/v2\/tags?post=33852"}],"curies":[{"name":"wp","href":"https:\/\/api.w.org\/{rel}","templated":true}]}}