{"id":33831,"date":"2023-09-11T17:58:41","date_gmt":"2023-09-11T20:58:41","guid":{"rendered":"https:\/\/www.infomoney.com.br\/?p=2239208"},"modified":"2023-09-11T17:58:41","modified_gmt":"2023-09-11T20:58:41","slug":"novo-arcabouco-fiscal-e-tema-de-audiencia-na-comissao-de-orcamento-nesta-terca","status":"publish","type":"post","link":"https:\/\/sindaopcpb.org.br\/index.php\/2023\/09\/11\/novo-arcabouco-fiscal-e-tema-de-audiencia-na-comissao-de-orcamento-nesta-terca\/","title":{"rendered":"Novo arcabou\u00e7o fiscal \u00e9 tema de audi\u00eancia na Comiss\u00e3o de Or\u00e7amento nesta ter\u00e7a"},"content":{"rendered":"<p><img loading=\"lazy\" width=\"300\" height=\"200\" src=\"https:\/\/www.infomoney.com.br\/wp-content\/uploads\/2022\/07\/img20220621175258852MED.jpg?fit=300%2C200&amp;quality=70&amp;strip=all\" class=\"attachment-medium size-medium wp-post-image\" alt=\"\" decoding=\"async\" style=\"float:right; margin:0 0 10px 10px;\" srcset=\"https:\/\/www.infomoney.com.br\/wp-content\/uploads\/2022\/07\/img20220621175258852MED.jpg?w=1000&amp;quality=70&amp;strip=all 1000w, https:\/\/www.infomoney.com.br\/wp-content\/uploads\/2022\/07\/img20220621175258852MED.jpg?w=300&amp;quality=70&amp;strip=all 300w, https:\/\/www.infomoney.com.br\/wp-content\/uploads\/2022\/07\/img20220621175258852MED.jpg?w=768&amp;quality=70&amp;strip=all 768w, https:\/\/www.infomoney.com.br\/wp-content\/uploads\/2022\/07\/img20220621175258852MED.jpg?w=150&amp;quality=70&amp;strip=all 150w\" sizes=\"auto, (max-width: 300px) 100vw, 300px\" data-attachment-id=\"1885096\" data-permalink=\"https:\/\/www.infomoney.com.br\/politica\/relator-da-pec-dos-auxilios-desiste-de-vale-uber-e-mudancas-apos-pressao-do-governo\/attachment\/img20220621175258852med\/\" data-orig-file=\"https:\/\/www.infomoney.com.br\/wp-content\/uploads\/2022\/07\/img20220621175258852MED.jpg?fit=1000%2C667&amp;quality=70&amp;strip=all\" data-orig-size=\"1000,667\" data-comments-opened=\"1\" data-image-meta=\"{&quot;aperture&quot;:&quot;0&quot;,&quot;credit&quot;:&quot;&quot;,&quot;camera&quot;:&quot;&quot;,&quot;caption&quot;:&quot;&quot;,&quot;created_timestamp&quot;:&quot;0&quot;,&quot;copyright&quot;:&quot;&quot;,&quot;focal_length&quot;:&quot;0&quot;,&quot;iso&quot;:&quot;0&quot;,&quot;shutter_speed&quot;:&quot;0&quot;,&quot;title&quot;:&quot;&quot;,&quot;orientation&quot;:&quot;0&quot;}\" data-image-title=\"Danilo Forte\" data-image-description=\"\" data-image-caption=\"&lt;p&gt;O deputado Danilo Forte (Uni\u00e3o Brasil-CE) discursa em sess\u00e3o no plen\u00e1rio da C\u00e2mara dos Deputados (Foto: Paulo S\u00e9rgio\/C\u00e2mara dos Deputados)&lt;\/p&gt;\n\" data-medium-file=\"https:\/\/www.infomoney.com.br\/wp-content\/uploads\/2022\/07\/img20220621175258852MED.jpg?fit=300%2C200&amp;quality=70&amp;strip=all\" data-large-file=\"https:\/\/www.infomoney.com.br\/wp-content\/uploads\/2022\/07\/img20220621175258852MED.jpg?fit=1000%2C667&amp;quality=70&amp;strip=all\" title=\"\"><\/p>\n<p>A Comiss&atilde;o Mista de Or&ccedil;amento (CMO) promove audi&ecirc;ncia p&uacute;blica nesta ter&ccedil;a-feira (12) para discutir o arcabou&ccedil;o fiscal (Lei Complementar 200\/23), novo regime para as contas da Uni&atilde;o que substituiu o teto de gastos p&uacute;blicos.<\/p>\n<p>O debate atende a requerimentos apresentados pelo deputado Danilo Forte (Uni&atilde;o-CE), relator do projeto da Lei de Diretrizes Or&ccedil;ament&aacute;rias (LDO) de 2024 (PLN 4\/23), e pelo senador La&eacute;rcio Oliveira (PP-SE). Para os parlamentares, &eacute; importante fazer um debate amplo, envolvendo a sociedade, o setor privado e &oacute;rg&atilde;os governamentais.<\/p>\n<p>Danilo Forte destaca que o arcabou&ccedil;o &eacute; que vai &ldquo;determinar o comportamento fiscal e o Or&ccedil;amento do Pa&iacute;s para o ano que vem&rdquo;. O texto foi sancionado, com vetos, em 31 de agosto. As novas regras procuram manter as despesas abaixo das receitas a cada ano e, se houver sobras, elas dever&atilde;o ser usadas apenas em investimentos, buscando trajet&oacute;ria de sustentabilidade da d&iacute;vida p&uacute;blica.<\/p>\n<p>O senador La&eacute;rcio Oliveira ressalta que o arcabou&ccedil;o fiscal est&aacute; diretamente ligado a mat&eacute;rias or&ccedil;ament&aacute;rias de compet&ecirc;ncia da comiss&atilde;o, como os projetos da LDO e da Lei Or&ccedil;ament&aacute;ria Anual (LOA &ndash; PLN 29\/23)<\/p>\n<p>&ldquo;O projeto da LOA &eacute; o principal instrumento de planejamento e controle dos gastos p&uacute;blicos e o arcabou&ccedil;o fiscal &eacute; o instrumento que estabelece as regras para o equil&iacute;brio das contas p&uacute;blicas. Dessa forma, as medidas fiscais propostas podem influenciar a forma como o projeto da LOA &eacute; elaborado e implementado, levando a&#768; necessidade de ajustes significativos no or&ccedil;amento&rdquo;, disse.<\/p>\n<p>Entre os convidados para o debate est&atilde;o o ministro da Fazenda, Fernando Haddad,&nbsp; o ex-ministro da Fazenda Henrique Meirelles, o ex-secret&aacute;rio do Tesouro Nacional Jeferson Bittencourt e o ex-presidente do Banco Central Arm&iacute;nio Fraga.<\/p>\n<p>A audi&ecirc;ncia est&aacute; marcada para as 10 horas, no plen&aacute;rio 2.<\/p>\n<\/p>\n<div class=\"cta-end\">\n<div class=\"im-cta\" >\n<div class=\"im-shortcode-forms bg-light bg-opacity-25 border rounded-4 p-3 p-sm-4 p-md-3 p-lg-4 px-xxl-5 my-5\" data-configuration='{\"form_name\":false,\"form_hat\":\"Newsletter\",\"form_email\":true,\"form_icon\":\"newsletter\",\"form_phone\":false,\"form_campaign\":\"NIM\",\"form_thankyou\":\"\",\"form_journey\":\"APIEvent-26a5198d-8e09-06ef-5f80-cd9127757ad1\",\"form_button\":\"Quero receber\",\"form_context\":\"newsletter\",\"form_origin\":\"https:\\\/\\\/www.infomoney.com.br\\\/politica\\\/feed\\\/?utm_medium=materia&#038;utm_source=infomoney&#038;utm_campaign=NIM&#038;utm_term=politica&#038;utm_content=newsletter\",\"form_position\":\"final\",\"form_category\":\"cta_form\"}'>\n<div class=\"d-flex flex-column align-items-center align-items-lg-start mb-4 flex-lg-row\">\n<div class=\"rounded-circle mb-2 mb-lg-0 mr-lg-4 me-lg-4 p-3 p-lg-4 bg-blue-400\"><svg width=\"40\" height=\"40\" viewBox=\"0 0 40 40\" fill=\"none\" xmlns=\"http:\/\/www.w3.org\/2000\/svg\"><path d=\"M20 20.25 6.042 11.042v19.041c0 .167.048.299.146.396a.535.535 0 0 0 .395.146h15.792V32.5H6.583a2.328 2.328 0 0 1-1.708-.708 2.328 2.328 0 0 1-.708-1.709V9.917c0-.667.236-1.236.708-1.709A2.328 2.328 0 0 1 6.583 7.5h26.834c.666 0 1.236.236 1.708.708a2.33 2.33 0 0 1 .708 1.709v12.458h-1.875V11.042L20 20.25Zm0-2 13.667-8.875H6.333L20 18.25Zm11.75 18.958-1.292-1.333 3.334-3.375h-9v-1.875h9l-3.375-3.417 1.333-1.291 5.667 5.625-5.667 5.666ZM6.042 11.042v20.791-9.458.25-13.25 1.667Z\" fill=\"#fff\"\/><\/svg><\/div>\n<div class=\"flex-fill text-center text-lg-left\">\n<div class=\"h6 small text-orange-700 lh-base mb-1\">Newsletter<\/div>\n<div class=\"text-body h4 m-0\">Infomorning<\/div>\n<div class=\"text-body small lh-base mt-2\">Receba no seu e-mail logo pela manh&atilde; as not&iacute;cias que v&atilde;o mexer com os mercados, com os seus investimentos e o seu bolso durante o dia<\/div>\n<\/div>\n<\/div>\n<\/div>\n<\/div>\n<\/div>\n<p>The post <a rel=\"nofollow noopener\" href=\"https:\/\/www.infomoney.com.br\/politica\/novo-arcabouco-fiscal-e-tema-de-audiencia-na-comissao-de-orcamento-nesta-terca\/\" target=\"_blank\">Novo arcabou\u00e7o fiscal \u00e9 tema de audi\u00eancia na Comiss\u00e3o de Or\u00e7amento nesta ter\u00e7a<\/a> appeared first on <a rel=\"nofollow noopener\" href=\"https:\/\/www.infomoney.com.br\/\" target=\"_blank\">InfoMoney<\/a>.<\/p>\n","protected":false},"excerpt":{"rendered":"<p><img loading=\"lazy\" decoding=\"async\" width=\"300\" height=\"200\" src=\"https:\/\/www.infomoney.com.br\/wp-content\/uploads\/2022\/07\/img20220621175258852MED.jpg?fit=300%2C200&amp;quality=70&amp;strip=all\" class=\"attachment-medium size-medium wp-post-image\" alt=\"\" data-attachment-id=\"1885096\" data-permalink=\"https:\/\/www.infomoney.com.br\/politica\/relator-da-pec-dos-auxilios-desiste-de-vale-uber-e-mudancas-apos-pressao-do-governo\/attachment\/img20220621175258852med\/\" data-orig-file=\"https:\/\/www.infomoney.com.br\/wp-content\/uploads\/2022\/07\/img20220621175258852MED.jpg?fit=1000%2C667&amp;quality=70&amp;strip=all\" data-orig-size=\"1000,667\" data-comments-opened=\"1\" data-image-meta='{\"aperture\":\"0\",\"credit\":\"\",\"camera\":\"\",\"caption\":\"\",\"created_timestamp\":\"0\",\"copyright\":\"\",\"focal_length\":\"0\",\"iso\":\"0\",\"shutter_speed\":\"0\",\"title\":\"\",\"orientation\":\"0\"}' data-image-title=\"Danilo Forte\" data-image-description=\"\" data-image-caption=\"&lt;p&gt;O deputado Danilo Forte (Uni\u00e3o Brasil-CE) discursa em sess\u00e3o no plen\u00e1rio da C\u00e2mara dos Deputados (Foto: Paulo S\u00e9rgio\/C\u00e2mara dos Deputados)&lt;\/p&gt;\n\" data-medium-file=\"https:\/\/www.infomoney.com.br\/wp-content\/uploads\/2022\/07\/img20220621175258852MED.jpg?fit=300%2C200&amp;quality=70&amp;strip=all\" data-large-file=\"https:\/\/www.infomoney.com.br\/wp-content\/uploads\/2022\/07\/img20220621175258852MED.jpg?fit=1000%2C667&amp;quality=70&amp;strip=all\">Entre os convidados para o debate est\u00e3o o ministro da Fazenda, Fernando Haddad e o ex-ministro da Fazenda Henrique Meirelles<\/p>\n<p>The post <a rel=\"nofollow\" href=\"https:\/\/www.infomoney.com.br\/politica\/novo-arcabouco-fiscal-e-tema-de-audiencia-na-comissao-de-orcamento-nesta-terca\/\">Novo arcabou\u00e7o fiscal \u00e9 tema de audi\u00eancia na Comiss\u00e3o de Or\u00e7amento nesta ter\u00e7a<\/a> appeared first on <a rel=\"nofollow\" href=\"https:\/\/www.infomoney.com.br\/\">InfoMoney<\/a>.<\/p>\n","protected":false},"author":47,"featured_media":0,"comment_status":"closed","ping_status":"closed","sticky":false,"template":"","format":"standard","meta":{"advgb_blocks_editor_width":"","advgb_blocks_columns_visual_guide":"","footnotes":""},"categories":[108,359,34,489,47],"tags":[35],"class_list":["post-33831","post","type-post","status-publish","format-standard","hentry","category-arcabouco-fiscal","category-congresso-nacional","category-g1","category-orcamento","category-politica","tag-g1"],"author_meta":{"display_name":"luispereira","author_link":"https:\/\/sindaopcpb.org.br\/author\/luispereira\/"},"featured_img":null,"coauthors":[],"tax_additional":{"categories":{"linked":["<a href=\"https:\/\/sindaopcpb.org.br\/arcabouco-fiscal\/\" class=\"advgb-post-tax-term\">Arcabou\u00e7o Fiscal<\/a>","<a href=\"https:\/\/sindaopcpb.org.br\/congresso-nacional\/\" class=\"advgb-post-tax-term\">Congresso Nacional<\/a>","<a href=\"https:\/\/sindaopcpb.org.br\/g1\/\" class=\"advgb-post-tax-term\">G1<\/a>","<a href=\"https:\/\/sindaopcpb.org.br\/orcamento\/\" class=\"advgb-post-tax-term\">Or\u00e7amento<\/a>","<a href=\"https:\/\/sindaopcpb.org.br\/politica\/\" class=\"advgb-post-tax-term\">POLITICA<\/a>"],"unlinked":["<span class=\"advgb-post-tax-term\">Arcabou\u00e7o Fiscal<\/span>","<span class=\"advgb-post-tax-term\">Congresso Nacional<\/span>","<span class=\"advgb-post-tax-term\">G1<\/span>","<span class=\"advgb-post-tax-term\">Or\u00e7amento<\/span>","<span class=\"advgb-post-tax-term\">POLITICA<\/span>"]},"tags":{"linked":["<a href=\"https:\/\/sindaopcpb.org.br\/politica\/\" class=\"advgb-post-tax-term\">g1<\/a>"],"unlinked":["<span class=\"advgb-post-tax-term\">g1<\/span>"]}},"comment_count":"0","relative_dates":{"created":"Publicado 3 anos atr\u00e1s","modified":"Atualizado 3 anos atr\u00e1s"},"absolute_dates":{"created":"Publicado em 11 de setembro de 2023","modified":"Atualizado em 11 de setembro de 2023"},"absolute_dates_time":{"created":"Publicado em 11 de setembro de 2023 17:58","modified":"Atualizado em 11 de setembro de 2023 17:58"},"featured_img_caption":"","series_order":"","_links":{"self":[{"href":"https:\/\/sindaopcpb.org.br\/index.php\/wp-json\/wp\/v2\/posts\/33831","targetHints":{"allow":["GET"]}}],"collection":[{"href":"https:\/\/sindaopcpb.org.br\/index.php\/wp-json\/wp\/v2\/posts"}],"about":[{"href":"https:\/\/sindaopcpb.org.br\/index.php\/wp-json\/wp\/v2\/types\/post"}],"author":[{"embeddable":true,"href":"https:\/\/sindaopcpb.org.br\/index.php\/wp-json\/wp\/v2\/users\/47"}],"replies":[{"embeddable":true,"href":"https:\/\/sindaopcpb.org.br\/index.php\/wp-json\/wp\/v2\/comments?post=33831"}],"version-history":[{"count":2,"href":"https:\/\/sindaopcpb.org.br\/index.php\/wp-json\/wp\/v2\/posts\/33831\/revisions"}],"predecessor-version":[{"id":33867,"href":"https:\/\/sindaopcpb.org.br\/index.php\/wp-json\/wp\/v2\/posts\/33831\/revisions\/33867"}],"wp:attachment":[{"href":"https:\/\/sindaopcpb.org.br\/index.php\/wp-json\/wp\/v2\/media?parent=33831"}],"wp:term":[{"taxonomy":"category","embeddable":true,"href":"https:\/\/sindaopcpb.org.br\/index.php\/wp-json\/wp\/v2\/categories?post=33831"},{"taxonomy":"post_tag","embeddable":true,"href":"https:\/\/sindaopcpb.org.br\/index.php\/wp-json\/wp\/v2\/tags?post=33831"}],"curies":[{"name":"wp","href":"https:\/\/api.w.org\/{rel}","templated":true}]}}