{"id":33814,"date":"2023-09-11T15:28:12","date_gmt":"2023-09-11T18:28:12","guid":{"rendered":"https:\/\/wpa.wscom.com.br\/?p=922466"},"modified":"2023-09-11T15:28:12","modified_gmt":"2023-09-11T18:28:12","slug":"torcida-do-volta-redonda-canta-musica-com-teor-xenofobico-e-homofobico-em-jogo-contra-o-botafogo-pb-paraibanos-repudiam","status":"publish","type":"post","link":"https:\/\/sindaopcpb.org.br\/index.php\/2023\/09\/11\/torcida-do-volta-redonda-canta-musica-com-teor-xenofobico-e-homofobico-em-jogo-contra-o-botafogo-pb-paraibanos-repudiam\/","title":{"rendered":"Torcida do Volta Redonda canta m\u00fasica com teor xenof\u00f3bico e homof\u00f3bico em jogo contra o Botafogo-PB; paraibanos repudiam"},"content":{"rendered":"<p><span data-contrast=\"none\">O Botafogo-PB denunciou nesta segunda-feira (11) cantos xenof\u00f3bicos e homof\u00f3bicos que foram entoados por parte da torcida do Volta Redonda durante a partida disputada entre as duas equipes na noite do \u00faltimo domingo (10) no est\u00e1dio Sylvio Raulino de Oliveira, em Volta Redonda-RJ. De acordo com a den\u00fancia feita atrav\u00e9s das redes sociais, o clube de Jo\u00e3o Pessoa garantiu ter sido bem recebido pela diretoria do clube carioca e que lamenta a atitude preconceituosa apresentada por torcedores. <\/span><span data-ccp-props=\"{&quot;201341983&quot;:0,&quot;335559739&quot;:160,&quot;335559740&quot;:259}\">\u00a0<\/span><\/p>\n<p><span data-contrast=\"none\">\u201cAtitude deplor\u00e1vel, inconceb\u00edvel e inaceit\u00e1vel, que deve envergonhar qualquer cidad\u00e3o! Que fique registrado o rep\u00fadio do Botafogo Futebol Clube, clube que carrega em seu escudo as cores da Para\u00edba e que tem orgulho de representar uma legi\u00e3o de Paraibanos e torcedores, especialmente nordestinos, espalhados por todo o Brasil.\u201d afirma a publica\u00e7\u00e3o do Botafogo-PB. Veja abaixo um v\u00eddeo com registro dos cantos preconceituosos direcionados aos torcedores paraibanos:<\/span><\/p>\n<div style=\"width: 480px;\" class=\"wp-video\"><!--[if lt IE 9]><script>document.createElement('video');<\/script><![endif]--><br \/>\n<video class=\"wp-video-shortcode\" id=\"video-922466-1\" width=\"480\" height=\"848\" preload=\"metadata\" controls=\"controls\"><source type=\"video\/mp4\" src=\"https:\/\/wpa.wscom.com.br\/wp-content\/uploads\/2023\/09\/cantos-xenofobicos-torcida-volta-redonda.mp4?_=1\" \/><a href=\"https:\/\/wpa.wscom.com.br\/wp-content\/uploads\/2023\/09\/cantos-xenofobicos-torcida-volta-redonda.mp4\" rel=\"nofollow noopener\" target=\"_blank\">https:\/\/wpa.wscom.com.br\/wp-content\/uploads\/2023\/09\/cantos-xenofobicos-torcida-volta-redonda.mp4<\/a><\/video><\/div>\n<blockquote class=\"instagram-media\" style=\"background: #FFF; border: 0; border-radius: 3px; box-shadow: 0 0 1px 0 rgba(0,0,0,0.5),0 1px 10px 0 rgba(0,0,0,0.15); margin: 1px; max-width: 540px; min-width: 326px; padding: 0; width: calc(100% - 2px);\" data-instgrm-captioned=\"\" data-instgrm-permalink=\"https:\/\/www.instagram.com\/p\/CxDp73IO7Zm\/?utm_source=ig_embed&amp;utm_campaign=loading\" data-instgrm-version=\"14\">\n<div style=\"padding: 16px;\">\n<p>&nbsp;<\/p>\n<div style=\"display: flex; flex-direction: row; align-items: center;\">\n<div style=\"background-color: #f4f4f4; border-radius: 50%; flex-grow: 0; height: 40px; margin-right: 14px; width: 40px;\"><\/div>\n<div style=\"display: flex; flex-direction: column; flex-grow: 1; justify-content: center;\">\n<div style=\"background-color: #f4f4f4; border-radius: 4px; flex-grow: 0; height: 14px; margin-bottom: 6px; width: 100px;\"><\/div>\n<div style=\"background-color: #f4f4f4; border-radius: 4px; flex-grow: 0; height: 14px; width: 60px;\"><\/div>\n<\/div>\n<\/div>\n<div style=\"padding: 19% 0;\"><\/div>\n<div style=\"display: block; height: 50px; margin: 0 auto 12px; width: 50px;\"><\/div>\n<div style=\"padding-top: 8px;\">\n<div style=\"color: #3897f0; font-family: Arial,sans-serif; font-size: 14px; font-style: normal; font-weight: 550; line-height: 18px;\">Ver essa foto no Instagram<\/div>\n<\/div>\n<div style=\"padding: 12.5% 0;\"><\/div>\n<div style=\"display: flex; flex-direction: row; margin-bottom: 14px; align-items: center;\">\n<div>\n<div style=\"background-color: #f4f4f4; border-radius: 50%; height: 12.5px; width: 12.5px; transform: translateX(0px) translateY(7px);\"><\/div>\n<div style=\"background-color: #f4f4f4; height: 12.5px; transform: rotate(-45deg) translateX(3px) translateY(1px); width: 12.5px; flex-grow: 0; margin-right: 14px; margin-left: 2px;\"><\/div>\n<div style=\"background-color: #f4f4f4; border-radius: 50%; height: 12.5px; width: 12.5px; transform: translateX(9px) translateY(-18px);\"><\/div>\n<\/div>\n<div style=\"margin-left: 8px;\">\n<div style=\"background-color: #f4f4f4; border-radius: 50%; flex-grow: 0; height: 20px; width: 20px;\"><\/div>\n<div style=\"width: 0; height: 0; border-top: 2px solid transparent; border-left: 6px solid #f4f4f4; border-bottom: 2px solid transparent; transform: translateX(16px) translateY(-4px) rotate(30deg);\"><\/div>\n<\/div>\n<div style=\"margin-left: auto;\">\n<div style=\"width: 0px; border-top: 8px solid #F4F4F4; border-right: 8px solid transparent; transform: translateY(16px);\"><\/div>\n<div style=\"background-color: #f4f4f4; flex-grow: 0; height: 12px; width: 16px; transform: translateY(-4px);\"><\/div>\n<div style=\"width: 0; height: 0; border-top: 8px solid #F4F4F4; border-left: 8px solid transparent; transform: translateY(-4px) translateX(8px);\"><\/div>\n<\/div>\n<\/div>\n<div style=\"display: flex; flex-direction: column; flex-grow: 1; justify-content: center; margin-bottom: 24px;\">\n<div style=\"background-color: #f4f4f4; border-radius: 4px; flex-grow: 0; height: 14px; margin-bottom: 6px; width: 224px;\"><\/div>\n<div style=\"background-color: #f4f4f4; border-radius: 4px; flex-grow: 0; height: 14px; width: 144px;\"><\/div>\n<\/div>\n<p>&nbsp;<\/p>\n<p style=\"color: #c9c8cd; font-family: Arial,sans-serif; font-size: 14px; line-height: 17px; margin-bottom: 0; margin-top: 8px; overflow: hidden; padding: 8px 0 7px; text-align: center; text-overflow: ellipsis; white-space: nowrap;\"><a style=\"color: #c9c8cd; font-family: Arial,sans-serif; font-size: 14px; font-style: normal; font-weight: normal; line-height: 17px; text-decoration: none;\" href=\"https:\/\/www.instagram.com\/p\/CxDp73IO7Zm\/?utm_source=ig_embed&amp;utm_campaign=loading\" rel=\"noopener nofollow\" target=\"_blank\">Uma publica\u00e7\u00e3o compartilhada por Botafogo Futebol Clube (@botafogopb)<\/a><\/p>\n<\/div>\n<\/blockquote>\n<p><script async src=\"https:\/\/www.instagram.com\/embed.js\"><\/script><\/p>\n<p>O post <a rel=\"nofollow noopener\" href=\"https:\/\/wscom.com.br\/torcida-do-volta-redonda-canta-musica-com-teor-xenofobico-e-homofobico-em-jogo-contra-o-botafogo-pb-paraibanos-repudiam\/\" target=\"_blank\">Torcida do Volta Redonda canta m\u00fasica com teor xenof\u00f3bico e homof\u00f3bico em jogo contra o Botafogo-PB; paraibanos repudiam<\/a> apareceu primeiro em <a rel=\"nofollow noopener\" href=\"https:\/\/wscom.com.br\/\" target=\"_blank\">WSCOM<\/a>.<\/p>\n","protected":false},"excerpt":{"rendered":"<p>O Botafogo-PB denunciou nesta segunda-feira (11) cantos xenof\u00f3bicos e homof\u00f3bicos que foram entoados por parte da torcida do Volta Redonda durante a partida disputada entre as duas equipes na noite do \u00faltimo domingo (10) no est\u00e1dio Sylvio Raulino de Oliveira, em Volta Redonda-RJ. De acordo com a den\u00fancia feita atrav\u00e9s das redes sociais, o clube [\u2026]<\/p>\n<p>O post <a rel=\"nofollow\" href=\"https:\/\/wscom.com.br\/torcida-do-volta-redonda-canta-musica-com-teor-xenofobico-e-homofobico-em-jogo-contra-o-botafogo-pb-paraibanos-repudiam\/\">Torcida do Volta Redonda canta m\u00fasica com teor xenof\u00f3bico e homof\u00f3bico em jogo contra o Botafogo-PB; paraibanos repudiam<\/a> apareceu primeiro em <a rel=\"nofollow\" href=\"https:\/\/wscom.com.br\/\">WSCOM<\/a>.<\/p>\n","protected":false},"author":247,"featured_media":0,"comment_status":"closed","ping_status":"closed","sticky":false,"template":"","format":"standard","meta":{"advgb_blocks_editor_width":"","advgb_blocks_columns_visual_guide":"","footnotes":""},"categories":[156,3935,79,34,5752,874,528],"tags":[35],"class_list":["post-33814","post","type-post","status-publish","format-standard","hentry","category-botafogo-pb","category-denuncia","category-futebol","category-g1","category-paraibanos","category-preconceito","category-serie-c","tag-g1"],"author_meta":{"display_name":"Anderson Costa","author_link":"https:\/\/sindaopcpb.org.br\/author\/anderson-costa\/"},"featured_img":null,"coauthors":[],"tax_additional":{"categories":{"linked":["<a href=\"https:\/\/sindaopcpb.org.br\/botafogo-pb\/\" class=\"advgb-post-tax-term\">Botafogo-PB<\/a>","<a href=\"https:\/\/sindaopcpb.org.br\/denuncia\/\" class=\"advgb-post-tax-term\">Den\u00fancia<\/a>","<a href=\"https:\/\/sindaopcpb.org.br\/futebol\/\" class=\"advgb-post-tax-term\">Futebol<\/a>","<a href=\"https:\/\/sindaopcpb.org.br\/g1\/\" class=\"advgb-post-tax-term\">G1<\/a>","<a href=\"https:\/\/sindaopcpb.org.br\/paraibanos\/\" class=\"advgb-post-tax-term\">paraibanos<\/a>","<a href=\"https:\/\/sindaopcpb.org.br\/preconceito\/\" class=\"advgb-post-tax-term\">preconceito<\/a>","<a href=\"https:\/\/sindaopcpb.org.br\/serie-c\/\" class=\"advgb-post-tax-term\">s\u00e9rie c<\/a>"],"unlinked":["<span class=\"advgb-post-tax-term\">Botafogo-PB<\/span>","<span class=\"advgb-post-tax-term\">Den\u00fancia<\/span>","<span class=\"advgb-post-tax-term\">Futebol<\/span>","<span class=\"advgb-post-tax-term\">G1<\/span>","<span class=\"advgb-post-tax-term\">paraibanos<\/span>","<span class=\"advgb-post-tax-term\">preconceito<\/span>","<span class=\"advgb-post-tax-term\">s\u00e9rie c<\/span>"]},"tags":{"linked":["<a href=\"https:\/\/sindaopcpb.org.br\/serie-c\/\" class=\"advgb-post-tax-term\">g1<\/a>"],"unlinked":["<span class=\"advgb-post-tax-term\">g1<\/span>"]}},"comment_count":"0","relative_dates":{"created":"Publicado 3 anos atr\u00e1s","modified":"Atualizado 3 anos atr\u00e1s"},"absolute_dates":{"created":"Publicado em 11 de setembro de 2023","modified":"Atualizado em 11 de setembro de 2023"},"absolute_dates_time":{"created":"Publicado em 11 de setembro de 2023 15:28","modified":"Atualizado em 11 de setembro de 2023 15:28"},"featured_img_caption":"","series_order":"","_links":{"self":[{"href":"https:\/\/sindaopcpb.org.br\/index.php\/wp-json\/wp\/v2\/posts\/33814","targetHints":{"allow":["GET"]}}],"collection":[{"href":"https:\/\/sindaopcpb.org.br\/index.php\/wp-json\/wp\/v2\/posts"}],"about":[{"href":"https:\/\/sindaopcpb.org.br\/index.php\/wp-json\/wp\/v2\/types\/post"}],"author":[{"embeddable":true,"href":"https:\/\/sindaopcpb.org.br\/index.php\/wp-json\/wp\/v2\/users\/247"}],"replies":[{"embeddable":true,"href":"https:\/\/sindaopcpb.org.br\/index.php\/wp-json\/wp\/v2\/comments?post=33814"}],"version-history":[{"count":1,"href":"https:\/\/sindaopcpb.org.br\/index.php\/wp-json\/wp\/v2\/posts\/33814\/revisions"}],"predecessor-version":[{"id":33815,"href":"https:\/\/sindaopcpb.org.br\/index.php\/wp-json\/wp\/v2\/posts\/33814\/revisions\/33815"}],"wp:attachment":[{"href":"https:\/\/sindaopcpb.org.br\/index.php\/wp-json\/wp\/v2\/media?parent=33814"}],"wp:term":[{"taxonomy":"category","embeddable":true,"href":"https:\/\/sindaopcpb.org.br\/index.php\/wp-json\/wp\/v2\/categories?post=33814"},{"taxonomy":"post_tag","embeddable":true,"href":"https:\/\/sindaopcpb.org.br\/index.php\/wp-json\/wp\/v2\/tags?post=33814"}],"curies":[{"name":"wp","href":"https:\/\/api.w.org\/{rel}","templated":true}]}}