{"id":33810,"date":"2023-09-11T15:58:50","date_gmt":"2023-09-11T18:58:50","guid":{"rendered":"https:\/\/wpa.wscom.com.br\/?p=922477"},"modified":"2023-09-11T15:58:50","modified_gmt":"2023-09-11T18:58:50","slug":"gervasio-maia-confirma-que-nome-de-ricardo-barbosa-em-cabedelo-e-indiscutivel-para-o-psb","status":"publish","type":"post","link":"https:\/\/sindaopcpb.org.br\/index.php\/2023\/09\/11\/gervasio-maia-confirma-que-nome-de-ricardo-barbosa-em-cabedelo-e-indiscutivel-para-o-psb\/","title":{"rendered":"Gerv\u00e1sio Maia confirma que nome de Ricardo Barbosa em Cabedelo \u00e9 indiscut\u00edvel para o PSB"},"content":{"rendered":"<p><span data-contrast=\"auto\">O presidente do PSB-PB, Gerv\u00e1sio Maia, se pronunciou sobre a disputa pela prefeitura de Cabedelo em 2024 e assim como o governador Jo\u00e3o Azev\u00eado (PSB) garantiu que o ex-deputado Ricardo Barbosa (PSB) ser\u00e1 o candidato da legenda e do seu bloco na cidade disputando com o candidato apoiado pelo prefeito Vitor Hugo (Uni\u00e3o). De acordo com o deputado federal, o partido n\u00e3o tem nenhuma inten\u00e7\u00e3o de abrir m\u00e3o da candidatura de Barbosa. <\/span><span data-ccp-props=\"{&quot;201341983&quot;:0,&quot;335559739&quot;:160,&quot;335559740&quot;:259}\">\u00a0<\/span><\/p>\n<p><span data-contrast=\"auto\">\u201cSe ele quiser apontar alguma op\u00e7\u00e3o na nossa chapa que j\u00e1 est\u00e1 definida a cabe\u00e7a de chapa, com o ex-deputado e hoje presidente da Companhia Docas, o ex-deputado Ricardo Barbosa, podemos at\u00e9 conversar\u201d, afirmou Gerv\u00e1sio indicando que a \u00fanica possiblidade de compor com o grupo do prefeito seria se Vitor Hugo indicasse um nome para ser vice de Ricardo. <\/span><span data-ccp-props=\"{&quot;201341983&quot;:0,&quot;335559739&quot;:160,&quot;335559740&quot;:259}\">\u00a0<\/span><\/p>\n<p>O post <a rel=\"nofollow noopener\" href=\"https:\/\/wscom.com.br\/gervasio-maia-confirma-que-nome-de-ricardo-barbosa-em-cabedelo-e-indiscutivel-para-o-psb\/\" target=\"_blank\">Gerv\u00e1sio Maia confirma que nome de Ricardo Barbosa em Cabedelo \u00e9 indiscut\u00edvel para o PSB<\/a> apareceu primeiro em <a rel=\"nofollow noopener\" href=\"https:\/\/wscom.com.br\/\" target=\"_blank\">WSCOM<\/a>.<\/p>\n","protected":false},"excerpt":{"rendered":"<p>O presidente do PSB-PB, Gerv\u00e1sio Maia, se pronunciou sobre a disputa pela prefeitura de Cabedelo em 2024 e assim como o governador Jo\u00e3o Azev\u00eado (PSB) garantiu que o ex-deputado Ricardo Barbosa (PSB) ser\u00e1 o candidato da legenda e do seu bloco na cidade disputando com o candidato apoiado pelo prefeito Vitor Hugo (Uni\u00e3o). De acordo [\u2026]<\/p>\n<p>O post <a rel=\"nofollow\" href=\"https:\/\/wscom.com.br\/gervasio-maia-confirma-que-nome-de-ricardo-barbosa-em-cabedelo-e-indiscutivel-para-o-psb\/\">Gerv\u00e1sio Maia confirma que nome de Ricardo Barbosa em Cabedelo \u00e9 indiscut\u00edvel para o PSB<\/a> apareceu primeiro em <a rel=\"nofollow\" href=\"https:\/\/wscom.com.br\/\">WSCOM<\/a>.<\/p>\n","protected":false},"author":247,"featured_media":0,"comment_status":"closed","ping_status":"closed","sticky":false,"template":"","format":"standard","meta":{"advgb_blocks_editor_width":"","advgb_blocks_columns_visual_guide":"","footnotes":""},"categories":[471,34,823,483,440,47,4906],"tags":[35],"class_list":["post-33810","post","type-post","status-publish","format-standard","hentry","category-cabedelo","category-g1","category-gervasio-maia","category-governador","category-joao-azevedo","category-politica","category-ricardo-barbosa","tag-g1"],"author_meta":{"display_name":"Anderson Costa","author_link":"https:\/\/sindaopcpb.org.br\/author\/anderson-costa\/"},"featured_img":null,"coauthors":[],"tax_additional":{"categories":{"linked":["<a href=\"https:\/\/sindaopcpb.org.br\/cabedelo\/\" class=\"advgb-post-tax-term\">cabedelo<\/a>","<a href=\"https:\/\/sindaopcpb.org.br\/g1\/\" class=\"advgb-post-tax-term\">G1<\/a>","<a href=\"https:\/\/sindaopcpb.org.br\/gervasio-maia\/\" class=\"advgb-post-tax-term\">Gerv\u00e1sio Maia<\/a>","<a href=\"https:\/\/sindaopcpb.org.br\/governador\/\" class=\"advgb-post-tax-term\">governador<\/a>","<a href=\"https:\/\/sindaopcpb.org.br\/joao-azevedo\/\" class=\"advgb-post-tax-term\">jo\u00e3o azevedo<\/a>","<a href=\"https:\/\/sindaopcpb.org.br\/politica\/\" class=\"advgb-post-tax-term\">POLITICA<\/a>","<a href=\"https:\/\/sindaopcpb.org.br\/ricardo-barbosa\/\" class=\"advgb-post-tax-term\">Ricardo Barbosa<\/a>"],"unlinked":["<span class=\"advgb-post-tax-term\">cabedelo<\/span>","<span class=\"advgb-post-tax-term\">G1<\/span>","<span class=\"advgb-post-tax-term\">Gerv\u00e1sio Maia<\/span>","<span class=\"advgb-post-tax-term\">governador<\/span>","<span class=\"advgb-post-tax-term\">jo\u00e3o azevedo<\/span>","<span class=\"advgb-post-tax-term\">POLITICA<\/span>","<span class=\"advgb-post-tax-term\">Ricardo Barbosa<\/span>"]},"tags":{"linked":["<a href=\"https:\/\/sindaopcpb.org.br\/ricardo-barbosa\/\" class=\"advgb-post-tax-term\">g1<\/a>"],"unlinked":["<span class=\"advgb-post-tax-term\">g1<\/span>"]}},"comment_count":"0","relative_dates":{"created":"Publicado 3 anos atr\u00e1s","modified":"Atualizado 3 anos atr\u00e1s"},"absolute_dates":{"created":"Publicado em 11 de setembro de 2023","modified":"Atualizado em 11 de setembro de 2023"},"absolute_dates_time":{"created":"Publicado em 11 de setembro de 2023 15:58","modified":"Atualizado em 11 de setembro de 2023 15:58"},"featured_img_caption":"","series_order":"","_links":{"self":[{"href":"https:\/\/sindaopcpb.org.br\/index.php\/wp-json\/wp\/v2\/posts\/33810","targetHints":{"allow":["GET"]}}],"collection":[{"href":"https:\/\/sindaopcpb.org.br\/index.php\/wp-json\/wp\/v2\/posts"}],"about":[{"href":"https:\/\/sindaopcpb.org.br\/index.php\/wp-json\/wp\/v2\/types\/post"}],"author":[{"embeddable":true,"href":"https:\/\/sindaopcpb.org.br\/index.php\/wp-json\/wp\/v2\/users\/247"}],"replies":[{"embeddable":true,"href":"https:\/\/sindaopcpb.org.br\/index.php\/wp-json\/wp\/v2\/comments?post=33810"}],"version-history":[{"count":1,"href":"https:\/\/sindaopcpb.org.br\/index.php\/wp-json\/wp\/v2\/posts\/33810\/revisions"}],"predecessor-version":[{"id":33811,"href":"https:\/\/sindaopcpb.org.br\/index.php\/wp-json\/wp\/v2\/posts\/33810\/revisions\/33811"}],"wp:attachment":[{"href":"https:\/\/sindaopcpb.org.br\/index.php\/wp-json\/wp\/v2\/media?parent=33810"}],"wp:term":[{"taxonomy":"category","embeddable":true,"href":"https:\/\/sindaopcpb.org.br\/index.php\/wp-json\/wp\/v2\/categories?post=33810"},{"taxonomy":"post_tag","embeddable":true,"href":"https:\/\/sindaopcpb.org.br\/index.php\/wp-json\/wp\/v2\/tags?post=33810"}],"curies":[{"name":"wp","href":"https:\/\/api.w.org\/{rel}","templated":true}]}}