{"id":33808,"date":"2023-09-11T16:18:35","date_gmt":"2023-09-11T19:18:35","guid":{"rendered":"https:\/\/wpa.wscom.com.br\/?p=922479"},"modified":"2023-09-11T16:18:35","modified_gmt":"2023-09-11T19:18:35","slug":"demetrius-faustino-e-irapuan-sobral-lancam-album-em-joao-pessoa-nesta-quinta-feira","status":"publish","type":"post","link":"https:\/\/sindaopcpb.org.br\/index.php\/2023\/09\/11\/demetrius-faustino-e-irapuan-sobral-lancam-album-em-joao-pessoa-nesta-quinta-feira\/","title":{"rendered":"Dem\u00e9trius Faustino e Irapuan Sobral lan\u00e7am \u00e1lbum em Jo\u00e3o Pessoa nesta quinta-feira"},"content":{"rendered":"<p><span data-contrast=\"auto\">Os compositores Dem\u00e9trius Faustino e Irapuan Sobral lan\u00e7am na pr\u00f3xima quinta-feira (14) o \u00e1lbum Jatob\u00e1 durante o show Estrelas da Para\u00edba no Bessa Grill com in\u00edcio \u00e0s 20h. O evento est\u00e1 sendo muito esperado, especialmente, pelos f\u00e3s de m\u00fasicas de \u00e9pocas e com apelo tel\u00farico.<\/span><span data-ccp-props=\"{&quot;201341983&quot;:0,&quot;335559739&quot;:160,&quot;335559740&quot;:259}\">\u00a0<\/span><\/p>\n<p><span data-contrast=\"auto\">Dem\u00e9trius \u00e9 o cantor e compartilha a melodia, com Irapuan, na elabora\u00e7\u00e3o das m\u00fasica. Irapuan \u00e9 o letrista. Eles s\u00e3o conterr\u00e2neos e contempor\u00e2neos, oriundos de Jatob\u00e1 (S\u00e3o Jos\u00e9 de Piranhas), no sert\u00e3o da Para\u00edba. Costumam dizer que s\u00e3o um feliz desencontro marcado pelo destino. At\u00e9 porque t\u00eam um ancestral em comum e gostos diferentes que se completam.<\/span><span data-ccp-props=\"{&quot;201341983&quot;:0,&quot;335559739&quot;:160,&quot;335559740&quot;:259}\">\u00a0<\/span><\/p>\n<p><span data-contrast=\"auto\">O \u00e1lbum foi constru\u00eddo ao longo dos \u00faltimos anos; um pouco antes da pandemia, quando Demetrinho musicou um poema de Irapuan e eles resolveram tocar, literalmente, um projeto maior. Essa primeira composi\u00e7\u00e3o d\u00e1 nome ao show: Estrelas da Para\u00edba. Da letra se pode ver o ufanismo de amor: \u201cV\u00e1, \u00f3 Lua, l\u00e1 no mar da Para\u00edba, beber estrelas para iluminar o c\u00e9u.\u201d<\/span><span data-ccp-props=\"{&quot;201341983&quot;:0,&quot;335559739&quot;:160,&quot;335559740&quot;:259}\">\u00a0<\/span><\/p>\n<p><span data-contrast=\"auto\">Da\u00ed seguiram outras, que se marcavam com com toques, acompanhados de talheres batendo em pratos, em mesas de algum barzinho.<\/span><span data-ccp-props=\"{&quot;201341983&quot;:0,&quot;335559739&quot;:160,&quot;335559740&quot;:259}\">\u00a0<\/span><\/p>\n<p><span data-contrast=\"auto\">De tal forma eles se entenderam, que, contam, quando da morte de Monarco, Demetrinho ligou pra Irapuan, comentando o fato e prop\u00f4s uma m\u00fasica em homenagem ao bamba da Portela (escola do cora\u00e7\u00e3o de Irapuan, que \u00e9 vasca\u00edno), mesmo que Demetrinho seja fan\u00e1tico pela Mangueira (e pelo Flamengo). Irapuan mandou o poema (letra) e alguns minutos depois Demetrinho devolveu uma beleza de samba, que \u00e9 uma das musica de trabalho do \u00e1lbum.<\/span><span data-ccp-props=\"{&quot;201341983&quot;:0,&quot;335559739&quot;:160,&quot;335559740&quot;:259}\">\u00a0<\/span><\/p>\n<p><span data-contrast=\"auto\">O nome Jatob\u00e1 tem, para ambos, um significado, que sublima a paix\u00e3o comum pelo lugar onde nasceram: a S\u00e3o Jos\u00e9 de Piranhas, no alto sert\u00e3o, ber\u00e7o do Rio Piranhas, que passa por l\u00e1 ainda beb\u00ea. Eles n\u00e3o esquecem as fa\u00e7anhas da cidade e nem se separam das rodas do lugar, onde quer que estejam. Da\u00ed as m\u00fasicas Jatob\u00e1, Imensid\u00e3o (um belo maracatu cearense), Jatob\u00e1, b\u00e1, bar da esquina (um coco) e Piranhas ao mar (um forr\u00f3 gostoso de se ouvir e dan\u00e7ar).<\/span><span data-ccp-props=\"{&quot;201341983&quot;:0,&quot;335559739&quot;:160,&quot;335559740&quot;:259}\">\u00a0<\/span><\/p>\n<p><span data-contrast=\"auto\">A proposta ao todo \u00e9 de um \u00e1lbum de fotografias sonoras, que deve ser ouvido como quem passa p\u00e1ginas de um \u00e1lbum de fotografias comentando cada imagem. Ali\u00e1s, ouvir as musicas com ambos relatando como chegaram nas letras e nas melodias, com \u2018uma bebida por perto\u2019, \u00e9 de uma gra\u00e7a angelical: um n\u00e9ctar.<\/span><span data-ccp-props=\"{&quot;201341983&quot;:0,&quot;335559739&quot;:160,&quot;335559740&quot;:259}\">\u00a0<\/span><\/p>\n<p><span data-contrast=\"auto\">Eles dizem que sa\u00edram homenageando seu \u00eddolos e, at\u00e9, os \u00eddolos dos seus ancestrais. Da\u00ed, \u00e9 poss\u00edvel encontrar algo de Chico Alves, Nelson Gon\u00e7alves, Luiz Gonzaga, Jackson do Pandeiro, Roberto Carlos, Elis Regina, Clara Nunes, Chico Buarque, Caetano, Paulino da Viola, Belchior, Raul Seixas, Jerry Adriani, Bob Dylan. E tudo isso fecha num frevo ao melhor estilo de Capiba.<\/span><span data-ccp-props=\"{&quot;201341983&quot;:0,&quot;335559739&quot;:160,&quot;335559740&quot;:259}\">\u00a0<\/span><\/p>\n<p><span data-contrast=\"auto\">\u00c9 imposs\u00edvel sair de uma audi\u00e7\u00e3o do disco sem um forte impacto emocional: h\u00e1 quem chore, mas o comum \u00e9 dan\u00e7ar com a mem\u00f3ria.<\/span><span data-ccp-props=\"{&quot;201341983&quot;:0,&quot;335559739&quot;:160,&quot;335559740&quot;:259}\">\u00a0<\/span><\/p>\n<p><span data-contrast=\"auto\">Dos arranjos e da dire\u00e7\u00e3o musical do \u00e1lbum (e do show) ficou encarregado o Maestro Eduardo de Araujo, em cujo est\u00fadio (Sabi\u00e1), em Jo\u00e3o Pessoa, houve toda a produ\u00e7\u00e3o. Eduardo se esmerou na produ\u00e7\u00e3o, que resultou em um trabalho a ser registrado na hist\u00f3ria da m\u00fasica brasileira.<\/span><span data-ccp-props=\"{&quot;201341983&quot;:0,&quot;335559739&quot;:160,&quot;335559740&quot;:259}\">\u00a0<\/span><\/p>\n<p><span data-contrast=\"auto\">Eduardo, al\u00e9m de ser um multiinstrumentista que domina, sem falta, os teclados e a tecnologia de ponta, conseguiu juntar o melhor \u00e0 instrumentaliza\u00e7\u00e3o do \u00e1lbum &#8211; e para o show. L\u00e1 est\u00e3o (e estar\u00e3o): Beto Pre\u00e1, um \u00e0s da bateria; Teinha, o melhor nos sopros (clarinete e sax); Azeitona, um show \u00e0 parte no Trombone, que faz companhia ao trompete do virtuoso Fernando; Segundo, um viol\u00e3o que j\u00e1 nasce com a marca de casa, pois \u00e9 o filho de Demetrinho; R\u00f4mulo, que marca o compasso no Baixo; Eduardo Brito, que fixar\u00e1 os rifes \u00e0 guitarra; a percuss\u00e3o de Renato, que domina o ambiente; e os vocais de Lula e Kalina, que fazem apoio \u00e0 voz de Demeterius.<\/span><span data-ccp-props=\"{&quot;201341983&quot;:0,&quot;335559739&quot;:160,&quot;335559740&quot;:259}\">\u00a0<\/span><\/p>\n<p>O post <a rel=\"nofollow noopener\" href=\"https:\/\/wscom.com.br\/demetrius-faustino-e-irapuan-sobral-lancam-album-em-joao-pessoa-nesta-quinta-feira\/\" target=\"_blank\">Dem\u00e9trius Faustino e Irapuan Sobral lan\u00e7am \u00e1lbum em Jo\u00e3o Pessoa nesta quinta-feira<\/a> apareceu primeiro em <a rel=\"nofollow noopener\" href=\"https:\/\/wscom.com.br\/\" target=\"_blank\">WSCOM<\/a>.<\/p>\n","protected":false},"excerpt":{"rendered":"<p>Os compositores Dem\u00e9trius Faustino e Irapuan Sobral lan\u00e7am na pr\u00f3xima quinta-feira (14) o \u00e1lbum Jatob\u00e1 durante o show Estrelas da Para\u00edba no Bessa Grill com in\u00edcio \u00e0s 20h. O evento est\u00e1 sendo muito esperado, especialmente, pelos f\u00e3s de m\u00fasicas de \u00e9pocas e com apelo tel\u00farico.\u00a0 Dem\u00e9trius \u00e9 o cantor e compartilha a melodia, com Irapuan, [\u2026]<\/p>\n<p>O post <a rel=\"nofollow\" href=\"https:\/\/wscom.com.br\/demetrius-faustino-e-irapuan-sobral-lancam-album-em-joao-pessoa-nesta-quinta-feira\/\">Dem\u00e9trius Faustino e Irapuan Sobral lan\u00e7am \u00e1lbum em Jo\u00e3o Pessoa nesta quinta-feira<\/a> apareceu primeiro em <a rel=\"nofollow\" href=\"https:\/\/wscom.com.br\/\">WSCOM<\/a>.<\/p>\n","protected":false},"author":247,"featured_media":0,"comment_status":"closed","ping_status":"closed","sticky":false,"template":"","format":"standard","meta":{"advgb_blocks_editor_width":"","advgb_blocks_columns_visual_guide":"","footnotes":""},"categories":[8968,3747,34,8969,8970,71],"tags":[35],"class_list":["post-33808","post","type-post","status-publish","format-standard","hentry","category-demetrius","category-eventos","category-g1","category-irapuan","category-jatoba","category-joao-pessoa","tag-g1"],"author_meta":{"display_name":"Anderson Costa","author_link":"https:\/\/sindaopcpb.org.br\/author\/anderson-costa\/"},"featured_img":null,"coauthors":[],"tax_additional":{"categories":{"linked":["<a href=\"https:\/\/sindaopcpb.org.br\/demetrius\/\" class=\"advgb-post-tax-term\">Dem\u00e9trius<\/a>","<a href=\"https:\/\/sindaopcpb.org.br\/eventos\/\" class=\"advgb-post-tax-term\">eventos<\/a>","<a href=\"https:\/\/sindaopcpb.org.br\/g1\/\" class=\"advgb-post-tax-term\">G1<\/a>","<a href=\"https:\/\/sindaopcpb.org.br\/irapuan\/\" class=\"advgb-post-tax-term\">Irapuan<\/a>","<a href=\"https:\/\/sindaopcpb.org.br\/jatoba\/\" class=\"advgb-post-tax-term\">Jatob\u00e1<\/a>","<a href=\"https:\/\/sindaopcpb.org.br\/joao-pessoa\/\" class=\"advgb-post-tax-term\">Jo\u00e3o Pessoa<\/a>"],"unlinked":["<span class=\"advgb-post-tax-term\">Dem\u00e9trius<\/span>","<span class=\"advgb-post-tax-term\">eventos<\/span>","<span class=\"advgb-post-tax-term\">G1<\/span>","<span class=\"advgb-post-tax-term\">Irapuan<\/span>","<span class=\"advgb-post-tax-term\">Jatob\u00e1<\/span>","<span class=\"advgb-post-tax-term\">Jo\u00e3o Pessoa<\/span>"]},"tags":{"linked":["<a href=\"https:\/\/sindaopcpb.org.br\/joao-pessoa\/\" class=\"advgb-post-tax-term\">g1<\/a>"],"unlinked":["<span class=\"advgb-post-tax-term\">g1<\/span>"]}},"comment_count":"0","relative_dates":{"created":"Publicado 3 anos atr\u00e1s","modified":"Atualizado 3 anos atr\u00e1s"},"absolute_dates":{"created":"Publicado em 11 de setembro de 2023","modified":"Atualizado em 11 de setembro de 2023"},"absolute_dates_time":{"created":"Publicado em 11 de setembro de 2023 16:18","modified":"Atualizado em 11 de setembro de 2023 16:18"},"featured_img_caption":"","series_order":"","_links":{"self":[{"href":"https:\/\/sindaopcpb.org.br\/index.php\/wp-json\/wp\/v2\/posts\/33808","targetHints":{"allow":["GET"]}}],"collection":[{"href":"https:\/\/sindaopcpb.org.br\/index.php\/wp-json\/wp\/v2\/posts"}],"about":[{"href":"https:\/\/sindaopcpb.org.br\/index.php\/wp-json\/wp\/v2\/types\/post"}],"author":[{"embeddable":true,"href":"https:\/\/sindaopcpb.org.br\/index.php\/wp-json\/wp\/v2\/users\/247"}],"replies":[{"embeddable":true,"href":"https:\/\/sindaopcpb.org.br\/index.php\/wp-json\/wp\/v2\/comments?post=33808"}],"version-history":[{"count":1,"href":"https:\/\/sindaopcpb.org.br\/index.php\/wp-json\/wp\/v2\/posts\/33808\/revisions"}],"predecessor-version":[{"id":33809,"href":"https:\/\/sindaopcpb.org.br\/index.php\/wp-json\/wp\/v2\/posts\/33808\/revisions\/33809"}],"wp:attachment":[{"href":"https:\/\/sindaopcpb.org.br\/index.php\/wp-json\/wp\/v2\/media?parent=33808"}],"wp:term":[{"taxonomy":"category","embeddable":true,"href":"https:\/\/sindaopcpb.org.br\/index.php\/wp-json\/wp\/v2\/categories?post=33808"},{"taxonomy":"post_tag","embeddable":true,"href":"https:\/\/sindaopcpb.org.br\/index.php\/wp-json\/wp\/v2\/tags?post=33808"}],"curies":[{"name":"wp","href":"https:\/\/api.w.org\/{rel}","templated":true}]}}