{"id":33803,"date":"2023-09-11T15:32:54","date_gmt":"2023-09-11T18:32:54","guid":{"rendered":"https:\/\/g1.globo.com\/pb\/paraiba\/noticia\/2023\/09\/11\/morte-de-policial-civil-no-sertao-da-paraiba-teria-sido-planejada-diz-policia.ghtml"},"modified":"2023-09-11T15:32:54","modified_gmt":"2023-09-11T18:32:54","slug":"morte-de-policial-civil-no-sertao-da-paraiba-foi-planejada-diz-policia","status":"publish","type":"post","link":"https:\/\/sindaopcpb.org.br\/index.php\/2023\/09\/11\/morte-de-policial-civil-no-sertao-da-paraiba-foi-planejada-diz-policia\/","title":{"rendered":"Morte de policial civil no Sert\u00e3o da Para\u00edba foi planejada, diz pol\u00edcia"},"content":{"rendered":"   <img src=\"https:\/\/s2.glbimg.com\/e7JrHyqn35NgZt6UbXYy6CF4xUE=\/i.s3.glbimg.com\/v1\/AUTH_59edd422c0c84a879bd37670ae4f538a\/internal_photos\/bs\/2023\/x\/V\/RBpvCBSt235HSbVEtY5w\/policial-morto-no-sertao-da-pb.jpeg\" \/><br \/>     Crime aconteceu na sa\u00edda de uma vaquejada no munic\u00edpio de Cajazeirinhas, no \u00faltimo s\u00e1bado (9). Policial \u00e9 morto ap\u00f3s discuss\u00e3o em vaquejada no Sert\u00e3o da Para\u00edba.\nArquivo Pessoal\nA morte do policial civil Jerre Adriano de Sousa Ribeiro foi planejada para roubar a pistola usada no trabalho, apontou a Pol\u00edcia Civil em uma coletiva realizada nesta segunda-feira (11) na 15\u00aa Delegacia Seccional de Patos. O crime aconteceu no \u00faltimo s\u00e1bado (9), na sa\u00edda de uma vaquejada no munic\u00edpio de Cajazeirinhas, no Sert\u00e3o da Para\u00edba.\nAs primeiras informa\u00e7\u00f5es coletadas pela pol\u00edcia foram que o crime teria acontecido ap\u00f3s uma discuss\u00e3o de tr\u00e2nsito em um engarrafamento na sa\u00edda de uma vaquejada. Ap\u00f3s a pris\u00e3o de quatro pessoas suspeitas de envolvimento no caso, neste domingo (10), em Jo\u00e3o Pessoa e Pombal, a pol\u00edcia chegou \u00e0 conclus\u00e3o de que o crime foi planejado.\nO delegado Afr\u00e2nio Brito, respons\u00e1vel pelo caso, informou que foram levantadas informa\u00e7\u00f5es, c\u00e2meras e placas para apurar o caso. \u201cFicou claro que seria um latroc\u00ednio para levarem a pistola\u201d, afirmou.\nNo s\u00e1bado (9), a Pol\u00edcia Civil informou \u00e0 TV Para\u00edba que a arma do policial n\u00e3o tinha sido roubada, mas nesta segunda-feira (11), o delegado afirmou que a pistola do policial est\u00e1 desaparecida.\nJerre Adriano atuava na delegacia de Passagem, que \u00e9 ligada \u00e0 Seccional de Patos, e estava na Pol\u00edcia Civil desde 2016. Por meio de nota, a Pol\u00edcia Civil da Para\u00edba lamentou a morte do policial.\nV\u00eddeos mais assistidos do g1 Para\u00edba  ","protected":false},"excerpt":{"rendered":"<p>        Crime aconteceu na sa\u00edda de uma vaquejada no munic\u00edpio de Cajazeirinhas, no \u00faltimo s\u00e1bado (9). Policial \u00e9 morto ap\u00f3s discuss\u00e3o em vaquejada no Sert\u00e3o da Para\u00edba.<br \/>\nArquivo Pessoal<br \/>\nA morte do policial civil Jerre Adriano de Sousa Ribeiro foi plane&#8230;<\/p>\n","protected":false},"author":2,"featured_media":0,"comment_status":"closed","ping_status":"closed","sticky":false,"template":"","format":"standard","meta":{"advgb_blocks_editor_width":"","advgb_blocks_columns_visual_guide":"","footnotes":""},"categories":[34],"tags":[35],"class_list":["post-33803","post","type-post","status-publish","format-standard","hentry","category-g1","tag-g1"],"author_meta":{"display_name":"g1 &gt; Para\u00edba","author_link":"https:\/\/sindaopcpb.org.br\/author\/g1-paraiba\/"},"featured_img":null,"coauthors":[],"tax_additional":{"categories":{"linked":["<a href=\"https:\/\/sindaopcpb.org.br\/g1\/\" class=\"advgb-post-tax-term\">G1<\/a>"],"unlinked":["<span class=\"advgb-post-tax-term\">G1<\/span>"]},"tags":{"linked":["<a href=\"https:\/\/sindaopcpb.org.br\/g1\/\" class=\"advgb-post-tax-term\">g1<\/a>"],"unlinked":["<span class=\"advgb-post-tax-term\">g1<\/span>"]}},"comment_count":"0","relative_dates":{"created":"Publicado 3 anos atr\u00e1s","modified":"Atualizado 3 anos atr\u00e1s"},"absolute_dates":{"created":"Publicado em 11 de setembro de 2023","modified":"Atualizado em 11 de setembro de 2023"},"absolute_dates_time":{"created":"Publicado em 11 de setembro de 2023 15:32","modified":"Atualizado em 11 de setembro de 2023 15:32"},"featured_img_caption":"","series_order":"","_links":{"self":[{"href":"https:\/\/sindaopcpb.org.br\/index.php\/wp-json\/wp\/v2\/posts\/33803","targetHints":{"allow":["GET"]}}],"collection":[{"href":"https:\/\/sindaopcpb.org.br\/index.php\/wp-json\/wp\/v2\/posts"}],"about":[{"href":"https:\/\/sindaopcpb.org.br\/index.php\/wp-json\/wp\/v2\/types\/post"}],"author":[{"embeddable":true,"href":"https:\/\/sindaopcpb.org.br\/index.php\/wp-json\/wp\/v2\/users\/2"}],"replies":[{"embeddable":true,"href":"https:\/\/sindaopcpb.org.br\/index.php\/wp-json\/wp\/v2\/comments?post=33803"}],"version-history":[{"count":1,"href":"https:\/\/sindaopcpb.org.br\/index.php\/wp-json\/wp\/v2\/posts\/33803\/revisions"}],"predecessor-version":[{"id":33804,"href":"https:\/\/sindaopcpb.org.br\/index.php\/wp-json\/wp\/v2\/posts\/33803\/revisions\/33804"}],"wp:attachment":[{"href":"https:\/\/sindaopcpb.org.br\/index.php\/wp-json\/wp\/v2\/media?parent=33803"}],"wp:term":[{"taxonomy":"category","embeddable":true,"href":"https:\/\/sindaopcpb.org.br\/index.php\/wp-json\/wp\/v2\/categories?post=33803"},{"taxonomy":"post_tag","embeddable":true,"href":"https:\/\/sindaopcpb.org.br\/index.php\/wp-json\/wp\/v2\/tags?post=33803"}],"curies":[{"name":"wp","href":"https:\/\/api.w.org\/{rel}","templated":true}]}}