{"id":33800,"date":"2023-09-11T15:19:58","date_gmt":"2023-09-11T18:19:58","guid":{"rendered":"https:\/\/www.infomoney.com.br\/?p=2238982"},"modified":"2023-09-11T15:19:58","modified_gmt":"2023-09-11T18:19:58","slug":"comissao-discute-com-marina-silva-na-terca-licenciamento-para-petroleo-no-amapa","status":"publish","type":"post","link":"https:\/\/sindaopcpb.org.br\/index.php\/2023\/09\/11\/comissao-discute-com-marina-silva-na-terca-licenciamento-para-petroleo-no-amapa\/","title":{"rendered":"Comiss\u00e3o discute com Marina Silva na ter\u00e7a licenciamento para petr\u00f3leo no Amap\u00e1"},"content":{"rendered":"<p><img loading=\"lazy\" width=\"300\" height=\"225\" src=\"https:\/\/www.infomoney.com.br\/wp-content\/uploads\/2023\/01\/marina_silva1.jpg?fit=300%2C225&amp;quality=70&amp;strip=all\" class=\"attachment-medium size-medium wp-post-image\" alt=\"\" decoding=\"async\" style=\"float:right; margin:0 0 10px 10px;\" srcset=\"https:\/\/www.infomoney.com.br\/wp-content\/uploads\/2023\/01\/marina_silva1.jpg?w=1024&amp;quality=70&amp;strip=all 1024w, https:\/\/www.infomoney.com.br\/wp-content\/uploads\/2023\/01\/marina_silva1.jpg?w=300&amp;quality=70&amp;strip=all 300w, https:\/\/www.infomoney.com.br\/wp-content\/uploads\/2023\/01\/marina_silva1.jpg?w=768&amp;quality=70&amp;strip=all 768w, https:\/\/www.infomoney.com.br\/wp-content\/uploads\/2023\/01\/marina_silva1.jpg?w=150&amp;quality=70&amp;strip=all 150w\" sizes=\"auto, (max-width: 300px) 100vw, 300px\" data-attachment-id=\"2022841\" data-permalink=\"https:\/\/www.infomoney.com.br\/?attachment_id=2022841\" data-orig-file=\"https:\/\/www.infomoney.com.br\/wp-content\/uploads\/2023\/01\/marina_silva1.jpg?fit=1024%2C768&amp;quality=70&amp;strip=all\" data-orig-size=\"1024,768\" data-comments-opened=\"0\" data-image-meta=\"{&quot;aperture&quot;:&quot;3.5&quot;,&quot;credit&quot;:&quot;Valter Campanato\\\/Ag\\u00eancia Brasil&quot;,&quot;camera&quot;:&quot;Canon EOS-1D X&quot;,&quot;caption&quot;:&quot;A ministra do Meio Ambiente, Marina Silva, assume o cargo, durante cerim\\u00f4nia de transmiss\\u00e3o, no Sal\\u00e3o Nobre no Pal\\u00e1cio do Planalto&quot;,&quot;created_timestamp&quot;:&quot;1672851387&quot;,&quot;copyright&quot;:&quot;Ag\\u00eancia Brasil\\\/EBC&quot;,&quot;focal_length&quot;:&quot;168&quot;,&quot;iso&quot;:&quot;1000&quot;,&quot;shutter_speed&quot;:&quot;0.005&quot;,&quot;title&quot;:&quot;&quot;,&quot;orientation&quot;:&quot;1&quot;}\" data-image-title=\"Marina Silva\" data-image-description=\"\" data-image-caption=\"&lt;p&gt;A ministra do Meio Ambiente, Marina Silva (Rede), assume o cargo, durante cerim\u00f4nia de transmiss\u00e3o, no Sal\u00e3o Nobre no Pal\u00e1cio do Planalto (Foto: Valter Campanato\/Ag\u00eancia Brasil)&lt;\/p&gt;\n\" data-medium-file=\"https:\/\/www.infomoney.com.br\/wp-content\/uploads\/2023\/01\/marina_silva1.jpg?fit=300%2C225&amp;quality=70&amp;strip=all\" data-large-file=\"https:\/\/www.infomoney.com.br\/wp-content\/uploads\/2023\/01\/marina_silva1.jpg?fit=1024%2C768&amp;quality=70&amp;strip=all\" title=\"\"><\/p>\n<p>A Comiss&atilde;o de Infraestrutura (CI) discutir&aacute; com a ministra do Meio Ambiente e Mudan&ccedil;a do Clima, Marina Silva, a possibilidade de licenciamento ambiental para que a Petrobras explore g&aacute;s e petr&oacute;leo na costa do Amap&aacute;. A audi&ecirc;ncia p&uacute;blica est&aacute; marcada para as 9h da ter&ccedil;a-feira (12).<\/p>\n<p>O requerimento &eacute; do senador Lucas Barreto (PSD-AP), que defende mais clareza sobre os reais interesses econ&ocirc;micos, ideol&oacute;gicos ou pol&iacute;ticos que t&ecirc;m impedido essa permiss&atilde;o. Para o parlamentar, o grande potencial das reservas geol&oacute;gicas de petr&oacute;leo e g&aacute;s na Foz do Amazonas (Amap&aacute;, Par&aacute; e Maranh&atilde;o) constituem direito de cada um dos cidad&atilde;os desses entes federativos de alcan&ccedil;ar um m&iacute;nimo de bem-estar social.<\/p>\n<p>A participa&ccedil;&atilde;o da ministra, argumenta Barreto, ser&aacute; oportuna tanto para o governo federal, quanto para os senadores esclarecerem todas as quest&otilde;es, d&uacute;vidas e informa&ccedil;&otilde;es sobre o assunto.<\/p>\n<p>&ldquo;O petr&oacute;leo tem que cumprir sua fun&ccedil;&atilde;o social. H&aacute; mais de 60 anos, a Petrobras explora petr&oacute;leo e g&aacute;s na costa nordestina, e nunca prejudicou um &uacute;nico acervo biol&oacute;gico de corais. Precisamos esclarecer por que o pr&eacute;-sal da Foz do Amazonas, onde n&atilde;o h&aacute; corais vivos, &eacute; a &uacute;nica plataforma vetada pelo Ibama&rdquo;, diz o senador na justificativa do requerimento.<\/p>\n<\/p>\n<div class=\"cta-end\">\n<div class=\"im-cta\" >\n<div class=\"im-shortcode-forms bg-light bg-opacity-25 border rounded-4 p-3 p-sm-4 p-md-3 p-lg-4 px-xxl-5 my-5\" data-configuration='{\"form_name\":false,\"form_hat\":\"Newsletter\",\"form_email\":true,\"form_icon\":\"newsletter\",\"form_phone\":false,\"form_campaign\":\"NIM\",\"form_thankyou\":\"\",\"form_journey\":\"APIEvent-26a5198d-8e09-06ef-5f80-cd9127757ad1\",\"form_button\":\"Quero receber\",\"form_context\":\"newsletter\",\"form_origin\":\"https:\\\/\\\/www.infomoney.com.br\\\/politica\\\/feed\\\/?utm_medium=materia&#038;utm_source=infomoney&#038;utm_campaign=NIM&#038;utm_term=politica&#038;utm_content=newsletter\",\"form_position\":\"final\",\"form_category\":\"cta_form\"}'>\n<div class=\"d-flex flex-column align-items-center align-items-lg-start mb-4 flex-lg-row\">\n<div class=\"rounded-circle mb-2 mb-lg-0 mr-lg-4 me-lg-4 p-3 p-lg-4 bg-blue-400\"><svg width=\"40\" height=\"40\" viewBox=\"0 0 40 40\" fill=\"none\" xmlns=\"http:\/\/www.w3.org\/2000\/svg\"><path d=\"M20 20.25 6.042 11.042v19.041c0 .167.048.299.146.396a.535.535 0 0 0 .395.146h15.792V32.5H6.583a2.328 2.328 0 0 1-1.708-.708 2.328 2.328 0 0 1-.708-1.709V9.917c0-.667.236-1.236.708-1.709A2.328 2.328 0 0 1 6.583 7.5h26.834c.666 0 1.236.236 1.708.708a2.33 2.33 0 0 1 .708 1.709v12.458h-1.875V11.042L20 20.25Zm0-2 13.667-8.875H6.333L20 18.25Zm11.75 18.958-1.292-1.333 3.334-3.375h-9v-1.875h9l-3.375-3.417 1.333-1.291 5.667 5.625-5.667 5.666ZM6.042 11.042v20.791-9.458.25-13.25 1.667Z\" fill=\"#fff\"\/><\/svg><\/div>\n<div class=\"flex-fill text-center text-lg-left\">\n<div class=\"h6 small text-orange-700 lh-base mb-1\">Newsletter<\/div>\n<div class=\"text-body h4 m-0\">Infomorning<\/div>\n<div class=\"text-body small lh-base mt-2\">Receba no seu e-mail logo pela manh&atilde; as not&iacute;cias que v&atilde;o mexer com os mercados, com os seus investimentos e o seu bolso durante o dia<\/div>\n<\/div>\n<\/div>\n<\/div>\n<\/div>\n<\/div>\n<p>The post <a rel=\"nofollow noopener\" href=\"https:\/\/www.infomoney.com.br\/politica\/comissao-discute-com-marina-silva-na-terca-licenciamento-para-petroleo-no-amapa\/\" target=\"_blank\">Comiss\u00e3o discute com Marina Silva na ter\u00e7a licenciamento para petr\u00f3leo no Amap\u00e1<\/a> appeared first on <a rel=\"nofollow noopener\" href=\"https:\/\/www.infomoney.com.br\/\" target=\"_blank\">InfoMoney<\/a>.<\/p>\n","protected":false},"excerpt":{"rendered":"<p><img loading=\"lazy\" decoding=\"async\" width=\"300\" height=\"225\" src=\"https:\/\/www.infomoney.com.br\/wp-content\/uploads\/2023\/01\/marina_silva1.jpg?fit=300%2C225&amp;quality=70&amp;strip=all\" class=\"attachment-medium size-medium wp-post-image\" alt=\"\" data-attachment-id=\"2022841\" data-permalink=\"https:\/\/www.infomoney.com.br\/?attachment_id=2022841\" data-orig-file=\"https:\/\/www.infomoney.com.br\/wp-content\/uploads\/2023\/01\/marina_silva1.jpg?fit=1024%2C768&amp;quality=70&amp;strip=all\" data-orig-size=\"1024,768\" data-comments-opened=\"0\" data-image-meta='{\"aperture\":\"3.5\",\"credit\":\"Valter Campanato\\\/Ag\\u00eancia Brasil\",\"camera\":\"Canon EOS-1D X\",\"caption\":\"A ministra do Meio Ambiente, Marina Silva, assume o cargo, durante cerim\\u00f4nia de transmiss\\u00e3o, no Sal\\u00e3o Nobre no Pal\\u00e1cio do Planalto\",\"created_timestamp\":\"1672851387\",\"copyright\":\"Ag\\u00eancia Brasil\\\/EBC\",\"focal_length\":\"168\",\"iso\":\"1000\",\"shutter_speed\":\"0.005\",\"title\":\"\",\"orientation\":\"1\"}' data-image-title=\"Marina Silva\" data-image-description=\"\" data-image-caption=\"&lt;p&gt;A ministra do Meio Ambiente, Marina Silva (Rede), assume o cargo, durante cerim\u00f4nia de transmiss\u00e3o, no Sal\u00e3o Nobre no Pal\u00e1cio do Planalto (Foto: Valter Campanato\/Ag\u00eancia Brasil)&lt;\/p&gt;\n\" data-medium-file=\"https:\/\/www.infomoney.com.br\/wp-content\/uploads\/2023\/01\/marina_silva1.jpg?fit=300%2C225&amp;quality=70&amp;strip=all\" data-large-file=\"https:\/\/www.infomoney.com.br\/wp-content\/uploads\/2023\/01\/marina_silva1.jpg?fit=1024%2C768&amp;quality=70&amp;strip=all\">Requerimento \u00e9 do senador Lucas Barreto (PSD-AP), que defende mais clareza sobre os reais interesses econ\u00f4micos ou pol\u00edticos que t\u00eam impedido a permiss\u00e3o<\/p>\n<p>The post <a rel=\"nofollow\" href=\"https:\/\/www.infomoney.com.br\/politica\/comissao-discute-com-marina-silva-na-terca-licenciamento-para-petroleo-no-amapa\/\">Comiss\u00e3o discute com Marina Silva na ter\u00e7a licenciamento para petr\u00f3leo no Amap\u00e1<\/a> appeared first on <a rel=\"nofollow\" href=\"https:\/\/www.infomoney.com.br\/\">InfoMoney<\/a>.<\/p>\n","protected":false},"author":47,"featured_media":0,"comment_status":"closed","ping_status":"closed","sticky":false,"template":"","format":"standard","meta":{"advgb_blocks_editor_width":"","advgb_blocks_columns_visual_guide":"","footnotes":""},"categories":[34,5323,2378,646,47,403],"tags":[35],"class_list":["post-33800","post","type-post","status-publish","format-standard","hentry","category-g1","category-margem-equatorial","category-marina-silva","category-petroleo","category-politica","category-senado","tag-g1"],"author_meta":{"display_name":"luispereira","author_link":"https:\/\/sindaopcpb.org.br\/author\/luispereira\/"},"featured_img":null,"coauthors":[],"tax_additional":{"categories":{"linked":["<a href=\"https:\/\/sindaopcpb.org.br\/g1\/\" class=\"advgb-post-tax-term\">G1<\/a>","<a href=\"https:\/\/sindaopcpb.org.br\/margem-equatorial\/\" class=\"advgb-post-tax-term\">Margem Equatorial<\/a>","<a href=\"https:\/\/sindaopcpb.org.br\/marina-silva\/\" class=\"advgb-post-tax-term\">Marina Silva<\/a>","<a href=\"https:\/\/sindaopcpb.org.br\/petroleo\/\" class=\"advgb-post-tax-term\">Petr\u00f3leo<\/a>","<a href=\"https:\/\/sindaopcpb.org.br\/politica\/\" class=\"advgb-post-tax-term\">POLITICA<\/a>","<a href=\"https:\/\/sindaopcpb.org.br\/senado\/\" class=\"advgb-post-tax-term\">Senado<\/a>"],"unlinked":["<span class=\"advgb-post-tax-term\">G1<\/span>","<span class=\"advgb-post-tax-term\">Margem Equatorial<\/span>","<span class=\"advgb-post-tax-term\">Marina Silva<\/span>","<span class=\"advgb-post-tax-term\">Petr\u00f3leo<\/span>","<span class=\"advgb-post-tax-term\">POLITICA<\/span>","<span class=\"advgb-post-tax-term\">Senado<\/span>"]},"tags":{"linked":["<a href=\"https:\/\/sindaopcpb.org.br\/senado\/\" class=\"advgb-post-tax-term\">g1<\/a>"],"unlinked":["<span class=\"advgb-post-tax-term\">g1<\/span>"]}},"comment_count":"0","relative_dates":{"created":"Publicado 3 anos atr\u00e1s","modified":"Atualizado 3 anos atr\u00e1s"},"absolute_dates":{"created":"Publicado em 11 de setembro de 2023","modified":"Atualizado em 11 de setembro de 2023"},"absolute_dates_time":{"created":"Publicado em 11 de setembro de 2023 15:19","modified":"Atualizado em 11 de setembro de 2023 15:19"},"featured_img_caption":"","series_order":"","_links":{"self":[{"href":"https:\/\/sindaopcpb.org.br\/index.php\/wp-json\/wp\/v2\/posts\/33800","targetHints":{"allow":["GET"]}}],"collection":[{"href":"https:\/\/sindaopcpb.org.br\/index.php\/wp-json\/wp\/v2\/posts"}],"about":[{"href":"https:\/\/sindaopcpb.org.br\/index.php\/wp-json\/wp\/v2\/types\/post"}],"author":[{"embeddable":true,"href":"https:\/\/sindaopcpb.org.br\/index.php\/wp-json\/wp\/v2\/users\/47"}],"replies":[{"embeddable":true,"href":"https:\/\/sindaopcpb.org.br\/index.php\/wp-json\/wp\/v2\/comments?post=33800"}],"version-history":[{"count":2,"href":"https:\/\/sindaopcpb.org.br\/index.php\/wp-json\/wp\/v2\/posts\/33800\/revisions"}],"predecessor-version":[{"id":33818,"href":"https:\/\/sindaopcpb.org.br\/index.php\/wp-json\/wp\/v2\/posts\/33800\/revisions\/33818"}],"wp:attachment":[{"href":"https:\/\/sindaopcpb.org.br\/index.php\/wp-json\/wp\/v2\/media?parent=33800"}],"wp:term":[{"taxonomy":"category","embeddable":true,"href":"https:\/\/sindaopcpb.org.br\/index.php\/wp-json\/wp\/v2\/categories?post=33800"},{"taxonomy":"post_tag","embeddable":true,"href":"https:\/\/sindaopcpb.org.br\/index.php\/wp-json\/wp\/v2\/tags?post=33800"}],"curies":[{"name":"wp","href":"https:\/\/api.w.org\/{rel}","templated":true}]}}