{"id":33751,"date":"2023-09-11T11:13:41","date_gmt":"2023-09-11T14:13:41","guid":{"rendered":"https:\/\/www.infomoney.com.br\/?p=2238694"},"modified":"2023-09-11T11:13:41","modified_gmt":"2023-09-11T14:13:41","slug":"lula-reafirma-que-brasil-deve-pesquisar-margem-equatorial","status":"publish","type":"post","link":"https:\/\/sindaopcpb.org.br\/index.php\/2023\/09\/11\/lula-reafirma-que-brasil-deve-pesquisar-margem-equatorial\/","title":{"rendered":"Lula reafirma que Brasil deve \u201cpesquisar\u201d Margem Equatorial"},"content":{"rendered":"<p><img loading=\"lazy\" width=\"300\" height=\"225\" src=\"https:\/\/www.infomoney.com.br\/wp-content\/uploads\/2023\/08\/b9dc6702-bdba-4b64-852c-9116b0534f14.jpg?fit=300%2C225&amp;quality=70&amp;strip=all\" class=\"attachment-medium size-medium wp-post-image\" alt=\"\" decoding=\"async\" style=\"float:right; margin:0 0 10px 10px;\" srcset=\"https:\/\/www.infomoney.com.br\/wp-content\/uploads\/2023\/08\/b9dc6702-bdba-4b64-852c-9116b0534f14.jpg?w=1024&amp;quality=70&amp;strip=all 1024w, https:\/\/www.infomoney.com.br\/wp-content\/uploads\/2023\/08\/b9dc6702-bdba-4b64-852c-9116b0534f14.jpg?w=300&amp;quality=70&amp;strip=all 300w, https:\/\/www.infomoney.com.br\/wp-content\/uploads\/2023\/08\/b9dc6702-bdba-4b64-852c-9116b0534f14.jpg?w=768&amp;quality=70&amp;strip=all 768w, https:\/\/www.infomoney.com.br\/wp-content\/uploads\/2023\/08\/b9dc6702-bdba-4b64-852c-9116b0534f14.jpg?w=150&amp;quality=70&amp;strip=all 150w\" sizes=\"auto, (max-width: 300px) 100vw, 300px\" data-attachment-id=\"2231277\" data-permalink=\"https:\/\/www.infomoney.com.br\/politica\/lula-estado-brasileiro-vai-ser-indutor-do-desenvolvimento\/attachment\/b9dc6702-bdba-4b64-852c-9116b0534f14\/\" data-orig-file=\"https:\/\/www.infomoney.com.br\/wp-content\/uploads\/2023\/08\/b9dc6702-bdba-4b64-852c-9116b0534f14.jpg?fit=1024%2C768&amp;quality=70&amp;strip=all\" data-orig-size=\"1024,768\" data-comments-opened=\"0\" data-image-meta=\"{&quot;aperture&quot;:&quot;0&quot;,&quot;credit&quot;:&quot;Ricardo Stuckert\\\/PR&quot;,&quot;camera&quot;:&quot;&quot;,&quot;caption&quot;:&quot;Teresina (PI),  31.08.2023 \\u2013 Presidente Lula anuncia, em Teresina, Empreendimentos do PAC no Estado do Piau\\u00ed, no Centro de Conven\\u00e7\\u00f5es. Foto: Ricardo Stuckert\\\/PR&quot;,&quot;created_timestamp&quot;:&quot;0&quot;,&quot;copyright&quot;:&quot;&quot;,&quot;focal_length&quot;:&quot;0&quot;,&quot;iso&quot;:&quot;0&quot;,&quot;shutter_speed&quot;:&quot;0&quot;,&quot;title&quot;:&quot;&quot;,&quot;orientation&quot;:&quot;1&quot;}\" data-image-title=\"Lula em Teresina\" data-image-description=\"\" data-image-caption=\"&lt;p&gt;Teresina (PI),  31.08.2023 \u2013 Presidente Lula anuncia, em Teresina, Empreendimentos do PAC no Estado do Piau\u00ed, no Centro de Conven\u00e7\u00f5es. Foto: Ricardo Stuckert\/PR&lt;\/p&gt;\n\" data-medium-file=\"https:\/\/www.infomoney.com.br\/wp-content\/uploads\/2023\/08\/b9dc6702-bdba-4b64-852c-9116b0534f14.jpg?fit=300%2C225&amp;quality=70&amp;strip=all\" data-large-file=\"https:\/\/www.infomoney.com.br\/wp-content\/uploads\/2023\/08\/b9dc6702-bdba-4b64-852c-9116b0534f14.jpg?fit=1024%2C768&amp;quality=70&amp;strip=all\" title=\"\"><\/p>\n<p>O presidente Luiz In&aacute;cio Lula da Silva reafirmou, nesta segunda-feira (11), que o Brasil dever&aacute; &ldquo;pesquisar&rdquo; a Margem Equatorial, regi&atilde;o considerada com alto potencial petrol&iacute;fero, apesar de negativas do &oacute;rg&atilde;o ambiental Ibama contra atividades explorat&oacute;rias na &aacute;rea, notadamente na Foz do Amazonas.<\/p>\n<p>&ldquo;O Brasil n&atilde;o vai deixar de pesquisar a Margem Equatorial. Se encontrar a riqueza que pressup&otilde;e-se que exista l&aacute;, a&iacute; &eacute; uma decis&atilde;o de Estado se voc&ecirc; vai explorar ou n&atilde;o. Mas veja, &eacute; uma explora&ccedil;&atilde;o a 575 km da margem do Amazonas&rdquo;, disse o presidente a jornalistas, durante a c&uacute;pula do G20, na &Iacute;ndia, no domingo (hor&aacute;rio de Bras&iacute;lia, manh&atilde; desta segunda na &Iacute;ndia).<\/p>\n<p>A discuss&atilde;o sobre a explora&ccedil;&atilde;o de petr&oacute;leo na Margem Equatorial gerou discord&acirc;ncias internas no governo nos &uacute;ltimos meses. Enquanto a Petrobras e o Minist&eacute;rio de Minas e Energia t&ecirc;m se posicionado de forma favor&aacute;vel a pesquisas e a possibilidade de explora&ccedil;&atilde;o sustent&aacute;vel na regi&atilde;o, a a&ccedil;&atilde;o encontra resist&ecirc;ncia no Minist&eacute;rio do Meio Ambiente e Mudan&ccedil;a do Clima.<\/p>\n<p>&ldquo;Voc&ecirc; n&atilde;o pode ser proibido de pesquisar. Se tiver o que se imagina que tem l&aacute;, voc&ecirc; pode discutir se vai utilizar ou n&atilde;o, se vai explorar ou n&atilde;o, mas pesquisar a gente vai pesquisar&rdquo;, acrescentou.<\/p>\n<p>No in&iacute;cio de agosto, Lula afirmou que o Brasil primeiro precisa confirmar se h&aacute; petr&oacute;leo na Bacia da Foz do Rio Amazonas, no litoral do Amap&aacute;, e que depois discutir&aacute; como fazer para explorar sem causar preju&iacute;zos a qualquer esp&eacute;cie amaz&ocirc;nica.<\/p>\n<p>O ministro de Minas e Energia, Alexandre Silveira, defendeu recentemente a cria&ccedil;&atilde;o de uma mesa de concilia&ccedil;&atilde;o entre &oacute;rg&atilde;o governamentais sobre o avan&ccedil;o na explora&ccedil;&atilde;o de petr&oacute;leo na Foz do Amazonas, conforme proposto pela Advocacia-Geral da Uni&atilde;o (AGU).<\/p>\n<p>A defesa ocorreu ap&oacute;s a ministra do Meio Ambiente, Marina Silva, ter afirmado no Congresso que &ldquo;n&atilde;o existe concilia&ccedil;&atilde;o para quest&otilde;es t&eacute;cnicas&rdquo;, ao citar uma negativa do Ibama para a explora&ccedil;&atilde;o de petr&oacute;leo na regi&atilde;o da Foz do Amazonas.<\/p>\n<\/p>\n<div class=\"cta-end\">\n<div class=\"im-cta\" >\n<div class=\"im-shortcode-forms bg-light bg-opacity-25 border rounded-4 p-3 p-sm-4 p-md-3 p-lg-4 px-xxl-5 my-5\" data-configuration='{\"form_name\":false,\"form_hat\":\"Newsletter\",\"form_email\":true,\"form_icon\":\"newsletter\",\"form_phone\":false,\"form_campaign\":\"NIM\",\"form_thankyou\":\"\",\"form_journey\":\"APIEvent-26a5198d-8e09-06ef-5f80-cd9127757ad1\",\"form_button\":\"Quero receber\",\"form_context\":\"newsletter\",\"form_origin\":\"https:\\\/\\\/www.infomoney.com.br\\\/politica\\\/feed\\\/?utm_medium=materia&#038;utm_source=infomoney&#038;utm_campaign=NIM&#038;utm_term=politica&#038;utm_content=newsletter\",\"form_position\":\"final\",\"form_category\":\"cta_form\"}'>\n<div class=\"d-flex flex-column align-items-center align-items-lg-start mb-4 flex-lg-row\">\n<div class=\"rounded-circle mb-2 mb-lg-0 mr-lg-4 me-lg-4 p-3 p-lg-4 bg-blue-400\"><svg width=\"40\" height=\"40\" viewBox=\"0 0 40 40\" fill=\"none\" xmlns=\"http:\/\/www.w3.org\/2000\/svg\"><path d=\"M20 20.25 6.042 11.042v19.041c0 .167.048.299.146.396a.535.535 0 0 0 .395.146h15.792V32.5H6.583a2.328 2.328 0 0 1-1.708-.708 2.328 2.328 0 0 1-.708-1.709V9.917c0-.667.236-1.236.708-1.709A2.328 2.328 0 0 1 6.583 7.5h26.834c.666 0 1.236.236 1.708.708a2.33 2.33 0 0 1 .708 1.709v12.458h-1.875V11.042L20 20.25Zm0-2 13.667-8.875H6.333L20 18.25Zm11.75 18.958-1.292-1.333 3.334-3.375h-9v-1.875h9l-3.375-3.417 1.333-1.291 5.667 5.625-5.667 5.666ZM6.042 11.042v20.791-9.458.25-13.25 1.667Z\" fill=\"#fff\"\/><\/svg><\/div>\n<div class=\"flex-fill text-center text-lg-left\">\n<div class=\"h6 small text-orange-700 lh-base mb-1\">Newsletter<\/div>\n<div class=\"text-body h4 m-0\">Infomorning<\/div>\n<div class=\"text-body small lh-base mt-2\">Receba no seu e-mail logo pela manh&atilde; as not&iacute;cias que v&atilde;o mexer com os mercados, com os seus investimentos e o seu bolso durante o dia<\/div>\n<\/div>\n<\/div>\n<\/div>\n<\/div>\n<\/div>\n<p>The post <a rel=\"nofollow noopener\" href=\"https:\/\/www.infomoney.com.br\/politica\/lula-reafirma-que-brasil-deve-pesquisar-margem-equatorial\/\" target=\"_blank\">Lula reafirma que Brasil deve &#8220;pesquisar&#8221; Margem Equatorial<\/a> appeared first on <a rel=\"nofollow noopener\" href=\"https:\/\/www.infomoney.com.br\/\" target=\"_blank\">InfoMoney<\/a>.<\/p>\n","protected":false},"excerpt":{"rendered":"<p><img loading=\"lazy\" decoding=\"async\" width=\"300\" height=\"225\" src=\"https:\/\/www.infomoney.com.br\/wp-content\/uploads\/2023\/08\/b9dc6702-bdba-4b64-852c-9116b0534f14.jpg?fit=300%2C225&amp;quality=70&amp;strip=all\" class=\"attachment-medium size-medium wp-post-image\" alt=\"\" data-attachment-id=\"2231277\" data-permalink=\"https:\/\/www.infomoney.com.br\/politica\/lula-estado-brasileiro-vai-ser-indutor-do-desenvolvimento\/attachment\/b9dc6702-bdba-4b64-852c-9116b0534f14\/\" data-orig-file=\"https:\/\/www.infomoney.com.br\/wp-content\/uploads\/2023\/08\/b9dc6702-bdba-4b64-852c-9116b0534f14.jpg?fit=1024%2C768&amp;quality=70&amp;strip=all\" data-orig-size=\"1024,768\" data-comments-opened=\"0\" data-image-meta='{\"aperture\":\"0\",\"credit\":\"Ricardo Stuckert\\\/PR\",\"camera\":\"\",\"caption\":\"Teresina (PI),  31.08.2023 \\u2013 Presidente Lula anuncia, em Teresina, Empreendimentos do PAC no Estado do Piau\\u00ed, no Centro de Conven\\u00e7\\u00f5es. Foto: Ricardo Stuckert\\\/PR\",\"created_timestamp\":\"0\",\"copyright\":\"\",\"focal_length\":\"0\",\"iso\":\"0\",\"shutter_speed\":\"0\",\"title\":\"\",\"orientation\":\"1\"}' data-image-title=\"Lula em Teresina\" data-image-description=\"\" data-image-caption=\"&lt;p&gt;Teresina (PI),  31.08.2023 \u2013 Presidente Lula anuncia, em Teresina, Empreendimentos do PAC no Estado do Piau\u00ed, no Centro de Conven\u00e7\u00f5es. Foto: Ricardo Stuckert\/PR&lt;\/p&gt;\n\" data-medium-file=\"https:\/\/www.infomoney.com.br\/wp-content\/uploads\/2023\/08\/b9dc6702-bdba-4b64-852c-9116b0534f14.jpg?fit=300%2C225&amp;quality=70&amp;strip=all\" data-large-file=\"https:\/\/www.infomoney.com.br\/wp-content\/uploads\/2023\/08\/b9dc6702-bdba-4b64-852c-9116b0534f14.jpg?fit=1024%2C768&amp;quality=70&amp;strip=all\">Discuss\u00e3o sobre a explora\u00e7\u00e3o de petr\u00f3leo gerou discord\u00e2ncias internas no governo nos \u00faltimos meses<\/p>\n<p>The post <a rel=\"nofollow\" href=\"https:\/\/www.infomoney.com.br\/politica\/lula-reafirma-que-brasil-deve-pesquisar-margem-equatorial\/\">Lula reafirma que Brasil deve \u201cpesquisar\u201d Margem Equatorial<\/a> appeared first on <a rel=\"nofollow\" href=\"https:\/\/www.infomoney.com.br\/\">InfoMoney<\/a>.<\/p>\n","protected":false},"author":46,"featured_media":0,"comment_status":"closed","ping_status":"closed","sticky":false,"template":"","format":"standard","meta":{"advgb_blocks_editor_width":"","advgb_blocks_columns_visual_guide":"","footnotes":""},"categories":[34,129,5323,950,318,646,47],"tags":[35],"class_list":["post-33751","post","type-post","status-publish","format-standard","hentry","category-g1","category-luiz-inacio-lula-da-silva","category-margem-equatorial","category-meio-ambiente","category-petrobras","category-petroleo","category-politica","tag-g1"],"author_meta":{"display_name":"Reuters","author_link":"https:\/\/sindaopcpb.org.br\/author\/reuters\/"},"featured_img":null,"coauthors":[],"tax_additional":{"categories":{"linked":["<a href=\"https:\/\/sindaopcpb.org.br\/g1\/\" class=\"advgb-post-tax-term\">G1<\/a>","<a href=\"https:\/\/sindaopcpb.org.br\/luiz-inacio-lula-da-silva\/\" class=\"advgb-post-tax-term\">Luiz In\u00e1cio Lula da Silva<\/a>","<a href=\"https:\/\/sindaopcpb.org.br\/margem-equatorial\/\" class=\"advgb-post-tax-term\">Margem Equatorial<\/a>","<a href=\"https:\/\/sindaopcpb.org.br\/meio-ambiente\/\" class=\"advgb-post-tax-term\">Meio Ambiente<\/a>","<a href=\"https:\/\/sindaopcpb.org.br\/petrobras\/\" class=\"advgb-post-tax-term\">Petrobras<\/a>","<a href=\"https:\/\/sindaopcpb.org.br\/petroleo\/\" class=\"advgb-post-tax-term\">Petr\u00f3leo<\/a>","<a href=\"https:\/\/sindaopcpb.org.br\/politica\/\" class=\"advgb-post-tax-term\">POLITICA<\/a>"],"unlinked":["<span class=\"advgb-post-tax-term\">G1<\/span>","<span class=\"advgb-post-tax-term\">Luiz In\u00e1cio Lula da Silva<\/span>","<span class=\"advgb-post-tax-term\">Margem Equatorial<\/span>","<span class=\"advgb-post-tax-term\">Meio Ambiente<\/span>","<span class=\"advgb-post-tax-term\">Petrobras<\/span>","<span class=\"advgb-post-tax-term\">Petr\u00f3leo<\/span>","<span class=\"advgb-post-tax-term\">POLITICA<\/span>"]},"tags":{"linked":["<a href=\"https:\/\/sindaopcpb.org.br\/politica\/\" class=\"advgb-post-tax-term\">g1<\/a>"],"unlinked":["<span class=\"advgb-post-tax-term\">g1<\/span>"]}},"comment_count":"0","relative_dates":{"created":"Publicado 3 anos atr\u00e1s","modified":"Atualizado 3 anos atr\u00e1s"},"absolute_dates":{"created":"Publicado em 11 de setembro de 2023","modified":"Atualizado em 11 de setembro de 2023"},"absolute_dates_time":{"created":"Publicado em 11 de setembro de 2023 11:13","modified":"Atualizado em 11 de setembro de 2023 11:13"},"featured_img_caption":"","series_order":"","_links":{"self":[{"href":"https:\/\/sindaopcpb.org.br\/index.php\/wp-json\/wp\/v2\/posts\/33751","targetHints":{"allow":["GET"]}}],"collection":[{"href":"https:\/\/sindaopcpb.org.br\/index.php\/wp-json\/wp\/v2\/posts"}],"about":[{"href":"https:\/\/sindaopcpb.org.br\/index.php\/wp-json\/wp\/v2\/types\/post"}],"author":[{"embeddable":true,"href":"https:\/\/sindaopcpb.org.br\/index.php\/wp-json\/wp\/v2\/users\/46"}],"replies":[{"embeddable":true,"href":"https:\/\/sindaopcpb.org.br\/index.php\/wp-json\/wp\/v2\/comments?post=33751"}],"version-history":[{"count":2,"href":"https:\/\/sindaopcpb.org.br\/index.php\/wp-json\/wp\/v2\/posts\/33751\/revisions"}],"predecessor-version":[{"id":33782,"href":"https:\/\/sindaopcpb.org.br\/index.php\/wp-json\/wp\/v2\/posts\/33751\/revisions\/33782"}],"wp:attachment":[{"href":"https:\/\/sindaopcpb.org.br\/index.php\/wp-json\/wp\/v2\/media?parent=33751"}],"wp:term":[{"taxonomy":"category","embeddable":true,"href":"https:\/\/sindaopcpb.org.br\/index.php\/wp-json\/wp\/v2\/categories?post=33751"},{"taxonomy":"post_tag","embeddable":true,"href":"https:\/\/sindaopcpb.org.br\/index.php\/wp-json\/wp\/v2\/tags?post=33751"}],"curies":[{"name":"wp","href":"https:\/\/api.w.org\/{rel}","templated":true}]}}