{"id":33738,"date":"2023-09-11T09:57:15","date_gmt":"2023-09-11T12:57:15","guid":{"rendered":"https:\/\/www.infomoney.com.br\/?p=2238497"},"modified":"2023-09-11T09:57:15","modified_gmt":"2023-09-11T12:57:15","slug":"brasil-precisa-revisar-adesao-ao-tpi-e-judiciario-do-pais-decidira-sobre-prisao-de-putin-diz-lula","status":"publish","type":"post","link":"https:\/\/sindaopcpb.org.br\/index.php\/2023\/09\/11\/brasil-precisa-revisar-adesao-ao-tpi-e-judiciario-do-pais-decidira-sobre-prisao-de-putin-diz-lula\/","title":{"rendered":"Brasil precisa revisar ades\u00e3o ao TPI e Judici\u00e1rio do pa\u00eds decidir\u00e1 sobre pris\u00e3o de Putin, diz Lula"},"content":{"rendered":"<p><img loading=\"lazy\" width=\"300\" height=\"225\" src=\"https:\/\/www.infomoney.com.br\/wp-content\/uploads\/2023\/09\/53179715153_7e0e77c7a8_o_1.jpg?fit=300%2C225&amp;quality=70&amp;strip=all\" class=\"attachment-medium size-medium wp-post-image\" alt=\"\" decoding=\"async\" style=\"float:right; margin:0 0 10px 10px;\" srcset=\"https:\/\/www.infomoney.com.br\/wp-content\/uploads\/2023\/09\/53179715153_7e0e77c7a8_o_1.jpg?w=1024&amp;quality=70&amp;strip=all 1024w, https:\/\/www.infomoney.com.br\/wp-content\/uploads\/2023\/09\/53179715153_7e0e77c7a8_o_1.jpg?w=300&amp;quality=70&amp;strip=all 300w, https:\/\/www.infomoney.com.br\/wp-content\/uploads\/2023\/09\/53179715153_7e0e77c7a8_o_1.jpg?w=768&amp;quality=70&amp;strip=all 768w, https:\/\/www.infomoney.com.br\/wp-content\/uploads\/2023\/09\/53179715153_7e0e77c7a8_o_1.jpg?w=150&amp;quality=70&amp;strip=all 150w\" sizes=\"auto, (max-width: 300px) 100vw, 300px\" data-attachment-id=\"2238616\" data-permalink=\"https:\/\/www.infomoney.com.br\/politica\/brasil-precisa-revisar-adesao-ao-tpi-e-judiciario-do-pais-decidira-sobre-prisao-de-putin-diz-lula\/attachment\/53179715153_7e0e77c7a8_o_1\/\" data-orig-file=\"https:\/\/www.infomoney.com.br\/wp-content\/uploads\/2023\/09\/53179715153_7e0e77c7a8_o_1.jpg?fit=1024%2C768&amp;quality=70&amp;strip=all\" data-orig-size=\"1024,768\" data-comments-opened=\"0\" data-image-meta=\"{&quot;aperture&quot;:&quot;3.2&quot;,&quot;credit&quot;:&quot;Ricardo Stuckert\\\/PR&quot;,&quot;camera&quot;:&quot;Canon EOS R3&quot;,&quot;caption&quot;:&quot;Nova Delhi, \\u00cdndia, 11.09.2023 - Presidente da Rep\\u00fablica, Luiz In\\u00e1cio Lula da Silva, concede entrevista coletiva \\u00e0 imprensa em Nova Delhi, \\u00cdndia, e faz balan\\u00e7o da viagem. Foto: Ricardo Stuckert\\\/PR&quot;,&quot;created_timestamp&quot;:&quot;1694391964&quot;,&quot;copyright&quot;:&quot;&quot;,&quot;focal_length&quot;:&quot;200&quot;,&quot;iso&quot;:&quot;3200&quot;,&quot;shutter_speed&quot;:&quot;0.002&quot;,&quot;title&quot;:&quot;&quot;,&quot;orientation&quot;:&quot;1&quot;}\" data-image-title=\"Luiz In\u00e1cio Lula da Silva em Nova D\u00e9lhi\" data-image-description=\"\" data-image-caption=\"&lt;p&gt;Nova Delhi, \u00cdndia, 11.09.2023 &#8211; Presidente da Rep\u00fablica, Luiz In\u00e1cio Lula da Silva, concede entrevista coletiva \u00e0 imprensa em Nova Delhi, \u00cdndia, e faz balan\u00e7o da viagem. Foto: Ricardo Stuckert\/PR&lt;\/p&gt;\n\" data-medium-file=\"https:\/\/www.infomoney.com.br\/wp-content\/uploads\/2023\/09\/53179715153_7e0e77c7a8_o_1.jpg?fit=300%2C225&amp;quality=70&amp;strip=all\" data-large-file=\"https:\/\/www.infomoney.com.br\/wp-content\/uploads\/2023\/09\/53179715153_7e0e77c7a8_o_1.jpg?fit=1024%2C768&amp;quality=70&amp;strip=all\" title=\"\"><\/p>\n<p>O presidente Luiz In&aacute;cio Lula da Silva disse nesta segunda-feira (11) que o Brasil precisa revisar sua ades&atilde;o ao Tribunal Penal Internacional (TPI), dado que pa&iacute;ses como Estados Unidos, China, &Iacute;ndia e R&uacute;ssia n&atilde;o aderiram.<\/p>\n<p>Em entrevista coletiva em Nova D&eacute;lhi, capital da &Iacute;ndia, onde participou no fim de semana da c&uacute;pula do G20, Lula tamb&eacute;m disse que caber&aacute; ao Judici&aacute;rio brasileiro decidir se o presidente da R&uacute;ssia, Vladimir Putin, ser&aacute; ou n&atilde;o preso caso compare&ccedil;a &agrave; reuni&atilde;o do G20 no ano que vem no Brasil.<\/p>\n<p>O TPI emitiu um mandado de pris&atilde;o internacional contra Putin em mar&ccedil;o, acusando-o de deportar ilegalmente centenas de crian&ccedil;as da Ucr&acirc;nia. A R&uacute;ssia nega ter cometido crimes de guerra e de ter trazido crian&ccedil;as ucranianas &agrave; for&ccedil;a.<\/p>\n<p>O Brasil &eacute; signat&aacute;rio do Estatuto de Roma, que levou &agrave; funda&ccedil;&atilde;o do TPI.<\/p>\n<p>&ldquo;Eu inclusive quero estudar muito essa quest&atilde;o desse Tribunal Penal, porque os Estados Unidos n&atilde;o s&atilde;o signat&aacute;rios dele, a R&uacute;ssia n&atilde;o &eacute; signat&aacute;rio dele. Ent&atilde;o eu quero saber por que o Brasil virou signat&aacute;rio de um tribunal que os Estados Unidos n&atilde;o aceitam. Por que n&oacute;s somos inferiores e temos que aceitar?&rdquo;, disse Lula aos rep&oacute;rteres.<\/p>\n<p>&ldquo;&Eacute; um absurdo, s&atilde;o os pa&iacute;ses emergentes signat&aacute;rios de uma coisa que prejudica a eles mesmos&rdquo;, acrescentou.<\/p>\n<p>Putin n&atilde;o compareceu &agrave;s duas &uacute;ltimas reuni&otilde;es do G20, em Bali e em Nova D&eacute;lhi, assim como tamb&eacute;m n&atilde;o foi &agrave; reuni&atilde;o de c&uacute;pula do Brics &mdash; formado por Brasil, R&uacute;ssia, &Iacute;ndia, China e &Aacute;frica do Sul &mdash; em Johanesburgo. Ele foi representado nessas ocasi&otilde;es pelo ministro das Rela&ccedil;&otilde;es Exteriores da R&uacute;ssia, Sergei Lavrov.<\/p>\n<p>O Brasil assumiu a presid&ecirc;ncia rotativa do G20 durante o encontro do grupo na capital indiana, e por isso o pr&oacute;ximo encontro de c&uacute;pula do bloco ocorrer&aacute; no ano que vem no Rio de Janeiro.<\/p>\n<p>&ldquo;Eu vou dar uma pensada nisso (ades&atilde;o ao TPI) direitinho, mas de qualquer forma &eacute; a Justi&ccedil;a que toma a decis&atilde;o. Se o Putin decidir ir ao Brasil, quem toma a decis&atilde;o se vai prender ou n&atilde;o &eacute; a Justi&ccedil;a, n&atilde;o &eacute; nem o governo nem o Congresso Nacional&rdquo;, disse Lula.<\/p>\n<p>No s&aacute;bado, Lula disse ao programa de not&iacute;cias indiano First Post que &ldquo;n&atilde;o h&aacute; por que&rdquo; Putin ser preso caso decida vir ao Brasil para a c&uacute;pula do G20 no ano que vem e que o presidente russo &ldquo;pode ir tranquilamente para o Brasil&rdquo;.<\/p>\n<p>Na coletiva desta segunda, o presidente disse ainda esperar que at&eacute; a reuni&atilde;o do G20 no Brasil no ano que vem a guerra da Ucr&acirc;nia, iniciada em fevereiro do ano passado quando a R&uacute;ssia invadiu o pa&iacute;s vizinho, tenha terminado.<\/p>\n<p>&ldquo;Eu espero que tenha acabado a guerra, espero que o tribunal tenha refeito sua posi&ccedil;&atilde;o para que a gente possa voltar &agrave; normalidade&rdquo;, afirmou.<\/p>\n<\/p>\n<div class=\"cta-end\">\n<div class=\"im-cta\" >\n<div class=\"im-shortcode-forms bg-light bg-opacity-25 border rounded-4 p-3 p-sm-4 p-md-3 p-lg-4 px-xxl-5 my-5\" data-configuration='{\"form_name\":false,\"form_hat\":\"Newsletter\",\"form_email\":true,\"form_icon\":\"newsletter\",\"form_phone\":false,\"form_campaign\":\"NIM\",\"form_thankyou\":\"\",\"form_journey\":\"APIEvent-26a5198d-8e09-06ef-5f80-cd9127757ad1\",\"form_button\":\"Quero receber\",\"form_context\":\"newsletter\",\"form_origin\":\"https:\\\/\\\/www.infomoney.com.br\\\/politica\\\/feed\\\/?utm_medium=materia&#038;utm_source=infomoney&#038;utm_campaign=NIM&#038;utm_term=politica&#038;utm_content=newsletter\",\"form_position\":\"final\",\"form_category\":\"cta_form\"}'>\n<div class=\"d-flex flex-column align-items-center align-items-lg-start mb-4 flex-lg-row\">\n<div class=\"rounded-circle mb-2 mb-lg-0 mr-lg-4 me-lg-4 p-3 p-lg-4 bg-blue-400\"><svg width=\"40\" height=\"40\" viewBox=\"0 0 40 40\" fill=\"none\" xmlns=\"http:\/\/www.w3.org\/2000\/svg\"><path d=\"M20 20.25 6.042 11.042v19.041c0 .167.048.299.146.396a.535.535 0 0 0 .395.146h15.792V32.5H6.583a2.328 2.328 0 0 1-1.708-.708 2.328 2.328 0 0 1-.708-1.709V9.917c0-.667.236-1.236.708-1.709A2.328 2.328 0 0 1 6.583 7.5h26.834c.666 0 1.236.236 1.708.708a2.33 2.33 0 0 1 .708 1.709v12.458h-1.875V11.042L20 20.25Zm0-2 13.667-8.875H6.333L20 18.25Zm11.75 18.958-1.292-1.333 3.334-3.375h-9v-1.875h9l-3.375-3.417 1.333-1.291 5.667 5.625-5.667 5.666ZM6.042 11.042v20.791-9.458.25-13.25 1.667Z\" fill=\"#fff\"\/><\/svg><\/div>\n<div class=\"flex-fill text-center text-lg-left\">\n<div class=\"h6 small text-orange-700 lh-base mb-1\">Newsletter<\/div>\n<div class=\"text-body h4 m-0\">Infomorning<\/div>\n<div class=\"text-body small lh-base mt-2\">Receba no seu e-mail logo pela manh&atilde; as not&iacute;cias que v&atilde;o mexer com os mercados, com os seus investimentos e o seu bolso durante o dia<\/div>\n<\/div>\n<\/div>\n<\/div>\n<\/div>\n<\/div>\n<p>The post <a rel=\"nofollow noopener\" href=\"https:\/\/www.infomoney.com.br\/politica\/brasil-precisa-revisar-adesao-ao-tpi-e-judiciario-do-pais-decidira-sobre-prisao-de-putin-diz-lula\/\" target=\"_blank\">Brasil precisa revisar ades\u00e3o ao TPI e Judici\u00e1rio do pa\u00eds decidir\u00e1 sobre pris\u00e3o de Putin, diz Lula<\/a> appeared first on <a rel=\"nofollow noopener\" href=\"https:\/\/www.infomoney.com.br\/\" target=\"_blank\">InfoMoney<\/a>.<\/p>\n","protected":false},"excerpt":{"rendered":"<p><img loading=\"lazy\" decoding=\"async\" width=\"300\" height=\"225\" src=\"https:\/\/www.infomoney.com.br\/wp-content\/uploads\/2023\/09\/53179715153_7e0e77c7a8_o_1.jpg?fit=300%2C225&amp;quality=70&amp;strip=all\" class=\"attachment-medium size-medium wp-post-image\" alt=\"\" data-attachment-id=\"2238616\" data-permalink=\"https:\/\/www.infomoney.com.br\/politica\/brasil-precisa-revisar-adesao-ao-tpi-e-judiciario-do-pais-decidira-sobre-prisao-de-putin-diz-lula\/attachment\/53179715153_7e0e77c7a8_o_1\/\" data-orig-file=\"https:\/\/www.infomoney.com.br\/wp-content\/uploads\/2023\/09\/53179715153_7e0e77c7a8_o_1.jpg?fit=1024%2C768&amp;quality=70&amp;strip=all\" data-orig-size=\"1024,768\" data-comments-opened=\"0\" data-image-meta='{\"aperture\":\"3.2\",\"credit\":\"Ricardo Stuckert\\\/PR\",\"camera\":\"Canon EOS R3\",\"caption\":\"Nova Delhi, \\u00cdndia, 11.09.2023 - Presidente da Rep\\u00fablica, Luiz In\\u00e1cio Lula da Silva, concede entrevista coletiva \\u00e0 imprensa em Nova Delhi, \\u00cdndia, e faz balan\\u00e7o da viagem. Foto: Ricardo Stuckert\\\/PR\",\"created_timestamp\":\"1694391964\",\"copyright\":\"\",\"focal_length\":\"200\",\"iso\":\"3200\",\"shutter_speed\":\"0.002\",\"title\":\"\",\"orientation\":\"1\"}' data-image-title=\"Luiz In\u00e1cio Lula da Silva em Nova D\u00e9lhi\" data-image-description=\"\" data-image-caption=\"&lt;p&gt;Nova Delhi, \u00cdndia, 11.09.2023 \u2013 Presidente da Rep\u00fablica, Luiz In\u00e1cio Lula da Silva, concede entrevista coletiva \u00e0 imprensa em Nova Delhi, \u00cdndia, e faz balan\u00e7o da viagem. Foto: Ricardo Stuckert\/PR&lt;\/p&gt;\n\" data-medium-file=\"https:\/\/www.infomoney.com.br\/wp-content\/uploads\/2023\/09\/53179715153_7e0e77c7a8_o_1.jpg?fit=300%2C225&amp;quality=70&amp;strip=all\" data-large-file=\"https:\/\/www.infomoney.com.br\/wp-content\/uploads\/2023\/09\/53179715153_7e0e77c7a8_o_1.jpg?fit=1024%2C768&amp;quality=70&amp;strip=all\">Tribunal emitiu um mandado de pris\u00e3o internacional contra Putin em mar\u00e7o, acusando-o de deportar ilegalmente centenas de crian\u00e7as da Ucr\u00e2nia<\/p>\n<p>The post <a rel=\"nofollow\" href=\"https:\/\/www.infomoney.com.br\/politica\/brasil-precisa-revisar-adesao-ao-tpi-e-judiciario-do-pais-decidira-sobre-prisao-de-putin-diz-lula\/\">Brasil precisa revisar ades\u00e3o ao TPI e Judici\u00e1rio do pa\u00eds decidir\u00e1 sobre pris\u00e3o de Putin, diz Lula<\/a> appeared first on <a rel=\"nofollow\" href=\"https:\/\/www.infomoney.com.br\/\">InfoMoney<\/a>.<\/p>\n","protected":false},"author":46,"featured_media":0,"comment_status":"closed","ping_status":"closed","sticky":false,"template":"","format":"standard","meta":{"advgb_blocks_editor_width":"","advgb_blocks_columns_visual_guide":"","footnotes":""},"categories":[34,129,1797,47,3667,8948,5272],"tags":[35],"class_list":["post-33738","post","type-post","status-publish","format-standard","hentry","category-g1","category-luiz-inacio-lula-da-silva","category-poder-judiciario","category-politica","category-putin","category-tribunal-penal-internacional","category-vladimir-putin","tag-g1"],"author_meta":{"display_name":"Reuters","author_link":"https:\/\/sindaopcpb.org.br\/author\/reuters\/"},"featured_img":null,"coauthors":[],"tax_additional":{"categories":{"linked":["<a href=\"https:\/\/sindaopcpb.org.br\/g1\/\" class=\"advgb-post-tax-term\">G1<\/a>","<a href=\"https:\/\/sindaopcpb.org.br\/luiz-inacio-lula-da-silva\/\" class=\"advgb-post-tax-term\">Luiz In\u00e1cio Lula da Silva<\/a>","<a href=\"https:\/\/sindaopcpb.org.br\/poder-judiciario\/\" class=\"advgb-post-tax-term\">Poder Judici\u00e1rio<\/a>","<a href=\"https:\/\/sindaopcpb.org.br\/politica\/\" class=\"advgb-post-tax-term\">POLITICA<\/a>","<a href=\"https:\/\/sindaopcpb.org.br\/putin\/\" class=\"advgb-post-tax-term\">putin<\/a>","<a href=\"https:\/\/sindaopcpb.org.br\/tribunal-penal-internacional\/\" class=\"advgb-post-tax-term\">Tribunal Penal Internacional<\/a>","<a href=\"https:\/\/sindaopcpb.org.br\/vladimir-putin\/\" class=\"advgb-post-tax-term\">Vladimir Putin<\/a>"],"unlinked":["<span class=\"advgb-post-tax-term\">G1<\/span>","<span class=\"advgb-post-tax-term\">Luiz In\u00e1cio Lula da Silva<\/span>","<span class=\"advgb-post-tax-term\">Poder Judici\u00e1rio<\/span>","<span class=\"advgb-post-tax-term\">POLITICA<\/span>","<span class=\"advgb-post-tax-term\">putin<\/span>","<span class=\"advgb-post-tax-term\">Tribunal Penal Internacional<\/span>","<span class=\"advgb-post-tax-term\">Vladimir Putin<\/span>"]},"tags":{"linked":["<a href=\"https:\/\/sindaopcpb.org.br\/vladimir-putin\/\" class=\"advgb-post-tax-term\">g1<\/a>"],"unlinked":["<span class=\"advgb-post-tax-term\">g1<\/span>"]}},"comment_count":"0","relative_dates":{"created":"Publicado 3 anos atr\u00e1s","modified":"Atualizado 3 anos atr\u00e1s"},"absolute_dates":{"created":"Publicado em 11 de setembro de 2023","modified":"Atualizado em 11 de setembro de 2023"},"absolute_dates_time":{"created":"Publicado em 11 de setembro de 2023 09:57","modified":"Atualizado em 11 de setembro de 2023 09:57"},"featured_img_caption":"","series_order":"","_links":{"self":[{"href":"https:\/\/sindaopcpb.org.br\/index.php\/wp-json\/wp\/v2\/posts\/33738","targetHints":{"allow":["GET"]}}],"collection":[{"href":"https:\/\/sindaopcpb.org.br\/index.php\/wp-json\/wp\/v2\/posts"}],"about":[{"href":"https:\/\/sindaopcpb.org.br\/index.php\/wp-json\/wp\/v2\/types\/post"}],"author":[{"embeddable":true,"href":"https:\/\/sindaopcpb.org.br\/index.php\/wp-json\/wp\/v2\/users\/46"}],"replies":[{"embeddable":true,"href":"https:\/\/sindaopcpb.org.br\/index.php\/wp-json\/wp\/v2\/comments?post=33738"}],"version-history":[{"count":1,"href":"https:\/\/sindaopcpb.org.br\/index.php\/wp-json\/wp\/v2\/posts\/33738\/revisions"}],"predecessor-version":[{"id":33739,"href":"https:\/\/sindaopcpb.org.br\/index.php\/wp-json\/wp\/v2\/posts\/33738\/revisions\/33739"}],"wp:attachment":[{"href":"https:\/\/sindaopcpb.org.br\/index.php\/wp-json\/wp\/v2\/media?parent=33738"}],"wp:term":[{"taxonomy":"category","embeddable":true,"href":"https:\/\/sindaopcpb.org.br\/index.php\/wp-json\/wp\/v2\/categories?post=33738"},{"taxonomy":"post_tag","embeddable":true,"href":"https:\/\/sindaopcpb.org.br\/index.php\/wp-json\/wp\/v2\/tags?post=33738"}],"curies":[{"name":"wp","href":"https:\/\/api.w.org\/{rel}","templated":true}]}}