{"id":33727,"date":"2023-09-11T10:04:59","date_gmt":"2023-09-11T13:04:59","guid":{"rendered":"https:\/\/g1.globo.com\/pb\/paraiba\/noticia\/2023\/09\/11\/mutirao-de-renegociacao-de-dividas-do-procon-pb-comeca-nesta-segunda-11-em-joao-pessoa.ghtml"},"modified":"2023-09-11T10:04:59","modified_gmt":"2023-09-11T13:04:59","slug":"mutirao-de-renegociacao-de-dividas-do-procon-pb-comeca-nesta-segunda-11-em-joao-pessoa","status":"publish","type":"post","link":"https:\/\/sindaopcpb.org.br\/index.php\/2023\/09\/11\/mutirao-de-renegociacao-de-dividas-do-procon-pb-comeca-nesta-segunda-11-em-joao-pessoa\/","title":{"rendered":"Mutir\u00e3o de renegocia\u00e7\u00e3o de d\u00edvidas do Procon-PB come\u00e7a nesta segunda (11), em Jo\u00e3o Pessoa"},"content":{"rendered":"   <img src=\"https:\/\/s2.glbimg.com\/53ZoI02vaWZs3iBFFAarHaQOlmY=\/i.s3.glbimg.com\/v1\/AUTH_59edd422c0c84a879bd37670ae4f538a\/internal_photos\/bs\/2023\/E\/k\/PGnlgfTdeI1b7OjblRDA\/dinheiro.png\" \/><br \/>     Mutir\u00e3o acontece at\u00e9 o dia 15 de setembro, das 8h \u00e0s 17h30, na avenida Almirante Barroso. As entregas de fichas ser\u00e3o entregues diariamente at\u00e9 as 14h. Mutir\u00e3o de renegocia\u00e7\u00e3o de d\u00edvidas do Procon-PB come\u00e7a nesta segunda (11), em Jo\u00e3o Pessoa\nReprodu\u00e7\u00e3o\nCome\u00e7a nesta segunda-feira (11) o 60\u00ba Mutir\u00e3o de Renegocia\u00e7\u00e3o de D\u00edvidas do Procon Estadual da Para\u00edba, no Centro de Jo\u00e3o Pessoa. O mutir\u00e3o acontece at\u00e9 o dia 15 de setembro, das 8h \u00e0s 17h30, na avenida Almirante Barroso. As entregas de fichas ser\u00e3o entregues diariamente at\u00e9 as 14h.\nPara participar do mutir\u00e3o, \u00e9 preciso levar uma c\u00f3pia do documento oficial com foto (RG e CPF), comprovante de resid\u00eancia, al\u00e9m dos documentos relacionados \u00e0 d\u00edvida.\nDurante toda semana que ocorrer o evento, tamb\u00e9m ser\u00e3o oferecidos gratuitamente pelo Senac, servi\u00e7os de beleza para todos os consumidores que comparecerem ao 60\u00ba Mutir\u00e3o, como esmalta\u00e7\u00e3o em unhas, cortes de cabelo, design de sobrancelhas e massagem relaxante.\nO mutir\u00e3o \u00e9 uma parceria entre o Procon e empresas como a Cagepa, Energisa, escolas particulares, empresas de telefonia (oi, tim, vivo), TVs por assinatura, institui\u00e7\u00f5es financeiras, e recebe apoio do Senac e S\u00e3o Braz.\nFazendo parte do rol de atividades comemorativas, tamb\u00e9m nesta segunda-feira, no hor\u00e1rio das 11h, o Procon Estadual e a C\u00e2mara de Vereadores de Jo\u00e3o Pessoa, devem lan\u00e7ar o conv\u00eanio com a Federa\u00e7\u00e3o Brasileira de Bancos (Febraban), o Programa \u201cMeu Bolso em Dia\u201d, uma ferramenta que ser\u00e1 disponibilizada em todas os canais digitais.\nO \u201c Meu Bolso em Dia\u201d \u00e9 uma plataforma criada com o intuito de contribuir com a educa\u00e7\u00e3o financeira dos brasileiros, trazendo dicas e informa\u00e7\u00f5es de finan\u00e7as pessoais, cursos e planilhas de controle financeiro para diversas situa\u00e7\u00f5es do cotidiano de cada pessoa. Al\u00e9m disso, os materiais disponibilizados explicam os principais servi\u00e7os banc\u00e1rios como saques, dep\u00f3sitos, transfer\u00eancias, Pix, entre outras orienta\u00e7\u00f5es.\nV\u00eddeos mais assistidos do g1 Para\u00edba  ","protected":false},"excerpt":{"rendered":"<p>        Mutir\u00e3o acontece at\u00e9 o dia 15 de setembro, das 8h \u00e0s 17h30, na avenida Almirante Barroso. As entregas de fichas ser\u00e3o entregues diariamente at\u00e9 as 14h. Mutir\u00e3o de renegocia\u00e7\u00e3o de d\u00edvidas do Procon-PB come\u00e7a nesta segunda (11), em Jo\u00e3o Pessoa<br \/>\nRe&#8230;<\/p>\n","protected":false},"author":2,"featured_media":0,"comment_status":"closed","ping_status":"closed","sticky":false,"template":"","format":"standard","meta":{"advgb_blocks_editor_width":"","advgb_blocks_columns_visual_guide":"","footnotes":""},"categories":[34],"tags":[35],"class_list":["post-33727","post","type-post","status-publish","format-standard","hentry","category-g1","tag-g1"],"author_meta":{"display_name":"g1 &gt; Para\u00edba","author_link":"https:\/\/sindaopcpb.org.br\/author\/g1-paraiba\/"},"featured_img":null,"coauthors":[],"tax_additional":{"categories":{"linked":["<a href=\"https:\/\/sindaopcpb.org.br\/g1\/\" class=\"advgb-post-tax-term\">G1<\/a>"],"unlinked":["<span class=\"advgb-post-tax-term\">G1<\/span>"]},"tags":{"linked":["<a href=\"https:\/\/sindaopcpb.org.br\/g1\/\" class=\"advgb-post-tax-term\">g1<\/a>"],"unlinked":["<span class=\"advgb-post-tax-term\">g1<\/span>"]}},"comment_count":"0","relative_dates":{"created":"Publicado 3 anos atr\u00e1s","modified":"Atualizado 3 anos atr\u00e1s"},"absolute_dates":{"created":"Publicado em 11 de setembro de 2023","modified":"Atualizado em 11 de setembro de 2023"},"absolute_dates_time":{"created":"Publicado em 11 de setembro de 2023 10:04","modified":"Atualizado em 11 de setembro de 2023 10:04"},"featured_img_caption":"","series_order":"","_links":{"self":[{"href":"https:\/\/sindaopcpb.org.br\/index.php\/wp-json\/wp\/v2\/posts\/33727","targetHints":{"allow":["GET"]}}],"collection":[{"href":"https:\/\/sindaopcpb.org.br\/index.php\/wp-json\/wp\/v2\/posts"}],"about":[{"href":"https:\/\/sindaopcpb.org.br\/index.php\/wp-json\/wp\/v2\/types\/post"}],"author":[{"embeddable":true,"href":"https:\/\/sindaopcpb.org.br\/index.php\/wp-json\/wp\/v2\/users\/2"}],"replies":[{"embeddable":true,"href":"https:\/\/sindaopcpb.org.br\/index.php\/wp-json\/wp\/v2\/comments?post=33727"}],"version-history":[{"count":1,"href":"https:\/\/sindaopcpb.org.br\/index.php\/wp-json\/wp\/v2\/posts\/33727\/revisions"}],"predecessor-version":[{"id":33728,"href":"https:\/\/sindaopcpb.org.br\/index.php\/wp-json\/wp\/v2\/posts\/33727\/revisions\/33728"}],"wp:attachment":[{"href":"https:\/\/sindaopcpb.org.br\/index.php\/wp-json\/wp\/v2\/media?parent=33727"}],"wp:term":[{"taxonomy":"category","embeddable":true,"href":"https:\/\/sindaopcpb.org.br\/index.php\/wp-json\/wp\/v2\/categories?post=33727"},{"taxonomy":"post_tag","embeddable":true,"href":"https:\/\/sindaopcpb.org.br\/index.php\/wp-json\/wp\/v2\/tags?post=33727"}],"curies":[{"name":"wp","href":"https:\/\/api.w.org\/{rel}","templated":true}]}}