{"id":33710,"date":"2023-09-11T08:31:18","date_gmt":"2023-09-11T11:31:18","guid":{"rendered":"https:\/\/g1.globo.com\/pb\/paraiba\/noticia\/2023\/09\/11\/preco-do-gas-de-cozinha-aumenta-a-partir-desta-segunda-feira-11-na-paraiba.ghtml"},"modified":"2023-09-11T08:31:18","modified_gmt":"2023-09-11T11:31:18","slug":"preco-do-gas-de-cozinha-aumenta-a-partir-desta-segunda-feira-11-na-paraiba","status":"publish","type":"post","link":"https:\/\/sindaopcpb.org.br\/index.php\/2023\/09\/11\/preco-do-gas-de-cozinha-aumenta-a-partir-desta-segunda-feira-11-na-paraiba\/","title":{"rendered":"Pre\u00e7o do g\u00e1s de cozinha aumenta a partir desta segunda-feira (11), na Para\u00edba"},"content":{"rendered":"   <img src=\"https:\/\/s2.glbimg.com\/aci7flNXwom9hCZwjwYUk1v0E9Y=\/i.s3.glbimg.com\/v1\/AUTH_59edd422c0c84a879bd37670ae4f538a\/internal_photos\/bs\/2023\/7\/Q\/OiL24jSnSTjSBzEuapEg\/globo-canal-4-20230622-1959-frame-112847.jpeg\" \/><br \/>     Aumento j\u00e1 \u00e9 esperado para o m\u00eas de setembro, visando uma revis\u00e3o anual de pre\u00e7os para cobrir custos referentes a aumento salarial de funcion\u00e1rios, cuja data-base ocorre em setembro. Pre\u00e7o do g\u00e1s de cozinha aumenta a partir desta segunda-feira (11), na Para\u00edba\nJornal Nacional\/ Reprodu\u00e7\u00e3o\nO pre\u00e7o do botij\u00e3o de 13kg do g\u00e1s de cozinha vai sofrer um aumento a partir desta segunda-feira (11), na Para\u00edba. De acordo com o presidente do Sindicato dos Revendedores de G\u00e1s (Sinreg\u00e1s), Marcos Ant\u00f4nio, o reajuste pode variar entre R$ 6 e R$ 7.\nAinda conforme o Sinreg\u00e1s, o reajuste j\u00e1 \u00e9 esperado para o m\u00eas de setembro, visando uma revis\u00e3o anual de pre\u00e7os para cobrir custos referentes a aumento salarial de funcion\u00e1rios, cuja data-base ocorre em setembro.\nUm levantamento realizado pela Secretaria Municipal de Prote\u00e7\u00e3o e Defesa do Consumidor (Procon-JP), em agosto deste ano, encontrou o g\u00e1s de cozinha entre R$ 85,00 a R$ 105. Com o aumento, a varia\u00e7\u00e3o pode aumentar entre R$ 91 a R$ 111.\nV\u00eddeos mais assistidos do g1 Para\u00edba  ","protected":false},"excerpt":{"rendered":"<p>        Aumento j\u00e1 \u00e9 esperado para o m\u00eas de setembro, visando uma revis\u00e3o anual de pre\u00e7os para cobrir custos referentes a aumento salarial de funcion\u00e1rios, cuja data-base ocorre em setembro. Pre\u00e7o do g\u00e1s de cozinha aumenta a partir desta segunda-feira &#8230;<\/p>\n","protected":false},"author":2,"featured_media":0,"comment_status":"closed","ping_status":"closed","sticky":false,"template":"","format":"standard","meta":{"advgb_blocks_editor_width":"","advgb_blocks_columns_visual_guide":"","footnotes":""},"categories":[34],"tags":[35],"class_list":["post-33710","post","type-post","status-publish","format-standard","hentry","category-g1","tag-g1"],"author_meta":{"display_name":"g1 &gt; Para\u00edba","author_link":"https:\/\/sindaopcpb.org.br\/author\/g1-paraiba\/"},"featured_img":null,"coauthors":[],"tax_additional":{"categories":{"linked":["<a href=\"https:\/\/sindaopcpb.org.br\/g1\/\" class=\"advgb-post-tax-term\">G1<\/a>"],"unlinked":["<span class=\"advgb-post-tax-term\">G1<\/span>"]},"tags":{"linked":["<a href=\"https:\/\/sindaopcpb.org.br\/g1\/\" class=\"advgb-post-tax-term\">g1<\/a>"],"unlinked":["<span class=\"advgb-post-tax-term\">g1<\/span>"]}},"comment_count":"0","relative_dates":{"created":"Publicado 3 anos atr\u00e1s","modified":"Atualizado 3 anos atr\u00e1s"},"absolute_dates":{"created":"Publicado em 11 de setembro de 2023","modified":"Atualizado em 11 de setembro de 2023"},"absolute_dates_time":{"created":"Publicado em 11 de setembro de 2023 08:31","modified":"Atualizado em 11 de setembro de 2023 08:31"},"featured_img_caption":"","series_order":"","_links":{"self":[{"href":"https:\/\/sindaopcpb.org.br\/index.php\/wp-json\/wp\/v2\/posts\/33710","targetHints":{"allow":["GET"]}}],"collection":[{"href":"https:\/\/sindaopcpb.org.br\/index.php\/wp-json\/wp\/v2\/posts"}],"about":[{"href":"https:\/\/sindaopcpb.org.br\/index.php\/wp-json\/wp\/v2\/types\/post"}],"author":[{"embeddable":true,"href":"https:\/\/sindaopcpb.org.br\/index.php\/wp-json\/wp\/v2\/users\/2"}],"replies":[{"embeddable":true,"href":"https:\/\/sindaopcpb.org.br\/index.php\/wp-json\/wp\/v2\/comments?post=33710"}],"version-history":[{"count":1,"href":"https:\/\/sindaopcpb.org.br\/index.php\/wp-json\/wp\/v2\/posts\/33710\/revisions"}],"predecessor-version":[{"id":33711,"href":"https:\/\/sindaopcpb.org.br\/index.php\/wp-json\/wp\/v2\/posts\/33710\/revisions\/33711"}],"wp:attachment":[{"href":"https:\/\/sindaopcpb.org.br\/index.php\/wp-json\/wp\/v2\/media?parent=33710"}],"wp:term":[{"taxonomy":"category","embeddable":true,"href":"https:\/\/sindaopcpb.org.br\/index.php\/wp-json\/wp\/v2\/categories?post=33710"},{"taxonomy":"post_tag","embeddable":true,"href":"https:\/\/sindaopcpb.org.br\/index.php\/wp-json\/wp\/v2\/tags?post=33710"}],"curies":[{"name":"wp","href":"https:\/\/api.w.org\/{rel}","templated":true}]}}