{"id":33671,"date":"2023-09-10T18:46:37","date_gmt":"2023-09-10T21:46:37","guid":{"rendered":"https:\/\/wpa.wscom.com.br\/?p=922356"},"modified":"2023-09-10T18:46:37","modified_gmt":"2023-09-10T21:46:37","slug":"exercito-confirma-afastamento-de-mauro-cid-apos-decisao-de-moraes","status":"publish","type":"post","link":"https:\/\/sindaopcpb.org.br\/index.php\/2023\/09\/10\/exercito-confirma-afastamento-de-mauro-cid-apos-decisao-de-moraes\/","title":{"rendered":"Ex\u00e9rcito confirma afastamento de Mauro Cid ap\u00f3s decis\u00e3o de Moraes"},"content":{"rendered":"<p>Ao conceder, no s\u00e1bado (9), a liberdade provis\u00f3ria ao tenente-coronel Mauro Cid, ex-ajudante de ordens de Jair Bolsonaro, o ministro Alexandre de Moraes, do Supremo Tribunal Federal (STF), determinou ainda o afastamento do militar das suas fun\u00e7\u00f5es. O Ex\u00e9rcito informou por meio de nota neste domingo (10) que Cid, que estava trabalhando no Comando de Opera\u00e7\u00f5es Terrestres antes de ser preso em maio, ficar\u00e1 sem ocupar cargo e exercer fun\u00e7\u00e3o.<\/p>\n<p>\u201cO Tenente-Coronel Mauro C\u00e9sar Barbosa Cid ficar\u00e1 agregado ao Departamento-Geral do Pessoal (DGP) sem ocupar cargo e exercer fun\u00e7\u00e3o\u201d, indica a nota do Ex\u00e9rcito, citada pela\u00a0<a href=\"https:\/\/www.cnnbrasil.com.br\/politica\/exercito-cumprira-decisao-de-moraes-e-cid-ficara-sem-ocupar-cargo-e-exercer-funcao\/\" rel=\"noopener nofollow\" target=\"_blank\">CNN Brasil<\/a>.<\/p>\n<p>Ap\u00f3s a decis\u00e3o de Moraes, Cid foi solto, deixando o Batalh\u00e3o de Pol\u00edcia do Ex\u00e9rcito de Bras\u00edlia na tarde do s\u00e1bado. Com o acordo de dela\u00e7\u00e3o homologado, o ex-ajudante de ordens pode entregar elementos importantes que implicam Jair Bolsonaro. A\u00a0<a href=\"https:\/\/www.brasil247.com\/brasil\/aras-rebate-nota-de-o-globo-e-chama-jornal-e-colunista-malu-gaspar-de-lavajatistas\" rel=\"noopener nofollow\" target=\"_blank\">dela\u00e7\u00e3o de Mauro Cid<\/a>\u00a0\u00e9 de suma import\u00e2ncia para diversas investiga\u00e7\u00f5es em curso. Entre os assuntos que poderiam ser expostos est\u00e1 o pol\u00eamico caso das joias \u00e1rabes que deveriam ter sido incorporadas ao patrim\u00f4nio da Uni\u00e3o, mas que foram revendidas nos Estados Unidos.<\/p>\n<div class=\"contentAd contentAd--noBackground marginBottom30\">\n<p>Mauro Cid foi preso em uma opera\u00e7\u00e3o da PF que investiga fraudes e adultera\u00e7\u00f5es em cart\u00f5es de vacinas contra a Covid-19 envolvendo o Bolsonaro e pessoas pr\u00f3ximas a ele. O seu celular foi apreendido, fornecendo material para outras frentes de investiga\u00e7\u00e3o, incluindo o caso das joias \u00e1rabes e da tentativa de golpe de Estado em 8 de janeiro.<\/p>\n<div class=\"contentAd contentAd--noBackground marginBottom30\"><\/div>\n<\/div>\n<p>O post <a rel=\"nofollow noopener\" href=\"https:\/\/wscom.com.br\/exercito-confirma-afastamento-de-mauro-cid-apos-decisao-de-moraes\/\" target=\"_blank\">Ex\u00e9rcito confirma afastamento de Mauro Cid ap\u00f3s decis\u00e3o de Moraes<\/a> apareceu primeiro em <a rel=\"nofollow noopener\" href=\"https:\/\/wscom.com.br\/\" target=\"_blank\">WSCOM<\/a>.<\/p>\n","protected":false},"excerpt":{"rendered":"<p>Ao conceder, no s\u00e1bado (9), a liberdade provis\u00f3ria ao tenente-coronel Mauro Cid, ex-ajudante de ordens de Jair Bolsonaro, o ministro Alexandre de Moraes, do Supremo Tribunal Federal (STF), determinou ainda o afastamento do militar das suas fun\u00e7\u00f5es. O Ex\u00e9rcito informou por meio de nota neste domingo (10) que Cid, que estava trabalhando no Comando de [\u2026]<\/p>\n<p>O post <a rel=\"nofollow\" href=\"https:\/\/wscom.com.br\/exercito-confirma-afastamento-de-mauro-cid-apos-decisao-de-moraes\/\">Ex\u00e9rcito confirma afastamento de Mauro Cid ap\u00f3s decis\u00e3o de Moraes<\/a> apareceu primeiro em <a rel=\"nofollow\" href=\"https:\/\/wscom.com.br\/\">WSCOM<\/a>.<\/p>\n","protected":false},"author":58,"featured_media":0,"comment_status":"closed","ping_status":"closed","sticky":false,"template":"","format":"standard","meta":{"advgb_blocks_editor_width":"","advgb_blocks_columns_visual_guide":"","footnotes":""},"categories":[1145,34,2144,1289,418],"tags":[35],"class_list":["post-33671","post","type-post","status-publish","format-standard","hentry","category-exercito","category-g1","category-mauro-cid","category-moraes","category-noticias","tag-g1"],"author_meta":{"display_name":"Juliana Terra","author_link":"https:\/\/sindaopcpb.org.br\/author\/juliana-terra\/"},"featured_img":null,"coauthors":[],"tax_additional":{"categories":{"linked":["<a href=\"https:\/\/sindaopcpb.org.br\/exercito\/\" class=\"advgb-post-tax-term\">Ex\u00e9rcito<\/a>","<a href=\"https:\/\/sindaopcpb.org.br\/g1\/\" class=\"advgb-post-tax-term\">G1<\/a>","<a href=\"https:\/\/sindaopcpb.org.br\/mauro-cid\/\" class=\"advgb-post-tax-term\">Mauro Cid<\/a>","<a href=\"https:\/\/sindaopcpb.org.br\/moraes\/\" class=\"advgb-post-tax-term\">moraes<\/a>","<a href=\"https:\/\/sindaopcpb.org.br\/noticias\/\" class=\"advgb-post-tax-term\">Not\u00edcias<\/a>"],"unlinked":["<span class=\"advgb-post-tax-term\">Ex\u00e9rcito<\/span>","<span class=\"advgb-post-tax-term\">G1<\/span>","<span class=\"advgb-post-tax-term\">Mauro Cid<\/span>","<span class=\"advgb-post-tax-term\">moraes<\/span>","<span class=\"advgb-post-tax-term\">Not\u00edcias<\/span>"]},"tags":{"linked":["<a href=\"https:\/\/sindaopcpb.org.br\/noticias\/\" class=\"advgb-post-tax-term\">g1<\/a>"],"unlinked":["<span class=\"advgb-post-tax-term\">g1<\/span>"]}},"comment_count":"0","relative_dates":{"created":"Publicado 3 anos atr\u00e1s","modified":"Atualizado 3 anos atr\u00e1s"},"absolute_dates":{"created":"Publicado em 10 de setembro de 2023","modified":"Atualizado em 10 de setembro de 2023"},"absolute_dates_time":{"created":"Publicado em 10 de setembro de 2023 18:46","modified":"Atualizado em 10 de setembro de 2023 18:46"},"featured_img_caption":"","series_order":"","_links":{"self":[{"href":"https:\/\/sindaopcpb.org.br\/index.php\/wp-json\/wp\/v2\/posts\/33671","targetHints":{"allow":["GET"]}}],"collection":[{"href":"https:\/\/sindaopcpb.org.br\/index.php\/wp-json\/wp\/v2\/posts"}],"about":[{"href":"https:\/\/sindaopcpb.org.br\/index.php\/wp-json\/wp\/v2\/types\/post"}],"author":[{"embeddable":true,"href":"https:\/\/sindaopcpb.org.br\/index.php\/wp-json\/wp\/v2\/users\/58"}],"replies":[{"embeddable":true,"href":"https:\/\/sindaopcpb.org.br\/index.php\/wp-json\/wp\/v2\/comments?post=33671"}],"version-history":[{"count":1,"href":"https:\/\/sindaopcpb.org.br\/index.php\/wp-json\/wp\/v2\/posts\/33671\/revisions"}],"predecessor-version":[{"id":33672,"href":"https:\/\/sindaopcpb.org.br\/index.php\/wp-json\/wp\/v2\/posts\/33671\/revisions\/33672"}],"wp:attachment":[{"href":"https:\/\/sindaopcpb.org.br\/index.php\/wp-json\/wp\/v2\/media?parent=33671"}],"wp:term":[{"taxonomy":"category","embeddable":true,"href":"https:\/\/sindaopcpb.org.br\/index.php\/wp-json\/wp\/v2\/categories?post=33671"},{"taxonomy":"post_tag","embeddable":true,"href":"https:\/\/sindaopcpb.org.br\/index.php\/wp-json\/wp\/v2\/tags?post=33671"}],"curies":[{"name":"wp","href":"https:\/\/api.w.org\/{rel}","templated":true}]}}