{"id":33640,"date":"2023-09-10T15:00:07","date_gmt":"2023-09-10T18:00:07","guid":{"rendered":"https:\/\/wpa.wscom.com.br\/?p=922279"},"modified":"2023-09-10T15:00:07","modified_gmt":"2023-09-10T18:00:07","slug":"votacao-popular-dos-filmes-da-mostra-competitiva-do-festival-cine-favela-acontece-ate-15-09","status":"publish","type":"post","link":"https:\/\/sindaopcpb.org.br\/index.php\/2023\/09\/10\/votacao-popular-dos-filmes-da-mostra-competitiva-do-festival-cine-favela-acontece-ate-15-09\/","title":{"rendered":"Vota\u00e7\u00e3o popular dos filmes da Mostra competitiva do Festival Cine Favela acontece at\u00e9 15\/09"},"content":{"rendered":"<div>\n<div>\n<p>S\u00e3o Paulo, setembro de 2023 &#8211;\u00a0 Est\u00e1 aberta at\u00e9 o dia 15 de setembro a vota\u00e7\u00e3o popular nos 21 curta-metragens selecionados entre as 100 produ\u00e7\u00f5es inscritas,\u00a0sob o comando de diretoras e diretores de v\u00e1rias regi\u00f5es do Brasil, na 12\u00aa edi\u00e7\u00e3o do Festival Cine Favela, de Heli\u00f3polis.\u00a0O p\u00fablico amante de cinema e projetos audiovisuais poder\u00e1 votar pelo site\u00a0<a href=\"https:\/\/12festivalcinefavela.com.br\/\" rel=\"noopener nofollow\" data-saferedirecturl=\"https:\/\/www.google.com\/url?q=https:\/\/12festivalcinefavela.com.br&amp;source=gmail&amp;ust=1694453207062000&amp;usg=AOvVaw3SbGHGq9kFonLIlz-WJQ9i\" target=\"_blank\">https:\/\/<wbr \/>12festivalcinefavela.com.br<\/a><\/p>\n<p>Essa \u00e9 mais uma etapa do festival,\u00a0que foi iniciado em julho e ser\u00e1 encerrado no dia 10 de novembro, com a escolha das tr\u00eas melhores produ\u00e7\u00f5es, que receber\u00e3o trof\u00e9us em dinheiro de\u00a0R$ 5.000,00, ao 1\u00ba colocado, R$ 3.000,00, para o 2\u00ba colocado, e R$ 2.000,00, ao 3\u00ba colocado, totalizando R$ 10 mil.<\/p>\n<p>At\u00e9 agora um milh\u00e3o e meio de pessoas de v\u00e1rios pa\u00edses, tiveram acesso ao Festival Cine Favela, que\u00a0sempre recebe produ\u00e7\u00f5es independentes de periferias,\u00a0 estudantes e organiza\u00e7\u00f5es sem fins lucrativos, nacionais e internacionais. Os inscritos participam de palestras, workshops e oficinas gratuitas de cinema realizadas pelo Cine Favela.<\/p>\n<p><strong>Oficinas gratuitas abertas ao p\u00fablico em geral<\/strong><\/p>\n<p>As oficinas de fotografia, roteiro, filmagem, fotografia, edi\u00e7\u00e3o, ilumina\u00e7\u00e3o, entre outras (veja programa\u00e7\u00e3o completa) est\u00e3o acontecendo desde o in\u00edcio e agosto e est\u00e3o abertas ao p\u00fablico em geral.<\/p>\n<p>Confira (abaixo) as oficinas que ser\u00e3o ministradas em setembro e outubro. As inscri\u00e7\u00f5es para essas oficinas podem ser feitas pelo site\u00a0<a href=\"https:\/\/12festivalcinefavela.com.br\/\" rel=\"noopener nofollow\" data-saferedirecturl=\"https:\/\/www.google.com\/url?q=https:\/\/12festivalcinefavela.com.br&amp;source=gmail&amp;ust=1694453207062000&amp;usg=AOvVaw3SbGHGq9kFonLIlz-WJQ9i\" target=\"_blank\">https:\/\/<wbr \/>12festivalcinefavela.com.br<\/a><\/p>\n<p>&nbsp;<\/p>\n<\/div>\n<\/div>\n<p><strong>Sobre o Festival Cine Favela<\/strong><\/p>\n<p>O Cine Favela \u00e9 o maior evento dedicado ao cinema perif\u00e9rico em todo o mundo. Realizado pela primeira vez em Heli\u00f3polis, em 2005, j\u00e1 alcan\u00e7ou mais de um milh\u00e3o e meio de pessoas, que tiveram acesso a obras cinematogr\u00e1ficas provenientes de todos os cantos do planeta.<\/p>\n<div>\n<div>\n<p>O principal objetivo do evento \u00e9 difundir a cultura nascida nas periferias, facilitando a divulga\u00e7\u00e3o e exibi\u00e7\u00e3o de filmes realizados exclusivamente por ONGs, associa\u00e7\u00f5es, coletivos, estudantes e produtores independentes, tanto nacionais quanto internacionais, al\u00e9m de promover a inclus\u00e3o sociocultural de jovens por meio da S\u00e9tima Arte.<\/p>\n<p>O festival tamb\u00e9m promove a capacita\u00e7\u00e3o de jovens. At\u00e9 hoje j\u00e1 foram exibidos mais de 600 t\u00edtulos, entre curtas e longa-metragens, capacitando mais de 450 jovens em oficinas de produ\u00e7\u00e3o cinematogr\u00e1fica.<\/p>\n<p>&nbsp;<\/p>\n<\/div>\n<div>\n<div>\n<div>\n<p><strong>PROGRAMA\u00c7\u00c3O DO 12\u00ba FESTIVAL CINE FAVELA<\/strong><\/p>\n<\/div>\n<\/div>\n<\/div>\n<\/div>\n<div><strong>Oficinas<\/strong><\/div>\n<div><\/div>\n<div>\n<div>\n<div>\n<div><strong>Fotografia:<\/strong><\/div>\n<div>S\u00e1bados (16\/09)<\/div>\n<div>Hor\u00e1rio: 09:00 \u00e0s 10:00<\/div>\n<div><\/div>\n<div><strong>C\u00e2mera:<\/strong><\/div>\n<div>S\u00e1bados (16\/09)<\/div>\n<div>Hor\u00e1rio: 10:30 \u00e0s 11:30<\/div>\n<div><\/div>\n<div><strong>Edi\u00e7\u00e3o:<\/strong><\/div>\n<div>S\u00e1bados (30\/09; 07\/10; 21\/10 e 28\/10)<\/div>\n<div>Hor\u00e1rio: 10:30 \u00e0s 11:30<\/div>\n<\/div>\n<\/div>\n<\/div>\n<div><\/div>\n<div><strong>VOTA\u00c7\u00c3O POPULAR CURTA-METRAGENS<\/strong><\/div>\n<div><strong>At\u00e9 15\/09\u00a0<\/strong><\/div>\n<div><strong>Site:\u00a0<a href=\"https:\/\/12festivalcinefavela.com.br\/\" rel=\"noopener nofollow\" data-saferedirecturl=\"https:\/\/www.google.com\/url?q=https:\/\/12festivalcinefavela.com.br&amp;source=gmail&amp;ust=1694453207062000&amp;usg=AOvVaw3SbGHGq9kFonLIlz-WJQ9i\" target=\"_blank\">https:\/\/<wbr \/>12festivalcinefavela.com.br<\/a><\/strong><\/div>\n<div><\/div>\n<div><strong>PREMIA\u00c7\u00c3O &#8211; FINAL DO FESTIVAL<\/strong><\/div>\n<div><strong>A premia\u00e7\u00e3o ser\u00e1 no dia 10\/11\/2023 (sexta-feira), \u00e0s 19 horas, na sede do Cine Favela (Rua<br \/>\ndo Pacificador, 288, Heli\u00f3polis\/SP).\u00a0<\/strong><\/div>\n<div><\/div>\n<div><\/div>\n<p>O post <a rel=\"nofollow noopener\" href=\"https:\/\/wscom.com.br\/votacao-popular-dos-filmes-da-mostra-competitiva-do-festival-cine-favela-acontece-ate-15-09\/\" target=\"_blank\">Vota\u00e7\u00e3o popular dos filmes da Mostra competitiva do Festival Cine Favela acontece at\u00e9 15\/09<\/a> apareceu primeiro em <a rel=\"nofollow noopener\" href=\"https:\/\/wscom.com.br\/\" target=\"_blank\">WSCOM<\/a>.<\/p>\n","protected":false},"excerpt":{"rendered":"<p>S\u00e3o Paulo, setembro de 2023 \u2013\u00a0 Est\u00e1 aberta at\u00e9 o dia 15 de setembro a vota\u00e7\u00e3o popular nos 21 curta-metragens selecionados entre as 100 produ\u00e7\u00f5es inscritas,\u00a0sob o comando de diretoras e diretores de v\u00e1rias regi\u00f5es do Brasil, na 12\u00aa edi\u00e7\u00e3o do Festival Cine Favela, de Heli\u00f3polis.\u00a0O p\u00fablico amante de cinema e projetos audiovisuais poder\u00e1 votar [\u2026]<\/p>\n<p>O post <a rel=\"nofollow\" href=\"https:\/\/wscom.com.br\/votacao-popular-dos-filmes-da-mostra-competitiva-do-festival-cine-favela-acontece-ate-15-09\/\">Vota\u00e7\u00e3o popular dos filmes da Mostra competitiva do Festival Cine Favela acontece at\u00e9 15\/09<\/a> apareceu primeiro em <a rel=\"nofollow\" href=\"https:\/\/wscom.com.br\/\">WSCOM<\/a>.<\/p>\n","protected":false},"author":58,"featured_media":0,"comment_status":"closed","ping_status":"closed","sticky":false,"template":"","format":"standard","meta":{"advgb_blocks_editor_width":"","advgb_blocks_columns_visual_guide":"","footnotes":""},"categories":[115,940,170,267,2956,34],"tags":[35],"class_list":["post-33640","post","type-post","status-publish","format-standard","hentry","category-brasil","category-cinema","category-cultura","category-entretenimento","category-festival","category-g1","tag-g1"],"author_meta":{"display_name":"Juliana Terra","author_link":"https:\/\/sindaopcpb.org.br\/author\/juliana-terra\/"},"featured_img":null,"coauthors":[],"tax_additional":{"categories":{"linked":["<a href=\"https:\/\/sindaopcpb.org.br\/brasil\/\" class=\"advgb-post-tax-term\">Brasil<\/a>","<a href=\"https:\/\/sindaopcpb.org.br\/cinema\/\" class=\"advgb-post-tax-term\">Cinema<\/a>","<a href=\"https:\/\/sindaopcpb.org.br\/cultura\/\" class=\"advgb-post-tax-term\">Cultura<\/a>","<a href=\"https:\/\/sindaopcpb.org.br\/entretenimento\/\" class=\"advgb-post-tax-term\">Entretenimento<\/a>","<a href=\"https:\/\/sindaopcpb.org.br\/festival\/\" class=\"advgb-post-tax-term\">festival<\/a>","<a href=\"https:\/\/sindaopcpb.org.br\/g1\/\" class=\"advgb-post-tax-term\">G1<\/a>"],"unlinked":["<span class=\"advgb-post-tax-term\">Brasil<\/span>","<span class=\"advgb-post-tax-term\">Cinema<\/span>","<span class=\"advgb-post-tax-term\">Cultura<\/span>","<span class=\"advgb-post-tax-term\">Entretenimento<\/span>","<span class=\"advgb-post-tax-term\">festival<\/span>","<span class=\"advgb-post-tax-term\">G1<\/span>"]},"tags":{"linked":["<a href=\"https:\/\/sindaopcpb.org.br\/g1\/\" class=\"advgb-post-tax-term\">g1<\/a>"],"unlinked":["<span class=\"advgb-post-tax-term\">g1<\/span>"]}},"comment_count":"0","relative_dates":{"created":"Publicado 3 anos atr\u00e1s","modified":"Atualizado 3 anos atr\u00e1s"},"absolute_dates":{"created":"Publicado em 10 de setembro de 2023","modified":"Atualizado em 10 de setembro de 2023"},"absolute_dates_time":{"created":"Publicado em 10 de setembro de 2023 15:00","modified":"Atualizado em 10 de setembro de 2023 15:00"},"featured_img_caption":"","series_order":"","_links":{"self":[{"href":"https:\/\/sindaopcpb.org.br\/index.php\/wp-json\/wp\/v2\/posts\/33640","targetHints":{"allow":["GET"]}}],"collection":[{"href":"https:\/\/sindaopcpb.org.br\/index.php\/wp-json\/wp\/v2\/posts"}],"about":[{"href":"https:\/\/sindaopcpb.org.br\/index.php\/wp-json\/wp\/v2\/types\/post"}],"author":[{"embeddable":true,"href":"https:\/\/sindaopcpb.org.br\/index.php\/wp-json\/wp\/v2\/users\/58"}],"replies":[{"embeddable":true,"href":"https:\/\/sindaopcpb.org.br\/index.php\/wp-json\/wp\/v2\/comments?post=33640"}],"version-history":[{"count":1,"href":"https:\/\/sindaopcpb.org.br\/index.php\/wp-json\/wp\/v2\/posts\/33640\/revisions"}],"predecessor-version":[{"id":33641,"href":"https:\/\/sindaopcpb.org.br\/index.php\/wp-json\/wp\/v2\/posts\/33640\/revisions\/33641"}],"wp:attachment":[{"href":"https:\/\/sindaopcpb.org.br\/index.php\/wp-json\/wp\/v2\/media?parent=33640"}],"wp:term":[{"taxonomy":"category","embeddable":true,"href":"https:\/\/sindaopcpb.org.br\/index.php\/wp-json\/wp\/v2\/categories?post=33640"},{"taxonomy":"post_tag","embeddable":true,"href":"https:\/\/sindaopcpb.org.br\/index.php\/wp-json\/wp\/v2\/tags?post=33640"}],"curies":[{"name":"wp","href":"https:\/\/api.w.org\/{rel}","templated":true}]}}