{"id":33628,"date":"2023-09-10T11:58:22","date_gmt":"2023-09-10T14:58:22","guid":{"rendered":"https:\/\/wpa.wscom.com.br\/?p=922249"},"modified":"2023-09-10T11:58:22","modified_gmt":"2023-09-10T14:58:22","slug":"comerciante-foi-morto-a-tiros-dentro-de-estabelecimento-em-santa-rita","status":"publish","type":"post","link":"https:\/\/sindaopcpb.org.br\/index.php\/2023\/09\/10\/comerciante-foi-morto-a-tiros-dentro-de-estabelecimento-em-santa-rita\/","title":{"rendered":"Comerciante foi morto a tiros dentro de estabelecimento, em Santa Rita"},"content":{"rendered":"<p>Um homem, identificado como Marcelo, foi assassinado no interior do pr\u00f3prio estabelecimento, um dep\u00f3sito de bebidas, na manh\u00e3 deste domingo (10)\u00a0 O crime ocorreu no bairro de Tibiri, em Santa Rita, regi\u00e3o metropolitana de Jo\u00e3o Pessoa. A v\u00edtima morreu no local.<\/p>\n<p>Segundo relatos, o comerciante estava dentro do seu estabelecimento, quando foi surpreendido por dois suspeitos encapuzados dentro de um carro branco. Um dos suspeitos desceu do ve\u00edculo e se dirigiu a posta do dep\u00f3sito onde\u00a0 disparou v\u00e1rios tiros de arma de fogo contra a v\u00edtima. A dupla fugiu do local logo ap\u00f3s cometerem o delido.<\/p>\n<p>Apesar de moradores terem acionado o Servi\u00e7o de Atendimento M\u00f3vel de Urg\u00eancia (Samu), a v\u00edtima faleceu no local. Ainda n\u00e3o h\u00e1 informa\u00e7\u00f5es sobre o paradeiro e a identidade dos suspeitos, no momento Guarni\u00e7\u00f5es do 7\u00ba Batalh\u00e3o da Pol\u00edcia Militar fazem buscas na regi\u00e3o. A Policia ainda n\u00e3o tem conhecimento tamb\u00e9m das motiva\u00e7\u00f5es do crime, e o\u00a0 caso segue investiga\u00e7\u00e3o.<\/p>\n<p>&nbsp;<\/p>\n<p>O post <a rel=\"nofollow noopener\" href=\"https:\/\/wscom.com.br\/comerciante-foi-morto-a-tiros-dentro-de-estabelecimento-em-santa-rita\/\" target=\"_blank\">Comerciante foi morto a tiros dentro de estabelecimento, em Santa Rita<\/a> apareceu primeiro em <a rel=\"nofollow noopener\" href=\"https:\/\/wscom.com.br\/\" target=\"_blank\">WSCOM<\/a>.<\/p>\n","protected":false},"excerpt":{"rendered":"<p>Um homem, identificado como Marcelo, foi assassinado no interior do pr\u00f3prio estabelecimento, um dep\u00f3sito de bebidas, na manh\u00e3 deste domingo (10)\u00a0 O crime ocorreu no bairro de Tibiri, em Santa Rita, regi\u00e3o metropolitana de Jo\u00e3o Pessoa. A v\u00edtima morreu no local. Segundo relatos, o comerciante estava dentro do seu estabelecimento, quando foi surpreendido por dois [\u2026]<\/p>\n<p>O post <a rel=\"nofollow\" href=\"https:\/\/wscom.com.br\/comerciante-foi-morto-a-tiros-dentro-de-estabelecimento-em-santa-rita\/\">Comerciante foi morto a tiros dentro de estabelecimento, em Santa Rita<\/a> apareceu primeiro em <a rel=\"nofollow\" href=\"https:\/\/wscom.com.br\/\">WSCOM<\/a>.<\/p>\n","protected":false},"author":58,"featured_media":0,"comment_status":"closed","ping_status":"closed","sticky":false,"template":"","format":"standard","meta":{"advgb_blocks_editor_width":"","advgb_blocks_columns_visual_guide":"","footnotes":""},"categories":[685,34,418,54,411,384],"tags":[35],"class_list":["post-33628","post","type-post","status-publish","format-standard","hentry","category-assassinato","category-g1","category-noticias","category-paraiba","category-policia-militar","category-santa-rita","tag-g1"],"author_meta":{"display_name":"Juliana Terra","author_link":"https:\/\/sindaopcpb.org.br\/author\/juliana-terra\/"},"featured_img":null,"coauthors":[],"tax_additional":{"categories":{"linked":["<a href=\"https:\/\/sindaopcpb.org.br\/assassinato\/\" class=\"advgb-post-tax-term\">assassinato<\/a>","<a href=\"https:\/\/sindaopcpb.org.br\/g1\/\" class=\"advgb-post-tax-term\">G1<\/a>","<a href=\"https:\/\/sindaopcpb.org.br\/noticias\/\" class=\"advgb-post-tax-term\">Not\u00edcias<\/a>","<a href=\"https:\/\/sindaopcpb.org.br\/paraiba\/\" class=\"advgb-post-tax-term\">Para\u00edba<\/a>","<a href=\"https:\/\/sindaopcpb.org.br\/policia-militar\/\" class=\"advgb-post-tax-term\">Pol\u00edcia Militar<\/a>","<a href=\"https:\/\/sindaopcpb.org.br\/santa-rita\/\" class=\"advgb-post-tax-term\">santa rita<\/a>"],"unlinked":["<span class=\"advgb-post-tax-term\">assassinato<\/span>","<span class=\"advgb-post-tax-term\">G1<\/span>","<span class=\"advgb-post-tax-term\">Not\u00edcias<\/span>","<span class=\"advgb-post-tax-term\">Para\u00edba<\/span>","<span class=\"advgb-post-tax-term\">Pol\u00edcia Militar<\/span>","<span class=\"advgb-post-tax-term\">santa rita<\/span>"]},"tags":{"linked":["<a href=\"https:\/\/sindaopcpb.org.br\/santa-rita\/\" class=\"advgb-post-tax-term\">g1<\/a>"],"unlinked":["<span class=\"advgb-post-tax-term\">g1<\/span>"]}},"comment_count":"0","relative_dates":{"created":"Publicado 3 anos atr\u00e1s","modified":"Atualizado 3 anos atr\u00e1s"},"absolute_dates":{"created":"Publicado em 10 de setembro de 2023","modified":"Atualizado em 10 de setembro de 2023"},"absolute_dates_time":{"created":"Publicado em 10 de setembro de 2023 11:58","modified":"Atualizado em 10 de setembro de 2023 11:58"},"featured_img_caption":"","series_order":"","_links":{"self":[{"href":"https:\/\/sindaopcpb.org.br\/index.php\/wp-json\/wp\/v2\/posts\/33628","targetHints":{"allow":["GET"]}}],"collection":[{"href":"https:\/\/sindaopcpb.org.br\/index.php\/wp-json\/wp\/v2\/posts"}],"about":[{"href":"https:\/\/sindaopcpb.org.br\/index.php\/wp-json\/wp\/v2\/types\/post"}],"author":[{"embeddable":true,"href":"https:\/\/sindaopcpb.org.br\/index.php\/wp-json\/wp\/v2\/users\/58"}],"replies":[{"embeddable":true,"href":"https:\/\/sindaopcpb.org.br\/index.php\/wp-json\/wp\/v2\/comments?post=33628"}],"version-history":[{"count":1,"href":"https:\/\/sindaopcpb.org.br\/index.php\/wp-json\/wp\/v2\/posts\/33628\/revisions"}],"predecessor-version":[{"id":33629,"href":"https:\/\/sindaopcpb.org.br\/index.php\/wp-json\/wp\/v2\/posts\/33628\/revisions\/33629"}],"wp:attachment":[{"href":"https:\/\/sindaopcpb.org.br\/index.php\/wp-json\/wp\/v2\/media?parent=33628"}],"wp:term":[{"taxonomy":"category","embeddable":true,"href":"https:\/\/sindaopcpb.org.br\/index.php\/wp-json\/wp\/v2\/categories?post=33628"},{"taxonomy":"post_tag","embeddable":true,"href":"https:\/\/sindaopcpb.org.br\/index.php\/wp-json\/wp\/v2\/tags?post=33628"}],"curies":[{"name":"wp","href":"https:\/\/api.w.org\/{rel}","templated":true}]}}