{"id":33626,"date":"2023-09-10T12:09:04","date_gmt":"2023-09-10T15:09:04","guid":{"rendered":"https:\/\/wpa.wscom.com.br\/?p=922255"},"modified":"2023-09-10T12:09:04","modified_gmt":"2023-09-10T15:09:04","slug":"presidente-cobra-clareza-de-europeus-sobre-acordo-com-mercosul","status":"publish","type":"post","link":"https:\/\/sindaopcpb.org.br\/index.php\/2023\/09\/10\/presidente-cobra-clareza-de-europeus-sobre-acordo-com-mercosul\/","title":{"rendered":"Presidente cobra clareza de europeus sobre acordo com Mercosul"},"content":{"rendered":"<p>A busca por um acordo equilibrado entre Mercosul e Uni\u00e3o Europeia, que leve em considera\u00e7\u00e3o as preocupa\u00e7\u00f5es dos dois lados, e que permita uma agenda comercial ambiciosa entre os blocos. Foi essa a prioridade de reuni\u00f5es do presidente Luiz In\u00e1cio Lula da Silva com a presidente da Comiss\u00e3o Europeia, Ursula von der Leyen, e com o presidente do Conselho Europeu, Charles Michel. Os encontros ocorreram \u00e0 margem da C\u00fapula do G20, neste domingo, 10\/9, em Nova Delhi, na \u00cdndia.<br \/>\nNa conversa, o presidente Lula refor\u00e7ou que o instrumento apresentado no in\u00edcio do ano pela Uni\u00e3o Europeia, com novas condicionantes para o acordo com o Mercosul em torno de poss\u00edveis san\u00e7\u00f5es em torno de quest\u00f5es ambientais, \u00e9 inaceit\u00e1vel e desconsidera credenciais do Brasil em torno do tema.<br \/>\nO bloco sul-americano cobra dos europeus uma postura mais clara em torno da real possibilidade de acordo, em especial porque os debates entre \u00e1reas tem\u00e1ticas j\u00e1 somam mais de 20 anos e n\u00e3o haveria sentido em estender ainda mais essa etapa. Na opini\u00e3o do presidente Lula, a decis\u00e3o j\u00e1 est\u00e1 mais no \u00e2mbito pol\u00edtico do que t\u00e9cnico.<br \/>\nSob lideran\u00e7a do Brasil, o Mercosul entregou, dias atr\u00e1s, uma contraproposta ao documento adicional dos europeus. Lula enfatizou estar confiante em chegar, at\u00e9 o fim do ano, a um acordo equilibrado e que leve em conta necessidades dos dois lados.<br \/>\nPor meio de seu perfil oficial no Twitter, Ursula von der Leyen desejou sorte ao\u00a0<a href=\"https:\/\/s2309.enviosagencia.com\/link.php?code=bDpodHRwcyUzQSUyRiUyRnd3dy5nb3YuYnIlMkZwbGFuYWx0byUyRnB0LWJyJTJGYWNvbXBhbmhlLW8tcGxhbmFsdG8lMkZub3RpY2lhcyUyRjIwMjMlMkYwOSUyRmJyYXNpbC1yZWNlYmUtYS1wcmVzaWRlbmNpYS1kby1nMjAtbm8tZW5jZXJyYW1lbnRvLWRhLWN1cHVsYS1kZS1ub3ZhLWRlbGhpOjE2Mzg0NDYxNTU6d3Njb21Ad3Njb20%0DuY29tLmJyOjEzYzFjNTo1OA==\" rel=\"noopener nofollow\" data-saferedirecturl=\"https:\/\/www.google.com\/url?q=https:\/\/s2309.enviosagencia.com\/link.php?code%3DbDpodHRwcyUzQSUyRiUyRnd3dy5nb3YuYnIlMkZwbGFuYWx0byUyRnB0LWJyJTJGYWNvbXBhbmhlLW8tcGxhbmFsdG8lMkZub3RpY2lhcyUyRjIwMjMlMkYwOSUyRmJyYXNpbC1yZWNlYmUtYS1wcmVzaWRlbmNpYS1kby1nMjAtbm8tZW5jZXJyYW1lbnRvLWRhLWN1cHVsYS1kZS1ub3ZhLWRlbGhpOjE2Mzg0NDYxNTU6d3Njb21Ad3Njb20%250DuY29tLmJyOjEzYzFjNTo1OA%3D%3D&amp;source=gmail&amp;ust=1694439114850000&amp;usg=AOvVaw0fqj7ACjDTo0H7faTD7aYV\" target=\"_blank\">Brasil \u00e0 frente da Presid\u00eancia do G20<\/a>\u00a0e referendou a inten\u00e7\u00e3o de encontrar um caminho consensual. \u201cA Uni\u00e3o Europeia valoriza a parceria com o Brasil. N\u00f3s queremos refor\u00e7\u00e1-la e precisamos encontrar um caminho para Uni\u00e3o Europeia e Mercosul\u201d, escreveu.<br \/>\n<strong>AVAN\u00c7OS &#8211;<\/strong>\u00a0O l\u00edder brasileiro citou ainda o trabalho do Governo Federal para reduzir o desmatamento na Amaz\u00f4nia, que j\u00e1 resultou numa redu\u00e7\u00e3o de 48% nos primeiros oito meses deste ano em rela\u00e7\u00e3o ao mesmo per\u00edodo do ano passado, relatou a iniciativa de reunir autoridades dos oito pa\u00edses da regi\u00e3o na C\u00fapula da Amaz\u00f4nia, em Bel\u00e9m, evento que vai permitir uma posi\u00e7\u00e3o harmonizada da regi\u00e3o em debates internacionais, como a Cop-28, que ser\u00e1 realizada no fim do ano, nos Emirados \u00c1rabes.<br \/>\nEm outra frente, o presidente brasileiro fez um balan\u00e7o positivo da C\u00fapula CELAC- Uni\u00e3o Europeia, realizada em julho, na B\u00e9lgica, e manifestou interesse em retomar as C\u00fapulas Brasil-Uni\u00e3o Europeia. Segundo Lula, parceiros estrat\u00e9gicos n\u00e3o podem ficar tanto tempo sem se sentar juntos \u00e0 mesa.<br \/>\n<i><strong>Fonte:<\/strong>\u00a0Secretaria de Comunica\u00e7\u00e3o Social da Presid\u00eancia da Rep\u00fablica<\/i><\/p>\n<p>O post <a rel=\"nofollow noopener\" href=\"https:\/\/wscom.com.br\/pauta-presidente-cobra-clareza-de-europeus-sobre-acordo-com-mercosul\/\" target=\"_blank\">Presidente cobra clareza de europeus sobre acordo com Mercosul<\/a> apareceu primeiro em <a rel=\"nofollow noopener\" href=\"https:\/\/wscom.com.br\/\" target=\"_blank\">WSCOM<\/a>.<\/p>\n","protected":false},"excerpt":{"rendered":"<p>A busca por um acordo equilibrado entre Mercosul e Uni\u00e3o Europeia, que leve em considera\u00e7\u00e3o as preocupa\u00e7\u00f5es dos dois lados, e que permita uma agenda comercial ambiciosa entre os blocos. Foi essa a prioridade de reuni\u00f5es do presidente Luiz In\u00e1cio Lula da Silva com a presidente da Comiss\u00e3o Europeia, Ursula von der Leyen, e com [\u2026]<\/p>\n<p>O post <a rel=\"nofollow\" href=\"https:\/\/wscom.com.br\/pauta-presidente-cobra-clareza-de-europeus-sobre-acordo-com-mercosul\/\">Presidente cobra clareza de europeus sobre acordo com Mercosul<\/a> apareceu primeiro em <a rel=\"nofollow\" href=\"https:\/\/wscom.com.br\/\">WSCOM<\/a>.<\/p>\n","protected":false},"author":58,"featured_media":0,"comment_status":"closed","ping_status":"closed","sticky":false,"template":"","format":"standard","meta":{"advgb_blocks_editor_width":"","advgb_blocks_columns_visual_guide":"","footnotes":""},"categories":[115,60,34,111,110,418,47],"tags":[35],"class_list":["post-33626","post","type-post","status-publish","format-standard","hentry","category-brasil","category-brasil-mundo","category-g1","category-internacional","category-lula","category-noticias","category-politica","tag-g1"],"author_meta":{"display_name":"Juliana Terra","author_link":"https:\/\/sindaopcpb.org.br\/author\/juliana-terra\/"},"featured_img":null,"coauthors":[],"tax_additional":{"categories":{"linked":["<a href=\"https:\/\/sindaopcpb.org.br\/brasil\/\" class=\"advgb-post-tax-term\">Brasil<\/a>","<a href=\"https:\/\/sindaopcpb.org.br\/brasil-mundo\/\" class=\"advgb-post-tax-term\">Brasil \/ Mundo<\/a>","<a href=\"https:\/\/sindaopcpb.org.br\/g1\/\" class=\"advgb-post-tax-term\">G1<\/a>","<a href=\"https:\/\/sindaopcpb.org.br\/internacional\/\" class=\"advgb-post-tax-term\">Internacional<\/a>","<a href=\"https:\/\/sindaopcpb.org.br\/lula\/\" class=\"advgb-post-tax-term\">Lula<\/a>","<a href=\"https:\/\/sindaopcpb.org.br\/noticias\/\" class=\"advgb-post-tax-term\">Not\u00edcias<\/a>","<a href=\"https:\/\/sindaopcpb.org.br\/politica\/\" class=\"advgb-post-tax-term\">POLITICA<\/a>"],"unlinked":["<span class=\"advgb-post-tax-term\">Brasil<\/span>","<span class=\"advgb-post-tax-term\">Brasil \/ Mundo<\/span>","<span class=\"advgb-post-tax-term\">G1<\/span>","<span class=\"advgb-post-tax-term\">Internacional<\/span>","<span class=\"advgb-post-tax-term\">Lula<\/span>","<span class=\"advgb-post-tax-term\">Not\u00edcias<\/span>","<span class=\"advgb-post-tax-term\">POLITICA<\/span>"]},"tags":{"linked":["<a href=\"https:\/\/sindaopcpb.org.br\/politica\/\" class=\"advgb-post-tax-term\">g1<\/a>"],"unlinked":["<span class=\"advgb-post-tax-term\">g1<\/span>"]}},"comment_count":"0","relative_dates":{"created":"Publicado 3 anos atr\u00e1s","modified":"Atualizado 3 anos atr\u00e1s"},"absolute_dates":{"created":"Publicado em 10 de setembro de 2023","modified":"Atualizado em 10 de setembro de 2023"},"absolute_dates_time":{"created":"Publicado em 10 de setembro de 2023 12:09","modified":"Atualizado em 10 de setembro de 2023 12:09"},"featured_img_caption":"","series_order":"","_links":{"self":[{"href":"https:\/\/sindaopcpb.org.br\/index.php\/wp-json\/wp\/v2\/posts\/33626","targetHints":{"allow":["GET"]}}],"collection":[{"href":"https:\/\/sindaopcpb.org.br\/index.php\/wp-json\/wp\/v2\/posts"}],"about":[{"href":"https:\/\/sindaopcpb.org.br\/index.php\/wp-json\/wp\/v2\/types\/post"}],"author":[{"embeddable":true,"href":"https:\/\/sindaopcpb.org.br\/index.php\/wp-json\/wp\/v2\/users\/58"}],"replies":[{"embeddable":true,"href":"https:\/\/sindaopcpb.org.br\/index.php\/wp-json\/wp\/v2\/comments?post=33626"}],"version-history":[{"count":1,"href":"https:\/\/sindaopcpb.org.br\/index.php\/wp-json\/wp\/v2\/posts\/33626\/revisions"}],"predecessor-version":[{"id":33627,"href":"https:\/\/sindaopcpb.org.br\/index.php\/wp-json\/wp\/v2\/posts\/33626\/revisions\/33627"}],"wp:attachment":[{"href":"https:\/\/sindaopcpb.org.br\/index.php\/wp-json\/wp\/v2\/media?parent=33626"}],"wp:term":[{"taxonomy":"category","embeddable":true,"href":"https:\/\/sindaopcpb.org.br\/index.php\/wp-json\/wp\/v2\/categories?post=33626"},{"taxonomy":"post_tag","embeddable":true,"href":"https:\/\/sindaopcpb.org.br\/index.php\/wp-json\/wp\/v2\/tags?post=33626"}],"curies":[{"name":"wp","href":"https:\/\/api.w.org\/{rel}","templated":true}]}}