{"id":33624,"date":"2023-09-10T12:18:00","date_gmt":"2023-09-10T15:18:00","guid":{"rendered":"https:\/\/wpa.wscom.com.br\/?p=922217"},"modified":"2023-09-10T12:18:00","modified_gmt":"2023-09-10T15:18:00","slug":"bolsonaro-se-interna-em-hospital-logo-apos-a-delacao-de-mauro-cid","status":"publish","type":"post","link":"https:\/\/sindaopcpb.org.br\/index.php\/2023\/09\/10\/bolsonaro-se-interna-em-hospital-logo-apos-a-delacao-de-mauro-cid\/","title":{"rendered":"Bolsonaro se interna em hospital logo ap\u00f3s a dela\u00e7\u00e3o de Mauro Cid"},"content":{"rendered":"<p class=\"article__headline marginBottom30\">Bolsonaro se interna em hospital logo ap\u00f3s a dela\u00e7\u00e3o de Mauro Cid<\/p>\n<p>Jair Bolsonaro (PL) est\u00e1 programando passar por duas interven\u00e7\u00f5es cir\u00fargicas visando tratar problemas digestivos supostamente decorrentes do evento de Juiz de Fora (MG) em 2018. Os procedimentos incluem a corre\u00e7\u00e3o das al\u00e7as intestinais e a repara\u00e7\u00e3o de uma h\u00e9rnia de hiato. Al\u00e9m disso, o pol\u00edtico tamb\u00e9m pretende aproveitar a ocasi\u00e3o para realizar uma cirurgia de desvio de septo nasal. Sua interna\u00e7\u00e3o est\u00e1 agendada para segunda-feira (11).\u00a0<b>&gt;&gt;&gt;\u00a0<\/b><a href=\"https:\/\/www.brasil247.com\/brasil\/delacao-de-cid-causa-alivio-na-cupula-do-exercito\" rel=\"noopener nofollow\" target=\"_blank\"><b>Dela\u00e7\u00e3o de Cid causa al\u00edvio na c\u00fapula do Ex\u00e9rcito<\/b><\/a><\/p>\n<div class=\"article__lead\">\n<p>De acordo com especialistas consultados pela\u00a0<a href=\"https:\/\/www1.folha.uol.com.br\/poder\/2023\/09\/bolsonaro-sera-internado-para-tratar-disturbios-digestivos-entenda-as-cirurgias.shtml\" rel=\"noopener nofollow\" target=\"_blank\">Folha de S. Paulo<\/a>, o tempo m\u00e9dio de interna\u00e7\u00e3o para as cirurgias \u00e9 de aproximadamente 48 horas, e a recupera\u00e7\u00e3o completa do paciente geralmente leva cerca de duas semanas. No entanto, a depender do desenrolar da cirurgia de corre\u00e7\u00e3o das al\u00e7as intestinais, o paciente pode precisar ser encaminhado para a UTI.\u00a0<b>&gt;&gt;&gt;<\/b><a href=\"https:\/\/www.brasil247.com\/brasil\/como-delator-cid-tem-obrigacao-de-falar-tudo-que-sabe-e-renuncia-ao-silencio\" rel=\"noopener nofollow\" target=\"_blank\"><b>\u00a0Como delator, Cid tem obriga\u00e7\u00e3o de falar tudo que sabe e renuncia ao sil\u00eancio<\/b><\/a><\/p>\n<p>A interna\u00e7\u00e3o de Bolsonaro acontece logo ap\u00f3s seu ex-ajudante de ordens, o tenente-coronel Mauro Cid, fechar um acordo de dela\u00e7\u00e3o premiada com a Pol\u00edcia Federal. O militar, agora como delator, dever\u00e1 falar aos investigadores tudo que sabe e entregar todos os elementos que possam comprovar suas afirma\u00e7\u00f5es. Caso contr\u00e1rio, Cid corre o risco de perder os benef\u00edcios aos quais teria direito. A expectativa \u00e9 de que ele colabore principalmente com os inqu\u00e9ritos das joias, das fraudes nos certificados de vacina\u00e7\u00e3o e dos atos antidemocr\u00e1ticos.<\/p>\n<p><span style=\"font-size: 10pt;\"><strong>Brasil 247<\/strong><\/span><\/p>\n<\/div>\n<p>O post <a rel=\"nofollow noopener\" href=\"https:\/\/wscom.com.br\/bolsonaro-se-interna-em-hospital-logo-apos-a-delacao-de-mauro-cid\/\" target=\"_blank\">Bolsonaro se interna em hospital logo ap\u00f3s a dela\u00e7\u00e3o de Mauro Cid<\/a> apareceu primeiro em <a rel=\"nofollow noopener\" href=\"https:\/\/wscom.com.br\/\" target=\"_blank\">WSCOM<\/a>.<\/p>\n","protected":false},"excerpt":{"rendered":"<p>Bolsonaro se interna em hospital logo ap\u00f3s a dela\u00e7\u00e3o de Mauro Cid Jair Bolsonaro (PL) est\u00e1 programando passar por duas interven\u00e7\u00f5es cir\u00fargicas visando tratar problemas digestivos supostamente decorrentes do evento de Juiz de Fora (MG) em 2018. Os procedimentos incluem a corre\u00e7\u00e3o das al\u00e7as intestinais e a repara\u00e7\u00e3o de uma h\u00e9rnia de hiato. Al\u00e9m disso, [\u2026]<\/p>\n<p>O post <a rel=\"nofollow\" href=\"https:\/\/wscom.com.br\/bolsonaro-se-interna-em-hospital-logo-apos-a-delacao-de-mauro-cid\/\">Bolsonaro se interna em hospital logo ap\u00f3s a dela\u00e7\u00e3o de Mauro Cid<\/a> apareceu primeiro em <a rel=\"nofollow\" href=\"https:\/\/wscom.com.br\/\">WSCOM<\/a>.<\/p>\n","protected":false},"author":58,"featured_media":0,"comment_status":"closed","ping_status":"closed","sticky":false,"template":"","format":"standard","meta":{"advgb_blocks_editor_width":"","advgb_blocks_columns_visual_guide":"","footnotes":""},"categories":[509,115,6157,34,2144,418,47],"tags":[35],"class_list":["post-33624","post","type-post","status-publish","format-standard","hentry","category-bolsonaro","category-brasil","category-delacao","category-g1","category-mauro-cid","category-noticias","category-politica","tag-g1"],"author_meta":{"display_name":"Juliana Terra","author_link":"https:\/\/sindaopcpb.org.br\/author\/juliana-terra\/"},"featured_img":null,"coauthors":[],"tax_additional":{"categories":{"linked":["<a href=\"https:\/\/sindaopcpb.org.br\/bolsonaro\/\" class=\"advgb-post-tax-term\">bolsonaro<\/a>","<a href=\"https:\/\/sindaopcpb.org.br\/brasil\/\" class=\"advgb-post-tax-term\">Brasil<\/a>","<a href=\"https:\/\/sindaopcpb.org.br\/delacao\/\" class=\"advgb-post-tax-term\">Dela\u00e7\u00e3o<\/a>","<a href=\"https:\/\/sindaopcpb.org.br\/g1\/\" class=\"advgb-post-tax-term\">G1<\/a>","<a href=\"https:\/\/sindaopcpb.org.br\/mauro-cid\/\" class=\"advgb-post-tax-term\">Mauro Cid<\/a>","<a href=\"https:\/\/sindaopcpb.org.br\/noticias\/\" class=\"advgb-post-tax-term\">Not\u00edcias<\/a>","<a href=\"https:\/\/sindaopcpb.org.br\/politica\/\" class=\"advgb-post-tax-term\">POLITICA<\/a>"],"unlinked":["<span class=\"advgb-post-tax-term\">bolsonaro<\/span>","<span class=\"advgb-post-tax-term\">Brasil<\/span>","<span class=\"advgb-post-tax-term\">Dela\u00e7\u00e3o<\/span>","<span class=\"advgb-post-tax-term\">G1<\/span>","<span class=\"advgb-post-tax-term\">Mauro Cid<\/span>","<span class=\"advgb-post-tax-term\">Not\u00edcias<\/span>","<span class=\"advgb-post-tax-term\">POLITICA<\/span>"]},"tags":{"linked":["<a href=\"https:\/\/sindaopcpb.org.br\/politica\/\" class=\"advgb-post-tax-term\">g1<\/a>"],"unlinked":["<span class=\"advgb-post-tax-term\">g1<\/span>"]}},"comment_count":"0","relative_dates":{"created":"Publicado 3 anos atr\u00e1s","modified":"Atualizado 3 anos atr\u00e1s"},"absolute_dates":{"created":"Publicado em 10 de setembro de 2023","modified":"Atualizado em 10 de setembro de 2023"},"absolute_dates_time":{"created":"Publicado em 10 de setembro de 2023 12:18","modified":"Atualizado em 10 de setembro de 2023 12:18"},"featured_img_caption":"","series_order":"","_links":{"self":[{"href":"https:\/\/sindaopcpb.org.br\/index.php\/wp-json\/wp\/v2\/posts\/33624","targetHints":{"allow":["GET"]}}],"collection":[{"href":"https:\/\/sindaopcpb.org.br\/index.php\/wp-json\/wp\/v2\/posts"}],"about":[{"href":"https:\/\/sindaopcpb.org.br\/index.php\/wp-json\/wp\/v2\/types\/post"}],"author":[{"embeddable":true,"href":"https:\/\/sindaopcpb.org.br\/index.php\/wp-json\/wp\/v2\/users\/58"}],"replies":[{"embeddable":true,"href":"https:\/\/sindaopcpb.org.br\/index.php\/wp-json\/wp\/v2\/comments?post=33624"}],"version-history":[{"count":1,"href":"https:\/\/sindaopcpb.org.br\/index.php\/wp-json\/wp\/v2\/posts\/33624\/revisions"}],"predecessor-version":[{"id":33625,"href":"https:\/\/sindaopcpb.org.br\/index.php\/wp-json\/wp\/v2\/posts\/33624\/revisions\/33625"}],"wp:attachment":[{"href":"https:\/\/sindaopcpb.org.br\/index.php\/wp-json\/wp\/v2\/media?parent=33624"}],"wp:term":[{"taxonomy":"category","embeddable":true,"href":"https:\/\/sindaopcpb.org.br\/index.php\/wp-json\/wp\/v2\/categories?post=33624"},{"taxonomy":"post_tag","embeddable":true,"href":"https:\/\/sindaopcpb.org.br\/index.php\/wp-json\/wp\/v2\/tags?post=33624"}],"curies":[{"name":"wp","href":"https:\/\/api.w.org\/{rel}","templated":true}]}}