{"id":33606,"date":"2023-09-10T11:19:46","date_gmt":"2023-09-10T14:19:46","guid":{"rendered":"https:\/\/www.infomoney.com.br\/?p=2238343"},"modified":"2023-09-10T11:19:46","modified_gmt":"2023-09-10T14:19:46","slug":"lula-cobra-clareza-de-europeus-sobre-acordo-com-mercosul","status":"publish","type":"post","link":"https:\/\/sindaopcpb.org.br\/index.php\/2023\/09\/10\/lula-cobra-clareza-de-europeus-sobre-acordo-com-mercosul\/","title":{"rendered":"Lula cobra clareza de europeus sobre acordo com Mercosul"},"content":{"rendered":"<p><img loading=\"lazy\" width=\"300\" height=\"200\" src=\"https:\/\/www.infomoney.com.br\/wp-content\/uploads\/2019\/08\/mercosul.jpg?fit=300%2C200&amp;quality=70&amp;strip=all\" class=\"attachment-medium size-medium wp-post-image\" alt=\"\" decoding=\"async\" style=\"float:right; margin:0 0 10px 10px;\" srcset=\"https:\/\/www.infomoney.com.br\/wp-content\/uploads\/2019\/08\/mercosul.jpg?w=900&amp;quality=70&amp;strip=all 900w, https:\/\/www.infomoney.com.br\/wp-content\/uploads\/2019\/08\/mercosul.jpg?w=300&amp;quality=70&amp;strip=all 300w, https:\/\/www.infomoney.com.br\/wp-content\/uploads\/2019\/08\/mercosul.jpg?w=768&amp;quality=70&amp;strip=all 768w, https:\/\/www.infomoney.com.br\/wp-content\/uploads\/2019\/08\/mercosul.jpg?w=150&amp;quality=70&amp;strip=all 150w\" sizes=\"auto, (max-width: 300px) 100vw, 300px\" data-attachment-id=\"690158\" data-permalink=\"https:\/\/www.infomoney.com.br\/mercosul-3\/\" data-orig-file=\"https:\/\/www.infomoney.com.br\/wp-content\/uploads\/2019\/08\/mercosul.jpg?fit=900%2C600&amp;quality=70&amp;strip=all\" data-orig-size=\"900,600\" data-comments-opened=\"1\" data-image-meta=\"{&quot;aperture&quot;:&quot;0&quot;,&quot;credit&quot;:&quot;&quot;,&quot;camera&quot;:&quot;&quot;,&quot;caption&quot;:&quot;&quot;,&quot;created_timestamp&quot;:&quot;0&quot;,&quot;copyright&quot;:&quot;&quot;,&quot;focal_length&quot;:&quot;0&quot;,&quot;iso&quot;:&quot;0&quot;,&quot;shutter_speed&quot;:&quot;0&quot;,&quot;title&quot;:&quot;&quot;,&quot;orientation&quot;:&quot;0&quot;}\" data-image-title=\"mercosul\" data-image-description=\"\" data-image-caption=\"\" data-medium-file=\"https:\/\/www.infomoney.com.br\/wp-content\/uploads\/2019\/08\/mercosul.jpg?fit=300%2C200&amp;quality=70&amp;strip=all\" data-large-file=\"https:\/\/www.infomoney.com.br\/wp-content\/uploads\/2019\/08\/mercosul.jpg?fit=900%2C600&amp;quality=70&amp;strip=all\" title=\"\"><\/p>\n<p>O presidente Luiz In&aacute;cio Lula da Silva reuniu-se, neste domingo (10), com l&iacute;deres europeus e reiterou que o acordo entre Mercosul e Uni&atilde;o Europeia (UE) deve ser equilibrado, permitindo uma agenda comercial ambiciosa entre os blocos. Os encontros ocorreram &agrave; margem da C&uacute;pula do G20, em Nova D&eacute;li, na &Iacute;ndia.<\/p>\n<p>Lula teve agendas com a presidente da Comiss&atilde;o Europeia, Ursula von der Leyen; com o presidente do Conselho Europeu, Charles Michel; e com o presidente franc&ecirc;s, Emmanuel Macron. Nas conversas, tratou sobre as pend&ecirc;ncias que travam um desfecho e cobrou clareza em torno da real possibilidade de acordo. Na opini&atilde;o do presidente, a decis&atilde;o j&aacute; est&aacute; mais no &acirc;mbito pol&iacute;tico do que t&eacute;cnico.<\/p>\n<p>&ldquo;Lula anunciou que o Mercosul est&aacute; pronto para concluir o acordo o mais r&aacute;pido poss&iacute;vel e que espera uma postura clara dos europeus&rdquo;, informou o Pal&aacute;cio do Planalto, em nota. &ldquo;Para o presidente brasileiro, n&atilde;o faz mais sentido, ap&oacute;s 22 anos de tratativas entre os negociadores, seguir numa perspectiva de protelar consensos. Para ele, &eacute; o momento de os l&iacute;deres dos dois lados decidirem politicamente levar o acordo entre os blocos adiante&rdquo;, diz o comunicado.<\/p>\n<p>O presidente brasileiro reafirmou que o Mercosul n&atilde;o aceita posturas como a carta adicional que a Uni&atilde;o Europeia fez neste ano, incluindo possibilidades de san&ccedil;&otilde;es em fun&ccedil;&atilde;o de temas ambientais. O grupo europeu quer estabelecer puni&ccedil;&atilde;o para quem descumprir os termos do Acordo de Paris, o tratado internacional sobre mudan&ccedil;as clim&aacute;ticas adotado em 2015.<\/p>\n<p>Em declara&ccedil;&otilde;es anteriores, Lula j&aacute; disse que a&nbsp;proposta &eacute; inaceit&aacute;vel, mas, de acordo com o Planalto, ele est&aacute; confiante em chegar, at&eacute; o fim do ano, &ldquo;a um acordo equilibrado e que leve em conta necessidades dos dois lados&rdquo;. Sob lideran&ccedil;a do Brasil, o Mercosul entregou, dias atr&aacute;s, uma contraproposta ao documento adicional dos europeus.<\/p>\n<p>Para Lula, a proposta tamb&eacute;m desconsidera as credenciais do Brasil em torno do tema. Aos l&iacute;deres, ele citou o trabalho do governo federal para reduzir o&nbsp;desmatamento na Amaz&ocirc;nia&nbsp;e a iniciativa de reunir autoridades dos oito pa&iacute;ses da regi&atilde;o na&nbsp;C&uacute;pula da Amaz&ocirc;nia, em agosto, em Bel&eacute;m.<\/p>\n<p>Aprovado em 2019, ap&oacute;s 20 anos de negocia&ccedil;&otilde;es, o acordo Mercosul-UE precisa ser ratificado pelos parlamentos de todos os pa&iacute;ses dos dois blocos para entrar em vigor. A negocia&ccedil;&atilde;o envolve 31 pa&iacute;ses.<\/p>\n<p>Lula tamb&eacute;m reiterou que o Brasil&nbsp;n&atilde;o abre m&atilde;o das compras governamentais, por considerar a ferramenta essencial para a reindustrializa&ccedil;&atilde;o do pa&iacute;s. A proposta do acordo prev&ecirc; que fornecedores estrangeiros de bens e servi&ccedil;os possam ser contratados no Brasil e participar de uma s&eacute;rie de licita&ccedil;&otilde;es p&uacute;blicas do pa&iacute;s.<\/p>\n<div class=\"cta-middle\">\n<div class=\"im-cta bg-light bg-opacity-25 border rounded-4 p-3 p-sm-4 p-md-3 p-lg-4 px-xxl-5 my-5\" >\n<div class=\"d-flex flex-column align-items-center align-items-lg-start mb-4 flex-lg-row\">\n<div class=\"rounded-circle mb-2 mb-lg-0 mr-lg-4 me-lg-4 p-3 p-lg-4 bg-indigo-400\"><svg width=\"40\" height=\"40\" viewBox=\"0 0 40 40\" fill=\"none\" xmlns=\"http:\/\/www.w3.org\/2000\/svg\"><path d=\"m18.125 29.917-5.25-5.209 1.333-1.291 3.917 3.833 7.5-7.542 1.333 1.375-8.833 8.834ZM8.25 35.833a2.328 2.328 0 0 1-1.708-.708 2.328 2.328 0 0 1-.709-1.708V9.292c0-.64.236-1.202.709-1.688a2.295 2.295 0 0 1 1.708-.73h3.083V3.959h2.084v2.917h13.25V3.958h2.041v2.917h3.042c.667 0 1.236.243 1.708.73.473.485.709 1.048.709 1.687v24.125c0 .666-.236 1.236-.709 1.708a2.328 2.328 0 0 1-1.708.708H8.25Zm0-1.875h23.5a.518.518 0 0 0 .375-.166.518.518 0 0 0 .167-.375V16.875H7.708v16.542c0 .139.056.264.167.375a.518.518 0 0 0 .375.166ZM7.708 15h24.584V9.292a.454.454 0 0 0-.167-.355.555.555 0 0 0-.375-.145H8.25a.555.555 0 0 0-.375.145.454.454 0 0 0-.167.355V15Z\" fill=\"#fff\"\/><\/svg><\/div>\n<div class=\"flex-fill text-center text-lg-left\">\n<div class=\"h6 small text-orange-700 lh-base mb-1\">Oferta Exclusiva<\/div>\n<div class=\"text-body h4 m-0\">CDB 230% do CDI<\/div>\n<div class=\"text-body small lh-base mt-2\">Invista no CDB 230% do CDI da XP e ganhe um presente exclusivo do InfoMoney<\/div>\n<\/div>\n<\/div>\n<div class=\"im-shortcode-forms-v2\" data-component-type=\"multiformBootstrapV2\" data-configuracao='{\"id\":\"2221493\",\"optimize_id\":\"\",\"nome\":false,\"titulo\":\"CDB 230% do CDI\",\"icone\":\"event\",\"chapeu\":\"Oferta Exclusiva\",\"email\":true,\"telefone\":false,\"cpf\":false,\"campanha\":\"CDB-230\",\"LancamentoID\":\"172\",\"thankYouUrl\":\"\",\"idJorney\":\"APIEvent-9122cb4b-0907-50c9-d296-f37e2b39d7fc\",\"idDE\":\"\",\"botaoLabel\":\"APROVEITAR AGORA\",\"contextSegment\":\"Newsletter\",\"urlOrigem\":\"https:\\\/\\\/www.infomoney.com.br\\\/economia\\\/lula-cobra-clareza-de-europeus-sobre-acordo-com-mercosul\\\/?utm_medium=materia&#038;utm_source=infomoney&#038;utm_campaign=CDB-230&#038;utm_term=economia&#038;utm_content=cdb\",\"openBlank\":true,\"gaPosition\":\"meio\",\"gaCategory\":\"cta_form\",\"useCaptacaoLead\":true,\"dataUTM\":{\"utmMedium\":\"materia\",\"utmSource\":\"infomoney\",\"utmCampaign\":\"CDB-230\",\"utmTerm\":\"economia\",\"utmContent\":\"cdb\"}}'><\/div>\n<\/p><\/div>\n<\/div>\n<p>Pelas redes sociais, Ursula von der Leyen concordou com a inten&ccedil;&atilde;o de encontrar um caminho consensual. &ldquo;A Uni&atilde;o Europeia valoriza a parceria com o Brasil. Queremos reenergiz&aacute;-la. E precisamos encontrar um caminho para Uni&atilde;o Europeia e Mercosul&rdquo;, escreveu.<\/p>\n<h2>Parceria cultural<\/h2>\n<p>No encontro entre Lula e Macron, os dois l&iacute;deres concordaram com a reedi&ccedil;&atilde;o, em 2025, de uma parceria para levar representantes da cultura brasileira ao pa&iacute;s europeu e destaques do cen&aacute;rio art&iacute;stico franc&ecirc;s para apresenta&ccedil;&otilde;es no Brasil. As a&ccedil;&otilde;es devem ocorrer em moldes semelhantes ao do Ano do Brasil na Fran&ccedil;a e do Ano da Fran&ccedil;a no Brasil, com programa&ccedil;&otilde;es realizadas nos anos 2000.<\/p>\n<p>Lula e Macron trataram ainda de uma agenda de coopera&ccedil;&atilde;o em &aacute;reas como defesa e meio ambiente. O brasileiro tamb&eacute;m refor&ccedil;ou o convite a Macron para que fa&ccedil;a sua primeira visita oficial ao Brasil e ouviu do europeu que h&aacute; previs&atilde;o de que essa oportunidade ocorra no primeiro semestre de 2024.<\/p>\n<p>Brasil e Fran&ccedil;a firmaram uma parceria estrat&eacute;gica em 2006 para promover o di&aacute;logo pol&iacute;tico e as rela&ccedil;&otilde;es econ&ocirc;mico-comerciais. Os dois pa&iacute;ses possuem ainda coopera&ccedil;&atilde;o nas &aacute;reas de defesa, espa&ccedil;o, energia nuclear e desenvolvimento sustent&aacute;vel. A parceria tamb&eacute;m contempla educa&ccedil;&atilde;o, ci&ecirc;ncia e tecnologia, temas migrat&oacute;rios e transfronteiri&ccedil;os.<\/p>\n<p>Em 2022, o com&eacute;rcio bilateral movimentou cerca de US$ 8,45 bilh&otilde;es em mercadorias.<\/p>\n<h2>Ar&aacute;bia Saudita<\/h2>\n<p>Lula tamb&eacute;m conversou, pela primeira vez, com o pr&iacute;ncipe herdeiro e primeiro-ministro da Ar&aacute;bia Saudita, Mohammed bin Salman. Os representantes sauditas indicaram ao presidente Lula que desejam ampliar investimentos no Brasil, principalmente na &aacute;rea de petr&oacute;leo e g&aacute;s e tamb&eacute;m nas fontes verdes, al&eacute;m de retomar uma agenda comercial que ficou parada nos &uacute;ltimos anos.<\/p>\n<p>Tamb&eacute;m ficou acertado que uma delega&ccedil;&atilde;o de empres&aacute;rios e autoridades sauditas deve visitar o Brasil em breve para conhecer a carteira de projetos do Novo Programa de Acelera&ccedil;&atilde;o do Crescimento (PAC) que est&atilde;o abertos a investimentos estrangeiros. Essa agenda ser&aacute; discutida pelos minist&eacute;rios das Rela&ccedil;&otilde;es Exteriores de ambos os pa&iacute;ses.<\/p>\n<p>&ldquo;Segundo o presidente Lula, o crescimento dos investimentos sauditas no Brasil &eacute; bem-vindo e pode ser importante no processo de transi&ccedil;&atilde;o para uma economia mais sustent&aacute;vel, com destaque para setores de alta tecnologia, como o desenvolvimento de motores h&iacute;bridos e tamb&eacute;m em hidrog&ecirc;nio verde&rdquo;, explicou o Pal&aacute;cio do Planalto, em nota.<\/p>\n<p>As rela&ccedil;&otilde;es comerciais entre os dois pa&iacute;ses v&ecirc;m crescendo ano a ano e, em 2022, o volume comercializado chegou a US$ 8,2 bilh&otilde;es.<\/p>\n<p>Na conversa, o presidente brasileiro tamb&eacute;m deu as boas-vindas &agrave; Ar&aacute;bia Saudita como novo pa&iacute;s-membro do Brics. A na&ccedil;&atilde;o &aacute;rabe faz parte do grupo de seis&nbsp;novos integrantes oficializados&nbsp;em agosto, juntamente com a Argentina, Egito, Emirados &Aacute;rabes, Eti&oacute;pia e Ir&atilde;. At&eacute; ent&atilde;o, o bloco de pa&iacute;ses emergentes era formado apenas por Brasil, R&uacute;ssia, &Iacute;ndia, China e &Aacute;frica do Sul.<\/p>\n<\/p>\n<div class=\"cta-end\">\n<div class=\"im-cta\" >\n<div class=\"im-shortcode-forms bg-light bg-opacity-25 border rounded-4 p-3 p-sm-4 p-md-3 p-lg-4 px-xxl-5 my-5\" data-configuration='{\"form_name\":false,\"form_hat\":\"Newsletter\",\"form_email\":true,\"form_icon\":\"newsletter\",\"form_phone\":false,\"form_campaign\":\"NIM\",\"form_thankyou\":\"\",\"form_journey\":\"APIEvent-26a5198d-8e09-06ef-5f80-cd9127757ad1\",\"form_button\":\"Quero receber\",\"form_context\":\"newsletter\",\"form_origin\":\"https:\\\/\\\/www.infomoney.com.br\\\/politica\\\/feed\\\/?utm_medium=materia&#038;utm_source=infomoney&#038;utm_campaign=NIM&#038;utm_term=economia&#038;utm_content=newsletter\",\"form_position\":\"final\",\"form_category\":\"cta_form\"}'>\n<div class=\"d-flex flex-column align-items-center align-items-lg-start mb-4 flex-lg-row\">\n<div class=\"rounded-circle mb-2 mb-lg-0 mr-lg-4 me-lg-4 p-3 p-lg-4 bg-blue-400\"><svg width=\"40\" height=\"40\" viewBox=\"0 0 40 40\" fill=\"none\" xmlns=\"http:\/\/www.w3.org\/2000\/svg\"><path d=\"M20 20.25 6.042 11.042v19.041c0 .167.048.299.146.396a.535.535 0 0 0 .395.146h15.792V32.5H6.583a2.328 2.328 0 0 1-1.708-.708 2.328 2.328 0 0 1-.708-1.709V9.917c0-.667.236-1.236.708-1.709A2.328 2.328 0 0 1 6.583 7.5h26.834c.666 0 1.236.236 1.708.708a2.33 2.33 0 0 1 .708 1.709v12.458h-1.875V11.042L20 20.25Zm0-2 13.667-8.875H6.333L20 18.25Zm11.75 18.958-1.292-1.333 3.334-3.375h-9v-1.875h9l-3.375-3.417 1.333-1.291 5.667 5.625-5.667 5.666ZM6.042 11.042v20.791-9.458.25-13.25 1.667Z\" fill=\"#fff\"\/><\/svg><\/div>\n<div class=\"flex-fill text-center text-lg-left\">\n<div class=\"h6 small text-orange-700 lh-base mb-1\">Newsletter<\/div>\n<div class=\"text-body h4 m-0\">Infomorning<\/div>\n<div class=\"text-body small lh-base mt-2\">Receba no seu e-mail logo pela manh&atilde; as not&iacute;cias que v&atilde;o mexer com os mercados, com os seus investimentos e o seu bolso durante o dia<\/div>\n<\/div>\n<\/div>\n<\/div>\n<\/div>\n<\/div>\n<p>The post <a rel=\"nofollow noopener\" href=\"https:\/\/www.infomoney.com.br\/economia\/lula-cobra-clareza-de-europeus-sobre-acordo-com-mercosul\/\" target=\"_blank\">Lula cobra clareza de europeus sobre acordo com Mercosul<\/a> appeared first on <a rel=\"nofollow noopener\" href=\"https:\/\/www.infomoney.com.br\/\" target=\"_blank\">InfoMoney<\/a>.<\/p>\n","protected":false},"excerpt":{"rendered":"<p><img loading=\"lazy\" decoding=\"async\" width=\"300\" height=\"200\" src=\"https:\/\/www.infomoney.com.br\/wp-content\/uploads\/2019\/08\/mercosul.jpg?fit=300%2C200&amp;quality=70&amp;strip=all\" class=\"attachment-medium size-medium wp-post-image\" alt=\"\" data-attachment-id=\"690158\" data-permalink=\"https:\/\/www.infomoney.com.br\/mercosul-3\/\" data-orig-file=\"https:\/\/www.infomoney.com.br\/wp-content\/uploads\/2019\/08\/mercosul.jpg?fit=900%2C600&amp;quality=70&amp;strip=all\" data-orig-size=\"900,600\" data-comments-opened=\"1\" data-image-meta='{\"aperture\":\"0\",\"credit\":\"\",\"camera\":\"\",\"caption\":\"\",\"created_timestamp\":\"0\",\"copyright\":\"\",\"focal_length\":\"0\",\"iso\":\"0\",\"shutter_speed\":\"0\",\"title\":\"\",\"orientation\":\"0\"}' data-image-title=\"mercosul\" data-image-description=\"\" data-image-caption=\"\" data-medium-file=\"https:\/\/www.infomoney.com.br\/wp-content\/uploads\/2019\/08\/mercosul.jpg?fit=300%2C200&amp;quality=70&amp;strip=all\" data-large-file=\"https:\/\/www.infomoney.com.br\/wp-content\/uploads\/2019\/08\/mercosul.jpg?fit=900%2C600&amp;quality=70&amp;strip=all\">Presidente teve reuni\u00f5es com l\u00edderes europeus e com Ar\u00e1bia Saudita<\/p>\n<p>The post <a rel=\"nofollow\" href=\"https:\/\/www.infomoney.com.br\/economia\/lula-cobra-clareza-de-europeus-sobre-acordo-com-mercosul\/\">Lula cobra clareza de europeus sobre acordo com Mercosul<\/a> appeared first on <a rel=\"nofollow\" href=\"https:\/\/www.infomoney.com.br\/\">InfoMoney<\/a>.<\/p>\n","protected":false},"author":44,"featured_media":0,"comment_status":"closed","ping_status":"closed","sticky":false,"template":"","format":"standard","meta":{"advgb_blocks_editor_width":"","advgb_blocks_columns_visual_guide":"","footnotes":""},"categories":[69,34,5192,129,110,1473,47],"tags":[35],"class_list":["post-33606","post","type-post","status-publish","format-standard","hentry","category-economia","category-g1","category-g20","category-luiz-inacio-lula-da-silva","category-lula","category-mercosul","category-politica","tag-g1"],"author_meta":{"display_name":"Ag\u00eancia Brasil","author_link":"https:\/\/sindaopcpb.org.br\/author\/agencia-brasil\/"},"featured_img":null,"coauthors":[],"tax_additional":{"categories":{"linked":["<a href=\"https:\/\/sindaopcpb.org.br\/economia\/\" class=\"advgb-post-tax-term\">Economia<\/a>","<a href=\"https:\/\/sindaopcpb.org.br\/g1\/\" class=\"advgb-post-tax-term\">G1<\/a>","<a href=\"https:\/\/sindaopcpb.org.br\/g20\/\" class=\"advgb-post-tax-term\">g20<\/a>","<a href=\"https:\/\/sindaopcpb.org.br\/luiz-inacio-lula-da-silva\/\" class=\"advgb-post-tax-term\">Luiz In\u00e1cio Lula da Silva<\/a>","<a href=\"https:\/\/sindaopcpb.org.br\/lula\/\" class=\"advgb-post-tax-term\">Lula<\/a>","<a href=\"https:\/\/sindaopcpb.org.br\/mercosul\/\" class=\"advgb-post-tax-term\">Mercosul<\/a>","<a href=\"https:\/\/sindaopcpb.org.br\/politica\/\" class=\"advgb-post-tax-term\">POLITICA<\/a>"],"unlinked":["<span class=\"advgb-post-tax-term\">Economia<\/span>","<span class=\"advgb-post-tax-term\">G1<\/span>","<span class=\"advgb-post-tax-term\">g20<\/span>","<span class=\"advgb-post-tax-term\">Luiz In\u00e1cio Lula da Silva<\/span>","<span class=\"advgb-post-tax-term\">Lula<\/span>","<span class=\"advgb-post-tax-term\">Mercosul<\/span>","<span class=\"advgb-post-tax-term\">POLITICA<\/span>"]},"tags":{"linked":["<a href=\"https:\/\/sindaopcpb.org.br\/politica\/\" class=\"advgb-post-tax-term\">g1<\/a>"],"unlinked":["<span class=\"advgb-post-tax-term\">g1<\/span>"]}},"comment_count":"0","relative_dates":{"created":"Publicado 3 anos atr\u00e1s","modified":"Atualizado 3 anos atr\u00e1s"},"absolute_dates":{"created":"Publicado em 10 de setembro de 2023","modified":"Atualizado em 10 de setembro de 2023"},"absolute_dates_time":{"created":"Publicado em 10 de setembro de 2023 11:19","modified":"Atualizado em 10 de setembro de 2023 11:19"},"featured_img_caption":"","series_order":"","_links":{"self":[{"href":"https:\/\/sindaopcpb.org.br\/index.php\/wp-json\/wp\/v2\/posts\/33606","targetHints":{"allow":["GET"]}}],"collection":[{"href":"https:\/\/sindaopcpb.org.br\/index.php\/wp-json\/wp\/v2\/posts"}],"about":[{"href":"https:\/\/sindaopcpb.org.br\/index.php\/wp-json\/wp\/v2\/types\/post"}],"author":[{"embeddable":true,"href":"https:\/\/sindaopcpb.org.br\/index.php\/wp-json\/wp\/v2\/users\/44"}],"replies":[{"embeddable":true,"href":"https:\/\/sindaopcpb.org.br\/index.php\/wp-json\/wp\/v2\/comments?post=33606"}],"version-history":[{"count":2,"href":"https:\/\/sindaopcpb.org.br\/index.php\/wp-json\/wp\/v2\/posts\/33606\/revisions"}],"predecessor-version":[{"id":33658,"href":"https:\/\/sindaopcpb.org.br\/index.php\/wp-json\/wp\/v2\/posts\/33606\/revisions\/33658"}],"wp:attachment":[{"href":"https:\/\/sindaopcpb.org.br\/index.php\/wp-json\/wp\/v2\/media?parent=33606"}],"wp:term":[{"taxonomy":"category","embeddable":true,"href":"https:\/\/sindaopcpb.org.br\/index.php\/wp-json\/wp\/v2\/categories?post=33606"},{"taxonomy":"post_tag","embeddable":true,"href":"https:\/\/sindaopcpb.org.br\/index.php\/wp-json\/wp\/v2\/tags?post=33606"}],"curies":[{"name":"wp","href":"https:\/\/api.w.org\/{rel}","templated":true}]}}