{"id":33592,"date":"2023-09-10T08:48:29","date_gmt":"2023-09-10T11:48:29","guid":{"rendered":"https:\/\/wpa.wscom.com.br\/?p=922203"},"modified":"2023-09-10T08:48:29","modified_gmt":"2023-09-10T11:48:29","slug":"53-dos-brasileiros-aprovam-viagens-de-lula-ao-exterior-segundo-ipec","status":"publish","type":"post","link":"https:\/\/sindaopcpb.org.br\/index.php\/2023\/09\/10\/53-dos-brasileiros-aprovam-viagens-de-lula-ao-exterior-segundo-ipec\/","title":{"rendered":"53% dos brasileiros aprovam viagens de Lula ao exterior, segundo Ipec"},"content":{"rendered":"<p>Para 53% dos brasileiros ouvidos pelo Ipec, as viagens do presidente Lula (PT) ao exterior s\u00e3o positivas e &#8220;ajudam o governo&#8221;, de acordo com n\u00fameros divulgados por Lauro Jardim, do jornal\u00a0<a href=\"https:\/\/oglobo.globo.com\/blogs\/lauro-jardim\/post\/2023\/09\/o-que-os-brasileiros-acham-das-muitas-viagens-de-lula-ao-exterior-segundo-pesquisa-do-ipec.ghtml?utm_source=dlvr.it&amp;utm_medium=twitter\" rel=\"noopener nofollow\" target=\"_blank\">O Globo<\/a>, neste domingo (10). Os que avaliam que as viagens de Lula &#8220;atrapalham&#8221; s\u00e3o 39%. Os que n\u00e3o souberam ou n\u00e3o quiseram responder somam 8%. O levantamento consultou 200 pessoas entre os dias 1 e 5 de setembro.<\/p>\n<p>Desde janeiro, quando iniciou seu terceiro mandato \u00e0 frente da Presid\u00eancia da Rep\u00fablica, Lula j\u00e1 visitou 16 pa\u00edses, tendo ficado 48 dias fora do Brasil.<\/p>\n<p>Neste domingo, por exemplo, Lula est\u00e1 na \u00cdndia, onde participou da C\u00fapula do G20 e recebeu a Presid\u00eancia do grupo. Ele afirmou que o mandato brasileiro estar\u00e1 focado em combater a fome, a desigualdade e as mudan\u00e7as clim\u00e1ticas.<\/p>\n<p>O post <a rel=\"nofollow noopener\" href=\"https:\/\/wscom.com.br\/53-dos-brasileiros-aprovam-viagens-de-lula-ao-exterior-segundo-ipec\/\" target=\"_blank\">53% dos brasileiros aprovam viagens de Lula ao exterior, segundo Ipec<\/a> apareceu primeiro em <a rel=\"nofollow noopener\" href=\"https:\/\/wscom.com.br\/\" target=\"_blank\">WSCOM<\/a>.<\/p>\n","protected":false},"excerpt":{"rendered":"<p>Para 53% dos brasileiros ouvidos pelo Ipec, as viagens do presidente Lula (PT) ao exterior s\u00e3o positivas e \u201cajudam o governo\u201d, de acordo com n\u00fameros divulgados por Lauro Jardim, do jornal\u00a0O Globo, neste domingo (10). Os que avaliam que as viagens de Lula \u201catrapalham\u201d s\u00e3o 39%. Os que n\u00e3o souberam ou n\u00e3o quiseram responder somam [\u2026]<\/p>\n<p>O post <a rel=\"nofollow\" href=\"https:\/\/wscom.com.br\/53-dos-brasileiros-aprovam-viagens-de-lula-ao-exterior-segundo-ipec\/\">53% dos brasileiros aprovam viagens de Lula ao exterior, segundo Ipec<\/a> apareceu primeiro em <a rel=\"nofollow\" href=\"https:\/\/wscom.com.br\/\">WSCOM<\/a>.<\/p>\n","protected":false},"author":58,"featured_media":0,"comment_status":"closed","ping_status":"closed","sticky":false,"template":"","format":"standard","meta":{"advgb_blocks_editor_width":"","advgb_blocks_columns_visual_guide":"","footnotes":""},"categories":[115,60,34,111,493,110,939,418],"tags":[35],"class_list":["post-33592","post","type-post","status-publish","format-standard","hentry","category-brasil","category-brasil-mundo","category-g1","category-internacional","category-ipec","category-lula","category-mundo","category-noticias","tag-g1"],"author_meta":{"display_name":"Juliana Terra","author_link":"https:\/\/sindaopcpb.org.br\/author\/juliana-terra\/"},"featured_img":null,"coauthors":[],"tax_additional":{"categories":{"linked":["<a href=\"https:\/\/sindaopcpb.org.br\/brasil\/\" class=\"advgb-post-tax-term\">Brasil<\/a>","<a href=\"https:\/\/sindaopcpb.org.br\/brasil-mundo\/\" class=\"advgb-post-tax-term\">Brasil \/ Mundo<\/a>","<a href=\"https:\/\/sindaopcpb.org.br\/g1\/\" class=\"advgb-post-tax-term\">G1<\/a>","<a href=\"https:\/\/sindaopcpb.org.br\/internacional\/\" class=\"advgb-post-tax-term\">Internacional<\/a>","<a href=\"https:\/\/sindaopcpb.org.br\/ipec\/\" class=\"advgb-post-tax-term\">ipec<\/a>","<a href=\"https:\/\/sindaopcpb.org.br\/lula\/\" class=\"advgb-post-tax-term\">Lula<\/a>","<a href=\"https:\/\/sindaopcpb.org.br\/mundo\/\" class=\"advgb-post-tax-term\">Mundo<\/a>","<a href=\"https:\/\/sindaopcpb.org.br\/noticias\/\" class=\"advgb-post-tax-term\">Not\u00edcias<\/a>"],"unlinked":["<span class=\"advgb-post-tax-term\">Brasil<\/span>","<span class=\"advgb-post-tax-term\">Brasil \/ Mundo<\/span>","<span class=\"advgb-post-tax-term\">G1<\/span>","<span class=\"advgb-post-tax-term\">Internacional<\/span>","<span class=\"advgb-post-tax-term\">ipec<\/span>","<span class=\"advgb-post-tax-term\">Lula<\/span>","<span class=\"advgb-post-tax-term\">Mundo<\/span>","<span class=\"advgb-post-tax-term\">Not\u00edcias<\/span>"]},"tags":{"linked":["<a href=\"https:\/\/sindaopcpb.org.br\/noticias\/\" class=\"advgb-post-tax-term\">g1<\/a>"],"unlinked":["<span class=\"advgb-post-tax-term\">g1<\/span>"]}},"comment_count":"0","relative_dates":{"created":"Publicado 3 anos atr\u00e1s","modified":"Atualizado 3 anos atr\u00e1s"},"absolute_dates":{"created":"Publicado em 10 de setembro de 2023","modified":"Atualizado em 10 de setembro de 2023"},"absolute_dates_time":{"created":"Publicado em 10 de setembro de 2023 08:48","modified":"Atualizado em 10 de setembro de 2023 08:48"},"featured_img_caption":"","series_order":"","_links":{"self":[{"href":"https:\/\/sindaopcpb.org.br\/index.php\/wp-json\/wp\/v2\/posts\/33592","targetHints":{"allow":["GET"]}}],"collection":[{"href":"https:\/\/sindaopcpb.org.br\/index.php\/wp-json\/wp\/v2\/posts"}],"about":[{"href":"https:\/\/sindaopcpb.org.br\/index.php\/wp-json\/wp\/v2\/types\/post"}],"author":[{"embeddable":true,"href":"https:\/\/sindaopcpb.org.br\/index.php\/wp-json\/wp\/v2\/users\/58"}],"replies":[{"embeddable":true,"href":"https:\/\/sindaopcpb.org.br\/index.php\/wp-json\/wp\/v2\/comments?post=33592"}],"version-history":[{"count":1,"href":"https:\/\/sindaopcpb.org.br\/index.php\/wp-json\/wp\/v2\/posts\/33592\/revisions"}],"predecessor-version":[{"id":33593,"href":"https:\/\/sindaopcpb.org.br\/index.php\/wp-json\/wp\/v2\/posts\/33592\/revisions\/33593"}],"wp:attachment":[{"href":"https:\/\/sindaopcpb.org.br\/index.php\/wp-json\/wp\/v2\/media?parent=33592"}],"wp:term":[{"taxonomy":"category","embeddable":true,"href":"https:\/\/sindaopcpb.org.br\/index.php\/wp-json\/wp\/v2\/categories?post=33592"},{"taxonomy":"post_tag","embeddable":true,"href":"https:\/\/sindaopcpb.org.br\/index.php\/wp-json\/wp\/v2\/tags?post=33592"}],"curies":[{"name":"wp","href":"https:\/\/api.w.org\/{rel}","templated":true}]}}