{"id":33565,"date":"2023-09-09T13:47:51","date_gmt":"2023-09-09T16:47:51","guid":{"rendered":"https:\/\/wpa.wscom.com.br\/?p=922149"},"modified":"2023-09-09T13:47:51","modified_gmt":"2023-09-09T16:47:51","slug":"livro-sobre-trens-estacoes-e-ferroviarios-vai-ser-lancado-na-cbtu-joao-pessoa-dia-13-de-setembro","status":"publish","type":"post","link":"https:\/\/sindaopcpb.org.br\/index.php\/2023\/09\/09\/livro-sobre-trens-estacoes-e-ferroviarios-vai-ser-lancado-na-cbtu-joao-pessoa-dia-13-de-setembro\/","title":{"rendered":"Livro sobre trens, esta\u00e7\u00f5es e ferrovi\u00e1rios vai ser lan\u00e7ado na CBTU Jo\u00e3o Pessoa dia 13 de setembro"},"content":{"rendered":"<p>&nbsp;<\/p>\n<p>&nbsp;<\/p>\n<p>O\u00a0livro\u00a0<strong>Nos Trilhos da Mem\u00f3ria \u2013 pare, olhe, escute<\/strong>\u00a0\u2013 obra sobre trens, esta\u00e7\u00f5es e ferrovi\u00e1rios, ter\u00e1 seu quinto lan\u00e7amento no dia 13 de setembro \u00e0s 10 horas, na CBTU Jo\u00e3o Pessoa, esta\u00e7\u00e3o da Capital. \u201cFa\u00e7a essa viagem imagin\u00e1ria, embarque no trem pelos trilhos de sua mem\u00f3ria afetiva\u201d, convida o autor Jos\u00e9lio Carneiro de Ara\u00fajo, que agradece ao superintendente da CBTU, Paulo Barreto, pelo espa\u00e7o. Na ocasi\u00e3o, um ferrovi\u00e1rio vai tocar sax e outro recitar poemas sobre ferrovias.<\/p>\n<p>Nascido na esta\u00e7\u00e3o de Pau-Ferro, Distrito de Gurinh\u00e9m-PB, a 1\u00ba de setembro de 1961, e, filho, neto e sobrinho de ferrovi\u00e1rios, o autor, Jos\u00e9lio Carneiro de Ara\u00fajo, buscou inspira\u00e7\u00e3o nas suas mem\u00f3rias da inf\u00e2ncia e adolesc\u00eancia vividas no universo das estradas de ferro em Pau-Ferro, Sert\u00e3ozinho, na Para\u00edba e Nova Cruz, no Rio Grande do Norte. Na esta\u00e7\u00e3o de Sert\u00e3ozinho Jos\u00e9lio morou at\u00e9 os seis anos de idade. Seu av\u00f4 paterno era maquinista, o pai e um tio, telegrafistas e agentes de esta\u00e7\u00e3o.<\/p>\n<p>A obra destaca a restaura\u00e7\u00e3o e revitaliza\u00e7\u00e3o das esta\u00e7\u00f5es de Duas Estradas, S\u00e3o Jo\u00e3o do Rio do Peixe, Borborema, Bananeiras, Nova Cruz-RN, dentre outras. E, apela para que os gestores das cidades de Guarabira, Alagoa Grande, Patos, Soledade, Juazeirinho, Campina Grande (esta\u00e7\u00e3o nova), Galente (CG), Pocinhos, Areia de Bara\u00fanas, Malta, recuperem e revitalizem esses patrim\u00f4nios hist\u00f3ricos, tur\u00edsticos e afetivos desses lugares.<\/p>\n<p>A partir do livro Nos Trilhos da Mem\u00f3ria surgiu informalmente o Movimento em Defesa da Mem\u00f3ria e do Patrim\u00f4nio Ferrovi\u00e1rio propondo que a sociedade civil organizada e os poderes p\u00fablicos se engajem numa agenda que salve as esta\u00e7\u00f5es, preservando a hist\u00f3ria das cidades onde por d\u00e9cadas o trem transportou as pessoas e o progresso. Uma sess\u00e3o especial na Assembleia Legislativa ser\u00e1 solicitada para se debater a tem\u00e1tica.<\/p>\n<p>\u201cSe conseguirmos que as parcerias entre o DNIT, o IPHAN, prefeituras, e a sociedade civil recuperem ao menos algumas dessas esta\u00e7\u00f5es, j\u00e1 ter\u00e1 sido uma vit\u00f3ria em benef\u00edcio do turismo cultural e da mem\u00f3ria ferrovi\u00e1ria\u201d, revela o autor Jos\u00e9lio Carneiro de Ara\u00fajo, jornalista, escritor e policial penal<\/p>\n<p>Integram o movimento professores, historiadores, ferrovi\u00e1rios, jornalistas, escritores, alguns secret\u00e1rios municipais de Turismo e Cultura, dentre outros ativistas defensores da causa ferrovi\u00e1ria.<\/p>\n<p>Impresso na Editora Letras e Versos, do Rio de Janeiro, o livro tem suas 224 p\u00e1ginas ilustradas por fotografias, capa de Gabriel Queiroz, fotos de capa e contracapa de Evandro Pereira e Roberto Guedes, diagrama\u00e7\u00e3o de Naudimilson Ricarte e revis\u00e3o de textos de Edileusa Gon\u00e7alves de Ara\u00fajo. Pre\u00e7o: R$ 50,00.<\/p>\n<p>Nos Trilhos da Mem\u00f3ria j\u00e1 foi lan\u00e7ado na Associa\u00e7\u00e3o Paraibana de Imprensa \u2013 API; Centro Cultural Ariano Suassuna (Jo\u00e3o Pessoa); Esta\u00e7\u00e3o de Duas Estradas e Esta\u00e7\u00e3o Velha de Campina Grande. H\u00e1 convites para lan\u00e7amento em Itabaiana e Nova Cruz-RN.<\/p>\n<p>O post <a rel=\"nofollow noopener\" href=\"https:\/\/wscom.com.br\/livro-sobre-trens-estacoes-e-ferroviarios-vai-ser-lancado-na-cbtu-joao-pessoa-dia-13-de-setembro\/\" target=\"_blank\">Livro sobre trens, esta\u00e7\u00f5es e ferrovi\u00e1rios vai ser lan\u00e7ado na CBTU Jo\u00e3o Pessoa dia 13 de setembro<\/a> apareceu primeiro em <a rel=\"nofollow noopener\" href=\"https:\/\/wscom.com.br\/\" target=\"_blank\">WSCOM<\/a>.<\/p>\n","protected":false},"excerpt":{"rendered":"<p>\u00a0 \u00a0 O\u00a0livro\u00a0Nos Trilhos da Mem\u00f3ria \u2013 pare, olhe, escute\u00a0\u2013 obra sobre trens, esta\u00e7\u00f5es e ferrovi\u00e1rios, ter\u00e1 seu quinto lan\u00e7amento no dia 13 de setembro \u00e0s 10 horas, na CBTU Jo\u00e3o Pessoa, esta\u00e7\u00e3o da Capital. \u201cFa\u00e7a essa viagem imagin\u00e1ria, embarque no trem pelos trilhos de sua mem\u00f3ria afetiva\u201d, convida o autor Jos\u00e9lio Carneiro de Ara\u00fajo, [\u2026]<\/p>\n<p>O post <a rel=\"nofollow\" href=\"https:\/\/wscom.com.br\/livro-sobre-trens-estacoes-e-ferroviarios-vai-ser-lancado-na-cbtu-joao-pessoa-dia-13-de-setembro\/\">Livro sobre trens, esta\u00e7\u00f5es e ferrovi\u00e1rios vai ser lan\u00e7ado na CBTU Jo\u00e3o Pessoa dia 13 de setembro<\/a> apareceu primeiro em <a rel=\"nofollow\" href=\"https:\/\/wscom.com.br\/\">WSCOM<\/a>.<\/p>\n","protected":false},"author":42,"featured_media":0,"comment_status":"closed","ping_status":"closed","sticky":false,"template":"","format":"standard","meta":{"advgb_blocks_editor_width":"","advgb_blocks_columns_visual_guide":"","footnotes":""},"categories":[1142,170,8925,34,7459,71,4513,554,8926],"tags":[35],"class_list":["post-33565","post","type-post","status-publish","format-standard","hentry","category-cbtu","category-cultura","category-ferroviarios","category-g1","category-historia","category-joao-pessoa","category-joselio-carneiro","category-livro","category-trens","tag-g1"],"author_meta":{"display_name":"Rafael Andrade","author_link":"https:\/\/sindaopcpb.org.br\/author\/rafael-andrade\/"},"featured_img":null,"coauthors":[],"tax_additional":{"categories":{"linked":["<a href=\"https:\/\/sindaopcpb.org.br\/cbtu\/\" class=\"advgb-post-tax-term\">CBTU<\/a>","<a href=\"https:\/\/sindaopcpb.org.br\/cultura\/\" class=\"advgb-post-tax-term\">Cultura<\/a>","<a href=\"https:\/\/sindaopcpb.org.br\/ferroviarios\/\" class=\"advgb-post-tax-term\">Ferrovi\u00e1rios<\/a>","<a href=\"https:\/\/sindaopcpb.org.br\/g1\/\" class=\"advgb-post-tax-term\">G1<\/a>","<a href=\"https:\/\/sindaopcpb.org.br\/historia\/\" class=\"advgb-post-tax-term\">historia<\/a>","<a href=\"https:\/\/sindaopcpb.org.br\/joao-pessoa\/\" class=\"advgb-post-tax-term\">Jo\u00e3o Pessoa<\/a>","<a href=\"https:\/\/sindaopcpb.org.br\/joselio-carneiro\/\" class=\"advgb-post-tax-term\">Jos\u00e9lio Carneiro<\/a>","<a href=\"https:\/\/sindaopcpb.org.br\/livro\/\" class=\"advgb-post-tax-term\">livro<\/a>","<a href=\"https:\/\/sindaopcpb.org.br\/trens\/\" class=\"advgb-post-tax-term\">trens<\/a>"],"unlinked":["<span class=\"advgb-post-tax-term\">CBTU<\/span>","<span class=\"advgb-post-tax-term\">Cultura<\/span>","<span class=\"advgb-post-tax-term\">Ferrovi\u00e1rios<\/span>","<span class=\"advgb-post-tax-term\">G1<\/span>","<span class=\"advgb-post-tax-term\">historia<\/span>","<span class=\"advgb-post-tax-term\">Jo\u00e3o Pessoa<\/span>","<span class=\"advgb-post-tax-term\">Jos\u00e9lio Carneiro<\/span>","<span class=\"advgb-post-tax-term\">livro<\/span>","<span class=\"advgb-post-tax-term\">trens<\/span>"]},"tags":{"linked":["<a href=\"https:\/\/sindaopcpb.org.br\/trens\/\" class=\"advgb-post-tax-term\">g1<\/a>"],"unlinked":["<span class=\"advgb-post-tax-term\">g1<\/span>"]}},"comment_count":"0","relative_dates":{"created":"Publicado 3 anos atr\u00e1s","modified":"Atualizado 3 anos atr\u00e1s"},"absolute_dates":{"created":"Publicado em 9 de setembro de 2023","modified":"Atualizado em 9 de setembro de 2023"},"absolute_dates_time":{"created":"Publicado em 9 de setembro de 2023 13:47","modified":"Atualizado em 9 de setembro de 2023 13:47"},"featured_img_caption":"","series_order":"","_links":{"self":[{"href":"https:\/\/sindaopcpb.org.br\/index.php\/wp-json\/wp\/v2\/posts\/33565","targetHints":{"allow":["GET"]}}],"collection":[{"href":"https:\/\/sindaopcpb.org.br\/index.php\/wp-json\/wp\/v2\/posts"}],"about":[{"href":"https:\/\/sindaopcpb.org.br\/index.php\/wp-json\/wp\/v2\/types\/post"}],"author":[{"embeddable":true,"href":"https:\/\/sindaopcpb.org.br\/index.php\/wp-json\/wp\/v2\/users\/42"}],"replies":[{"embeddable":true,"href":"https:\/\/sindaopcpb.org.br\/index.php\/wp-json\/wp\/v2\/comments?post=33565"}],"version-history":[{"count":1,"href":"https:\/\/sindaopcpb.org.br\/index.php\/wp-json\/wp\/v2\/posts\/33565\/revisions"}],"predecessor-version":[{"id":33566,"href":"https:\/\/sindaopcpb.org.br\/index.php\/wp-json\/wp\/v2\/posts\/33565\/revisions\/33566"}],"wp:attachment":[{"href":"https:\/\/sindaopcpb.org.br\/index.php\/wp-json\/wp\/v2\/media?parent=33565"}],"wp:term":[{"taxonomy":"category","embeddable":true,"href":"https:\/\/sindaopcpb.org.br\/index.php\/wp-json\/wp\/v2\/categories?post=33565"},{"taxonomy":"post_tag","embeddable":true,"href":"https:\/\/sindaopcpb.org.br\/index.php\/wp-json\/wp\/v2\/tags?post=33565"}],"curies":[{"name":"wp","href":"https:\/\/api.w.org\/{rel}","templated":true}]}}