{"id":33543,"date":"2023-09-09T10:05:36","date_gmt":"2023-09-09T13:05:36","guid":{"rendered":"https:\/\/wpa.wscom.com.br\/?p=922129"},"modified":"2023-09-09T10:05:36","modified_gmt":"2023-09-09T13:05:36","slug":"congresso-de-artes-cidade-viva-vai-oferecer-oito-oficinas-nas-areas-de-danca-teatro-e-musica","status":"publish","type":"post","link":"https:\/\/sindaopcpb.org.br\/index.php\/2023\/09\/09\/congresso-de-artes-cidade-viva-vai-oferecer-oito-oficinas-nas-areas-de-danca-teatro-e-musica\/","title":{"rendered":"Congresso de Artes Cidade Viva vai oferecer oito oficinas nas \u00e1reas de dan\u00e7a, teatro e m\u00fasica"},"content":{"rendered":"<p>&nbsp;<\/p>\n<p>&nbsp;<\/p>\n<p>Oito oficinas pr\u00e1ticas nas \u00e1reas de dan\u00e7a, teatro e m\u00fasica, palestras inspiradoras, al\u00e9m das apresenta\u00e7\u00f5es da Banda Cidade Viva Music, da Cia. Shammah e do minist\u00e9rio de teatro Vida em Cena. Ser\u00e3o quase 10 horas seguidas de imers\u00e3o nas artes. Essa \u00e9 a promessa do Congresso de Artes Cidade Viva, que ser\u00e1 realizado em \u00fanico dia: s\u00e1bado, dia 16 de setembro, no Campus Metropolitano Cidade Viva (BR 101, sa\u00edda de Jo\u00e3o Pessoa).<\/p>\n<p>O Congresso, que tem inscri\u00e7\u00f5es gratuitas, abordar\u00e1 o tema central &#8220;Mais Perto&#8221; e podem ser realizadas por meio do link <a href=\"https:\/\/www.congressodeartescv.com.br\/\" rel=\"nofollow noopener\" target=\"_blank\">https:\/\/www.congressodeartescv.com.br\/<\/a>. A inscri\u00e7\u00e3o gratuita dar\u00e1 direito \u00e0 programa\u00e7\u00e3o completa do Congresso, mas n\u00e3o inclui o transporte e o almo\u00e7o. Para quem optar pelo transporte saindo da Cidade Viva Aeroclube, haver\u00e1 uma taxa para o \u00f4nibus (ida e volta) para o Campus Metropolitano e outra para o almo\u00e7o, no restaurante Ra\u00edzes.<\/p>\n<p><strong>ABEN\u00c7OAR IGREJAS LOCAIS<\/strong> \u2013 Para o diretor executivo de Artes Cidade Viva, S\u00e9rgio Augusto, o Congresso de Artes Cidade Viva deste ano quer aben\u00e7oar as igrejas crist\u00e3s da Para\u00edba, por isso a igreja decidiu que as inscri\u00e7\u00f5es ser\u00e3o gratuitas. O evento \u201cvisa o desenvolvimento do chamado e da miss\u00e3o de cada artista crist\u00e3o. O Congresso permitir\u00e1 o crescimento e capacita\u00e7\u00e3o na \u00e1rea art\u00edstica e integra\u00e7\u00e3o das equipes e minist\u00e9rios de artes. \u00c9 um evento aberto e gratuito para todas as igrejas crist\u00e3s\u201d, reiterou.<\/p>\n<p>O diretor executivo de Artes Cidade Viva lembrou ainda que, al\u00e9m de treinamento e capacita\u00e7\u00e3o nas modalidades de dan\u00e7a, teatro, m\u00fasica e de temas art\u00edsticos diversos, \u201chaver\u00e1 um di\u00e1logo intenso da Arte, da Cultura e do papel do artista crist\u00e3o na sociedade. O Congresso de Artes Cidade Viva \u00e9 destinado aos crist\u00e3os que est\u00e3o envolvidos em minist\u00e9rios de artes nas igrejas e que desejam aprender e conhecer sobre o uso das artes para o reino, mas tamb\u00e9m para aqueles que ainda n\u00e3o tiveram contato ou experi\u00eancia com as artes. A idade m\u00ednima para a participa\u00e7\u00e3o \u00e9 de 12 anos\u201d, frisou.<\/p>\n<p><strong>PROGRAMA\u00c7\u00c3O INTENSA<\/strong> \u2013 O Congresso de Artes, que ter\u00e1 um dia intenso de programa\u00e7\u00e3o, ter\u00e1 na parte da manh\u00e3, do s\u00e1bado de 16 de setembro, apresenta\u00e7\u00f5es da Banda Cidade Viva M\u00fasica, com as suas m\u00fasicas autorais, que t\u00eam contagiado mentes e cora\u00e7\u00f5es; da Cia Shammah, que adora ao Senhor atrav\u00e9s da express\u00e3o corporal; e do minist\u00e9rio Vida em Cena, que tem propagado o Evangelho atrav\u00e9s das artes c\u00eanicas. As apresenta\u00e7\u00f5es art\u00edsticas dos minist\u00e9rios da Cidade Viva ser\u00e3o alternadas com a ministra\u00e7\u00e3o de duas palavras: \u201cO Artista segundo o cora\u00e7\u00e3o de Deus\u201d e a segunda \u201cMais Perto\u201d, que \u00e9 o tema do Congresso deste ano. A programa\u00e7\u00e3o da manh\u00e3 ser\u00e1 encerrada com a palestra do Diretor na Cia. Nissi de S\u00e3o Paulo, Samuel Gon\u00e7alves, sobre \u201cProdu\u00e7\u00e3o de Musicais\u201d.<\/p>\n<p><strong>OITO OFICINAS<\/strong> \u2013 J\u00e1 a programa\u00e7\u00e3o da tarde do Congresso de Artes ser\u00e1 voltada para a ministra\u00e7\u00e3o de oito oficinas pr\u00e1ticas. S\u00e3o elas: Dramaturgia; Composi\u00e7\u00e3o e Arranjo Musical; Dan\u00e7a Lit\u00fargica; Hist\u00f3ria da Arte Crist\u00e3; Gest\u00e3o de Minist\u00e9rios de Teatro; Gest\u00e3o de Minist\u00e9rios da M\u00fasica; Gest\u00e3o de Minist\u00e9rios da Dan\u00e7a; e Evangelismo Criativo, com os preletores: Samuel Gon\u00e7alves, S\u00e9rgio Augusto, Elo\u00edsa Ramos, Bertyza Falc\u00e3o, Vin\u00edcius Vargas, \u00cdcaro Mendes e Marcele Paola.<\/p>\n<p>\u201cSer\u00e1 um evento de muita intensidade com uma programa\u00e7\u00e3o interativa com muito treinamento e capacita\u00e7\u00e3o. Uma verdadeira imers\u00e3o nas artes, al\u00e9m de momentos de louvor, apresenta\u00e7\u00f5es art\u00edsticas, palavras, oficinas e muita presen\u00e7a de Deus. Enfim, ser\u00e1 uma oportunidade de despertar o potencial art\u00edstico de muitos crist\u00e3os que est\u00e3o nas igrejas locais\u201d, apontou S\u00e9rgio Augusto.<\/p>\n<p><strong>SERVI\u00c7O<\/strong><\/p>\n<p><strong>CONGRESSO DE ARTES CIDADE VIVA 2023<\/strong><\/p>\n<p><strong>TEMA: MAIS PERTO<\/strong> &#8211; \u201cMelhor \u00e9 um dia nos teus \u00e1trios do que mil noutro lugar.\u201d (Sl 84:10)<\/p>\n<p><strong>DATA: 16 DE SETEMBRO (S\u00c1BADO)<\/strong><\/p>\n<p><strong>HOR\u00c1RIO: DAS 9H \u00c0S 17H<\/strong><\/p>\n<p><strong>LOCAL:<\/strong> Campus Metropolitano Cidade Viva (km 94 da BR 101 \u2013 sa\u00edda de Jo\u00e3o Pessoa para Recife)<\/p>\n<p><strong>INSCRI\u00c7\u00c3O GRATUITA:<\/strong> <a href=\"https:\/\/www.congressodeartescv.com.br\/\" rel=\"nofollow noopener\" target=\"_blank\">https:\/\/www.congressodeartescv.com.br\/<\/a><\/p>\n<p>O post <a rel=\"nofollow noopener\" href=\"https:\/\/wscom.com.br\/congresso-de-artes-cidade-viva-vai-oferecer-oito-oficinas-nas-areas-de-danca-teatro-e-musica\/\" target=\"_blank\">Congresso de Artes Cidade Viva vai oferecer oito oficinas nas \u00e1reas de dan\u00e7a, teatro e m\u00fasica<\/a> apareceu primeiro em <a rel=\"nofollow noopener\" href=\"https:\/\/wscom.com.br\/\" target=\"_blank\">WSCOM<\/a>.<\/p>\n","protected":false},"excerpt":{"rendered":"<p>\u00a0 \u00a0 Oito oficinas pr\u00e1ticas nas \u00e1reas de dan\u00e7a, teatro e m\u00fasica, palestras inspiradoras, al\u00e9m das apresenta\u00e7\u00f5es da Banda Cidade Viva Music, da Cia. Shammah e do minist\u00e9rio de teatro Vida em Cena. Ser\u00e3o quase 10 horas seguidas de imers\u00e3o nas artes. Essa \u00e9 a promessa do Congresso de Artes Cidade Viva, que ser\u00e1 realizado [\u2026]<\/p>\n<p>O post <a rel=\"nofollow\" href=\"https:\/\/wscom.com.br\/congresso-de-artes-cidade-viva-vai-oferecer-oito-oficinas-nas-areas-de-danca-teatro-e-musica\/\">Congresso de Artes Cidade Viva vai oferecer oito oficinas nas \u00e1reas de dan\u00e7a, teatro e m\u00fasica<\/a> apareceu primeiro em <a rel=\"nofollow\" href=\"https:\/\/wscom.com.br\/\">WSCOM<\/a>.<\/p>\n","protected":false},"author":42,"featured_media":0,"comment_status":"closed","ping_status":"closed","sticky":false,"template":"","format":"standard","meta":{"advgb_blocks_editor_width":"","advgb_blocks_columns_visual_guide":"","footnotes":""},"categories":[8918,8919,170,6820,34,71,302,630,1914],"tags":[35],"class_list":["post-33543","post","type-post","status-publish","format-standard","hentry","category-cidade-viva","category-congresso-de-artes","category-cultura","category-danca","category-g1","category-joao-pessoa","category-musica","category-oficinas","category-teatro","tag-g1"],"author_meta":{"display_name":"Rafael Andrade","author_link":"https:\/\/sindaopcpb.org.br\/author\/rafael-andrade\/"},"featured_img":null,"coauthors":[],"tax_additional":{"categories":{"linked":["<a href=\"https:\/\/sindaopcpb.org.br\/cidade-viva\/\" class=\"advgb-post-tax-term\">cidade viva<\/a>","<a href=\"https:\/\/sindaopcpb.org.br\/congresso-de-artes\/\" class=\"advgb-post-tax-term\">Congresso de Artes<\/a>","<a href=\"https:\/\/sindaopcpb.org.br\/cultura\/\" class=\"advgb-post-tax-term\">Cultura<\/a>","<a href=\"https:\/\/sindaopcpb.org.br\/danca\/\" class=\"advgb-post-tax-term\">Dan\u00e7a<\/a>","<a href=\"https:\/\/sindaopcpb.org.br\/g1\/\" class=\"advgb-post-tax-term\">G1<\/a>","<a href=\"https:\/\/sindaopcpb.org.br\/joao-pessoa\/\" class=\"advgb-post-tax-term\">Jo\u00e3o Pessoa<\/a>","<a href=\"https:\/\/sindaopcpb.org.br\/musica\/\" class=\"advgb-post-tax-term\">M\u00fasica<\/a>","<a href=\"https:\/\/sindaopcpb.org.br\/oficinas\/\" class=\"advgb-post-tax-term\">Oficinas<\/a>","<a href=\"https:\/\/sindaopcpb.org.br\/teatro\/\" class=\"advgb-post-tax-term\">Teatro<\/a>"],"unlinked":["<span class=\"advgb-post-tax-term\">cidade viva<\/span>","<span class=\"advgb-post-tax-term\">Congresso de Artes<\/span>","<span class=\"advgb-post-tax-term\">Cultura<\/span>","<span class=\"advgb-post-tax-term\">Dan\u00e7a<\/span>","<span class=\"advgb-post-tax-term\">G1<\/span>","<span class=\"advgb-post-tax-term\">Jo\u00e3o Pessoa<\/span>","<span class=\"advgb-post-tax-term\">M\u00fasica<\/span>","<span class=\"advgb-post-tax-term\">Oficinas<\/span>","<span class=\"advgb-post-tax-term\">Teatro<\/span>"]},"tags":{"linked":["<a href=\"https:\/\/sindaopcpb.org.br\/teatro\/\" class=\"advgb-post-tax-term\">g1<\/a>"],"unlinked":["<span class=\"advgb-post-tax-term\">g1<\/span>"]}},"comment_count":"0","relative_dates":{"created":"Publicado 3 anos atr\u00e1s","modified":"Atualizado 3 anos atr\u00e1s"},"absolute_dates":{"created":"Publicado em 9 de setembro de 2023","modified":"Atualizado em 9 de setembro de 2023"},"absolute_dates_time":{"created":"Publicado em 9 de setembro de 2023 10:05","modified":"Atualizado em 9 de setembro de 2023 10:05"},"featured_img_caption":"","series_order":"","_links":{"self":[{"href":"https:\/\/sindaopcpb.org.br\/index.php\/wp-json\/wp\/v2\/posts\/33543","targetHints":{"allow":["GET"]}}],"collection":[{"href":"https:\/\/sindaopcpb.org.br\/index.php\/wp-json\/wp\/v2\/posts"}],"about":[{"href":"https:\/\/sindaopcpb.org.br\/index.php\/wp-json\/wp\/v2\/types\/post"}],"author":[{"embeddable":true,"href":"https:\/\/sindaopcpb.org.br\/index.php\/wp-json\/wp\/v2\/users\/42"}],"replies":[{"embeddable":true,"href":"https:\/\/sindaopcpb.org.br\/index.php\/wp-json\/wp\/v2\/comments?post=33543"}],"version-history":[{"count":1,"href":"https:\/\/sindaopcpb.org.br\/index.php\/wp-json\/wp\/v2\/posts\/33543\/revisions"}],"predecessor-version":[{"id":33544,"href":"https:\/\/sindaopcpb.org.br\/index.php\/wp-json\/wp\/v2\/posts\/33543\/revisions\/33544"}],"wp:attachment":[{"href":"https:\/\/sindaopcpb.org.br\/index.php\/wp-json\/wp\/v2\/media?parent=33543"}],"wp:term":[{"taxonomy":"category","embeddable":true,"href":"https:\/\/sindaopcpb.org.br\/index.php\/wp-json\/wp\/v2\/categories?post=33543"},{"taxonomy":"post_tag","embeddable":true,"href":"https:\/\/sindaopcpb.org.br\/index.php\/wp-json\/wp\/v2\/tags?post=33543"}],"curies":[{"name":"wp","href":"https:\/\/api.w.org\/{rel}","templated":true}]}}